{"id":1148,"date":"2025-03-26T17:47:44","date_gmt":"2025-03-26T20:47:44","guid":{"rendered":"https:\/\/consultvida.com.br\/blog\/?p=1148"},"modified":"2026-04-20T17:34:12","modified_gmt":"2026-04-20T20:34:12","slug":"planos-saude-ribeirao-preto","status":"publish","type":"post","link":"https:\/\/consultvida.com.br\/blog\/planos-saude-ribeirao-preto\/","title":{"rendered":"Planos de sa\u00fade em Ribeir\u00e3o Preto (TOP planos de sa\u00fade)"},"content":{"rendered":"\n<p>Existe uma grande variedade de <strong>planos de sa\u00fade em Ribeir\u00e3o Preto<\/strong>, desde planos regionais com excelente custo a planos com rede nacional.<\/p>\n\n\n\n<p>Acima de tudo, os planos de sa\u00fade comercializados na cidade de Ribeir\u00e3o Preto, alinham benef\u00edcios a uma rede premium a sa\u00fade privada.<\/p>\n\n\n\n<p>Fique conosco que voc\u00ea vai entender tudo sobre os conv\u00eanios m\u00e9dicos em Ribeir\u00e3o Preto.<\/p>\n\n\n\n<h3 class=\"wp-block-heading has-dark-blue-color has-text-color\"><a href=\"https:\/\/planosdesauderibeiraopreto.com.br\/\">Planos de Sa\u00fade Ribeir\u00e3o Preto<\/a><\/h3>\n\n\n\n<p>Contratados a partir de 2 vidas pelo CNPJ, os conv\u00eanios m\u00e9dicos empresarial em Ribeir\u00e3o Preto possuem uma variedade de operadoras atuando na regi\u00e3o, para atender as necessidades de empresas de pequeno a grande porte.<\/p>\n\n\n\n<p>Bem como, a cidade possui linhas de conv\u00eanios m\u00e9dicos em Ribeir\u00e3o Preto para empresas que est\u00e3o em busca de uma medicina de ponta, com op\u00e7\u00f5es regionais a pre\u00e7os mais acess\u00edveis.<\/p>\n\n\n\n<h2 class=\"wp-block-heading\">Planos de sa\u00fade em Ribeir\u00e3o Preto (simule em minutos)<\/h2>\n\n\n\n<figure class=\"wp-block-image size-full has-custom-border\"><a href=\"https:\/\/api.whatsapp.com\/send?phone=5511969670055&amp;text=Simular Planos de Sa\u00fade Ribeir\u00e3o Preto\"><img decoding=\"async\" loading=\"lazy\" width=\"1000\" height=\"667\" src=\"https:\/\/consultvida.com.br\/blog\/wp-content\/uploads\/2023\/06\/sirio-einstein.jpg\" alt=\"Simular Planos de sa\u00fade em Ribeir\u00e3o Preto\" class=\"wp-image-2283\" style=\"border-top-left-radius:20px;border-top-right-radius:20px;border-bottom-left-radius:20px;border-bottom-right-radius:20px\" srcset=\"https:\/\/consultvida.com.br\/blog\/wp-content\/uploads\/2023\/06\/sirio-einstein.jpg 1000w, https:\/\/consultvida.com.br\/blog\/wp-content\/uploads\/2023\/06\/sirio-einstein-300x200.jpg 300w, https:\/\/consultvida.com.br\/blog\/wp-content\/uploads\/2023\/06\/sirio-einstein-768x512.jpg 768w\" sizes=\"(max-width: 1000px) 100vw, 1000px\" \/><\/a><\/figure>\n\n\n\n<p>Preencha o formul\u00e1rio abaixo, e receba em seu e-mail em poucos minutos, as tabelas de pre\u00e7os dos planos de sa\u00fade para a cidade de Ribeir\u00e3o Preto.<\/p>\n\n\n\n<p class=\"has-full-white-background-color has-background\"><div class=\"wpforms-container wpforms-container-full\" id=\"wpforms-201\"><form id=\"wpforms-form-201\" class=\"wpforms-validate wpforms-form wpforms-ajax-form\" data-formid=\"201\" method=\"post\" enctype=\"multipart\/form-data\" action=\"\/blog\/wp-json\/wp\/v2\/posts\/1148\" data-token=\"2500eb9109e3bfa6b53987efc720ede6\" data-token-time=\"1777209502\"><noscript class=\"wpforms-error-noscript\">Ative o JavaScript no seu navegador para preencher este formul\u00e1rio.<\/noscript><div class=\"wpforms-field-container\"><div id=\"wpforms-201-field_0-container\" class=\"wpforms-field wpforms-field-name\" data-field-id=\"0\"><label class=\"wpforms-field-label\" for=\"wpforms-201-field_0\">Nome <span class=\"wpforms-required-label\">*<\/span><\/label><div class=\"wpforms-field-row wpforms-field-medium\"><div class=\"wpforms-field-row-block wpforms-first wpforms-one-half\"><input type=\"text\" id=\"wpforms-201-field_0\" class=\"wpforms-field-name-first wpforms-field-required\" name=\"wpforms[fields][0][first]\" required><label for=\"wpforms-201-field_0\" class=\"wpforms-field-sublabel after\">Nome<\/label><\/div><div class=\"wpforms-field-row-block wpforms-one-half\"><input type=\"text\" id=\"wpforms-201-field_0-last\" class=\"wpforms-field-name-last wpforms-field-required\" name=\"wpforms[fields][0][last]\" required><label for=\"wpforms-201-field_0-last\" class=\"wpforms-field-sublabel after\">Sobrenome<\/label><\/div><\/div><\/div><div id=\"wpforms-201-field_1-container\" class=\"wpforms-field wpforms-field-email\" data-field-id=\"1\"><label class=\"wpforms-field-label\" for=\"wpforms-201-field_1\">Email <span class=\"wpforms-required-label\">*<\/span><\/label><input type=\"email\" id=\"wpforms-201-field_1\" class=\"wpforms-field-medium wpforms-field-required\" name=\"wpforms[fields][1]\" spellcheck=\"false\" required><\/div><div id=\"wpforms-201-field_7-container\" class=\"wpforms-field wpforms-field-text\" data-field-id=\"7\"><label class=\"wpforms-field-label\" for=\"wpforms-201-field_7\">Telefone <span class=\"wpforms-required-label\">*<\/span><\/label><input type=\"text\" id=\"wpforms-201-field_7\" class=\"wpforms-field-medium wpforms-field-required\" name=\"wpforms[fields][7]\" required><\/div><div id=\"wpforms-201-field_8-container\" class=\"wpforms-field wpforms-field-text\" data-field-id=\"8\"><label class=\"wpforms-field-label\" for=\"wpforms-201-field_8\">Cidade e Estado <span class=\"wpforms-required-label\">*<\/span><\/label><input type=\"text\" id=\"wpforms-201-field_8\" class=\"wpforms-field-medium wpforms-field-required\" name=\"wpforms[fields][8]\" required><\/div><div id=\"wpforms-201-field_9-container\" class=\"wpforms-field wpforms-field-text\" data-field-id=\"9\"><label class=\"wpforms-field-label\" for=\"wpforms-201-field_9\">Idade das Vidas <span class=\"wpforms-required-label\">*<\/span><\/label><input type=\"text\" id=\"wpforms-201-field_9\" class=\"wpforms-field-medium wpforms-field-required\" name=\"wpforms[fields][9]\" required><\/div><div id=\"wpforms-201-field_11-container\" class=\"wpforms-field wpforms-field-text\" data-field-id=\"11\"><label class=\"wpforms-field-label\" for=\"wpforms-201-field_11\">Informar se \u00e9 plano empresarial ou pessoa f\u00edsica <span class=\"wpforms-required-label\">*<\/span><\/label><input type=\"text\" id=\"wpforms-201-field_11\" class=\"wpforms-field-medium wpforms-field-required\" name=\"wpforms[fields][11]\" required><\/div><div id=\"wpforms-201-field_2-container\" class=\"wpforms-field wpforms-field-textarea\" data-field-id=\"2\"><label class=\"wpforms-field-label\" for=\"wpforms-201-field_2\">Descreva suas necessidades e coment\u00e1rio <span class=\"wpforms-required-label\">*<\/span><\/label><textarea id=\"wpforms-201-field_2\" class=\"wpforms-field-medium wpforms-field-required\" name=\"wpforms[fields][2]\" required><\/textarea><\/div><\/div><!-- .wpforms-field-container --><div class=\"wpforms-submit-container\" ><input type=\"hidden\" name=\"wpforms[id]\" value=\"201\"><input type=\"hidden\" name=\"page_title\" value=\"\"><input type=\"hidden\" name=\"page_url\" value=\"https:\/\/consultvida.com.br\/blog\/wp-json\/wp\/v2\/posts\/1148\"><button type=\"submit\" name=\"wpforms[submit]\" id=\"wpforms-submit-201\" class=\"wpforms-submit\" data-alt-text=\"enviando...\" data-submit-text=\"Enviar\" aria-live=\"assertive\" value=\"wpforms-submit\">Enviar<\/button><img src=\"https:\/\/consultvida.com.br\/blog\/wp-content\/plugins\/wpforms-lite\/assets\/images\/submit-spin.svg\" class=\"wpforms-submit-spinner\" style=\"display: none;\" width=\"26\" height=\"26\" alt=\"Carregando\"><\/div><\/form><\/div>  <!-- .wpforms-container --><\/p>\n\n\n\n<h2 class=\"wp-block-heading\">Quais os 7 planos de sa\u00fade mais vendidos em Ribeir\u00e3o Preto<\/h2>\n\n\n\n<ol type=\"1\">\n<li>SulAm\u00e9rica (linha Exato)<\/li>\n\n\n\n<li>Amil (Top vendas PJ em Ribeir\u00e3o Preto)<\/li>\n\n\n\n<li>Bradesco Sa\u00fade  (linha Top Nacional)<\/li>\n\n\n\n<li>Porto Seguro (linha Bronze)<\/li>\n\n\n\n<li>Ampla (plano PF com ampla rede)<\/li>\n\n\n\n<li>Benevida (Top vendas PF em Ribeir\u00e3o Preto)<\/li>\n\n\n\n<li>Amil One (linha S2500 com S\u00edrio Liban\u00eas e Albert Einstein)<\/li>\n<\/ol>\n\n\n\n<h2 class=\"wp-block-heading\">Tabela de pre\u00e7os do plano de sa\u00fade Porto Seguro e Amil em Ribeir\u00e3o Preto<\/h2>\n\n\n\n<table id=\"tablepress-38\" class=\"tablepress tablepress-id-38\">\n<thead>\n<tr class=\"row-1 odd\">\n\t<th class=\"column-1\">Idades<\/th><th class=\"column-2\">Porto Seguro<\/th><th class=\"column-3\">Amil<\/th>\n<\/tr>\n<\/thead>\n<tbody class=\"row-hover\">\n<tr class=\"row-2 even\">\n\t<td class=\"column-1\">0 a 18 anos<\/td><td class=\"column-2\">R$ 350,04<\/td><td class=\"column-3\">R$ 185,86<\/td>\n<\/tr>\n<tr class=\"row-3 odd\">\n\t<td class=\"column-1\">19 a 23 anos<\/td><td class=\"column-2\">R$ 472,69<\/td><td class=\"column-3\">R$ 217,45<\/td>\n<\/tr>\n<tr class=\"row-4 even\">\n\t<td class=\"column-1\">24 a 28 anos<\/td><td class=\"column-2\">R$ 578,96<\/td><td class=\"column-3\">R$ 265,29<\/td>\n<\/tr>\n<tr class=\"row-5 odd\">\n\t<td class=\"column-1\">29 a 33 anos<\/td><td class=\"column-2\">R$ 659,40<\/td><td class=\"column-3\">R$ 318,35<\/td>\n<\/tr>\n<tr class=\"row-6 even\">\n\t<td class=\"column-1\">34 a 38 anos<\/td><td class=\"column-2\">R$ 714,47<\/td><td class=\"column-3\">R$ 334,27<\/td>\n<\/tr>\n<tr class=\"row-7 odd\">\n\t<td class=\"column-1\">39 a 43 anos<\/td><td class=\"column-2\">R$ 716,16<\/td><td class=\"column-3\">R$ 367,70<\/td>\n<\/tr>\n<tr class=\"row-8 even\">\n\t<td class=\"column-1\">44 a 48 anos<\/td><td class=\"column-2\">R$ 837,80<\/td><td class=\"column-3\">R$ 459,63<\/td>\n<\/tr>\n<tr class=\"row-9 odd\">\n\t<td class=\"column-1\">49 a 53 anos<\/td><td class=\"column-2\">R$ 948,85<\/td><td class=\"column-3\">R$ 505,59<\/td>\n<\/tr>\n<tr class=\"row-10 even\">\n\t<td class=\"column-1\">54 a 58 anos<\/td><td class=\"column-2\">R$ 1.172,38<\/td><td class=\"column-3\">R$ 631,99<\/td>\n<\/tr>\n<tr class=\"row-11 odd\">\n\t<td class=\"column-1\">59 anos ou mais<\/td><td class=\"column-2\">R$ 1.960,87<\/td><td class=\"column-3\">R$ 1.105,98<\/td>\n<\/tr>\n<\/tbody>\n<\/table>\n<!-- #tablepress-38 from cache -->\n\n\n\n<h2 class=\"wp-block-heading\">Quais os 7 melhores planos de sa\u00fade em Ribeir\u00e3o Preto?<\/h2>\n\n\n\n<figure class=\"wp-block-image size-large has-custom-border\"><img decoding=\"async\" loading=\"lazy\" width=\"1024\" height=\"350\" src=\"https:\/\/consultvida.com.br\/blog\/wp-content\/uploads\/2022\/06\/amil-1024x350.jpg\" alt=\"Amil em Ribeir\u00e3o Preto\" class=\"wp-image-216\" style=\"border-top-left-radius:20px;border-top-right-radius:20px;border-bottom-left-radius:20px;border-bottom-right-radius:20px\" srcset=\"https:\/\/consultvida.com.br\/blog\/wp-content\/uploads\/2022\/06\/amil-1024x350.jpg 1024w, https:\/\/consultvida.com.br\/blog\/wp-content\/uploads\/2022\/06\/amil-300x103.jpg 300w, https:\/\/consultvida.com.br\/blog\/wp-content\/uploads\/2022\/06\/amil-768x263.jpg 768w, https:\/\/consultvida.com.br\/blog\/wp-content\/uploads\/2022\/06\/amil-370x126.jpg 370w, https:\/\/consultvida.com.br\/blog\/wp-content\/uploads\/2022\/06\/amil.jpg 1170w\" sizes=\"(max-width: 1024px) 100vw, 1024px\" \/><\/figure>\n\n\n\n<h3 class=\"wp-block-heading\">1- Amil em Ribeir\u00e3o Preto<\/h3>\n\n\n\n<p>Os <strong>planos de sa\u00fade Amil em Ribeir\u00e3o Preto<\/strong> s\u00e3o ideais para clientes que buscam um conv\u00eanio m\u00e9dico de refer\u00eancia. A Amil \u00e9 reconhecida por sua medicina de ponta e por atender os principais hospitais e laborat\u00f3rios da cidade. <\/p>\n\n\n\n<p>Assim, com uma ampla gama de linhas de planos, a Amil oferece desde op\u00e7\u00f5es de entrada, como a Amil S80 regional e planos com cobertura em todo Brasil.<\/p>\n\n\n\n<p>Se voc\u00ea est\u00e1 interessado em um <strong>plano de sa\u00fade Amil em Ribeir\u00e3o Preto<\/strong>, solicite uma cota\u00e7\u00e3o em nosso site. Nossos consultores est\u00e3o preparados para ajud\u00e1-lo a entender cada linha dispon\u00edvel e identificar o plano que melhor atende \u00e0s suas necessidades.<\/p>\n\n\n\n<figure class=\"wp-block-image size-large has-custom-border\"><img decoding=\"async\" loading=\"lazy\" width=\"1024\" height=\"350\" src=\"https:\/\/consultvida.com.br\/blog\/wp-content\/uploads\/2024\/10\/benevida-1024x350.jpg\" alt=\"Benevida em Ribeir\u00e3o Preto\" class=\"wp-image-4994\" style=\"border-top-left-radius:20px;border-top-right-radius:20px;border-bottom-left-radius:20px;border-bottom-right-radius:20px\" srcset=\"https:\/\/consultvida.com.br\/blog\/wp-content\/uploads\/2024\/10\/benevida-1024x350.jpg 1024w, https:\/\/consultvida.com.br\/blog\/wp-content\/uploads\/2024\/10\/benevida-300x103.jpg 300w, https:\/\/consultvida.com.br\/blog\/wp-content\/uploads\/2024\/10\/benevida-768x263.jpg 768w, https:\/\/consultvida.com.br\/blog\/wp-content\/uploads\/2024\/10\/benevida.jpg 1170w\" sizes=\"(max-width: 1024px) 100vw, 1024px\" \/><\/figure>\n\n\n\n<h3 class=\"wp-block-heading\">2- Benevida em Ribeir\u00e3o Preto<\/h3>\n\n\n\n<p>O <strong>plano de sa\u00fade Interm\u00e9dica em Ribeir\u00e3o Preto<\/strong> \u00e9 a escolha l\u00edder em vendas para quem procura planos regionais em Ribeir\u00e3o Preto de alta qualidade.  <\/p>\n\n\n\n<p>Por isso, a Benevida est\u00e1 entre as top de vendas na pessoa f\u00edsica, para fam\u00edlias que visam cuidar da sua sa\u00fade sem depender do SUS a \u00f3timos pre\u00e7os.<\/p>\n\n\n\n<p>Al\u00e9m disso, sua contrata\u00e7\u00e3o \u00e9 muito simples e seu plano de sa\u00fade \u00e9 liberado em poucos dias.<\/p>\n\n\n\n<figure class=\"wp-block-image size-large has-custom-border\"><img decoding=\"async\" loading=\"lazy\" width=\"1024\" height=\"350\" src=\"https:\/\/consultvida.com.br\/blog\/wp-content\/uploads\/2024\/08\/sulamerica-1024x350.jpg\" alt=\"SulAm\u00e9rica em Ribeir\u00e3o Preto\" class=\"wp-image-4271\" style=\"border-top-left-radius:20px;border-top-right-radius:20px;border-bottom-left-radius:20px;border-bottom-right-radius:20px\" srcset=\"https:\/\/consultvida.com.br\/blog\/wp-content\/uploads\/2024\/08\/sulamerica-1024x350.jpg 1024w, https:\/\/consultvida.com.br\/blog\/wp-content\/uploads\/2024\/08\/sulamerica-300x103.jpg 300w, https:\/\/consultvida.com.br\/blog\/wp-content\/uploads\/2024\/08\/sulamerica-768x263.jpg 768w, https:\/\/consultvida.com.br\/blog\/wp-content\/uploads\/2024\/08\/sulamerica.jpg 1170w\" sizes=\"(max-width: 1024px) 100vw, 1024px\" \/><\/figure>\n\n\n\n<h3 class=\"wp-block-heading\">3- SulAm\u00e9rica em Ribeir\u00e3o Preto<\/h3>\n\n\n\n<p>O <strong>plano de sa\u00fade SulAm\u00e9rica em Ribeir\u00e3o Preto<\/strong> \u00e9 uma excelente escolha para quem busca uma operadora com ampla rede de atendimento e cobertura nacional.<\/p>\n\n\n\n<p>Reconhecida pela sua qualidade e confiabilidade, a SulAm\u00e9rica oferece planos que garantem acesso a uma vasta rede de hospitais e cl\u00ednicas, incluindo renomados hospitais da rede D&#8217;Or.<\/p>\n\n\n\n<p>Al\u00e9m da cobertura nacional, s\u00e3o uma op\u00e7\u00e3o especialmente atrativa para aqueles que valorizam o acesso a hospitais de ponta.<\/p>\n\n\n\n<figure class=\"wp-block-image size-large has-custom-border\"><img decoding=\"async\" loading=\"lazy\" width=\"1024\" height=\"350\" src=\"https:\/\/consultvida.com.br\/blog\/wp-content\/uploads\/2024\/08\/bradescosaude-1024x350.jpg\" alt=\"Bradesco em Ribeir\u00e3o Preto\" class=\"wp-image-4273\" style=\"border-top-left-radius:20px;border-top-right-radius:20px;border-bottom-left-radius:20px;border-bottom-right-radius:20px\" srcset=\"https:\/\/consultvida.com.br\/blog\/wp-content\/uploads\/2024\/08\/bradescosaude-1024x350.jpg 1024w, https:\/\/consultvida.com.br\/blog\/wp-content\/uploads\/2024\/08\/bradescosaude-300x103.jpg 300w, https:\/\/consultvida.com.br\/blog\/wp-content\/uploads\/2024\/08\/bradescosaude-768x263.jpg 768w, https:\/\/consultvida.com.br\/blog\/wp-content\/uploads\/2024\/08\/bradescosaude.jpg 1170w\" sizes=\"(max-width: 1024px) 100vw, 1024px\" \/><\/figure>\n\n\n\n<h3 class=\"wp-block-heading\">4- Bradesco em Ribeir\u00e3o Preto<\/h3>\n\n\n\n<p>O <strong>plano de sa\u00fade Bradesco em Ribeir\u00e3o Preto<\/strong> \u00e9 uma op\u00e7\u00e3o segura e confi\u00e1vel para quem busca excel\u00eancia em atendimento m\u00e9dico. <\/p>\n\n\n\n<p>Reconhecido como um dos planos de sa\u00fade mais bem avaliados no Brasil, o Bradesco Sa\u00fade oferece aos seus benefici\u00e1rios acesso a uma ampla rede de hospitais de ponta em todo o pa\u00eds.<\/p>\n\n\n\n<p>Por isso, com cobertura nacional, os clientes podem contar com servi\u00e7os m\u00e9dicos de alta qualidade, independentemente de onde estejam, garantindo tranquilidade e seguran\u00e7a em qualquer situa\u00e7\u00e3o.<\/p>\n\n\n\n<figure class=\"wp-block-image size-large has-custom-border\"><img decoding=\"async\" loading=\"lazy\" width=\"1024\" height=\"350\" src=\"https:\/\/consultvida.com.br\/blog\/wp-content\/uploads\/2024\/08\/portoseguro-1024x350.jpg\" alt=\"Porto Seguro em Ribeir\u00e3o Preto\" class=\"wp-image-4274\" style=\"border-top-left-radius:20px;border-top-right-radius:20px;border-bottom-left-radius:20px;border-bottom-right-radius:20px\" srcset=\"https:\/\/consultvida.com.br\/blog\/wp-content\/uploads\/2024\/08\/portoseguro-1024x350.jpg 1024w, https:\/\/consultvida.com.br\/blog\/wp-content\/uploads\/2024\/08\/portoseguro-300x103.jpg 300w, https:\/\/consultvida.com.br\/blog\/wp-content\/uploads\/2024\/08\/portoseguro-768x263.jpg 768w, https:\/\/consultvida.com.br\/blog\/wp-content\/uploads\/2024\/08\/portoseguro.jpg 1170w\" sizes=\"(max-width: 1024px) 100vw, 1024px\" \/><\/figure>\n\n\n\n<h3 class=\"wp-block-heading\">5- Porto Seguro em Ribeir\u00e3o Preto<\/h3>\n\n\n\n<p>O <strong>plano de sa\u00fade Porto Seguro em Ribeir\u00e3o Preto<\/strong> \u00e9 uma excelente op\u00e7\u00e3o para quem busca qualidade e economia na \u00e1rea da sa\u00fade privada. Embora a Porto Seguro seja tradicionalmente conhecida por sua forte presen\u00e7a no mercado de seguros de autom\u00f3veis, a empresa tem investido significativamente na \u00e1rea da sa\u00fade, oferecendo planos com \u00f3timo custo-benef\u00edcio. <\/p>\n\n\n\n<p>Assim, com uma ampla rede credenciada, os benefici\u00e1rios t\u00eam acesso a uma vasta gama de hospitais, cl\u00ednicas e laborat\u00f3rios, garantindo um atendimento m\u00e9dico de alta qualidade.<\/p>\n\n\n\n<p>Em outras palavras, a <strong>Porto Seguro Sa\u00fade em Ribeir\u00e3o Preto<\/strong> se destaca pela sua capacidade de combinar um atendimento eficiente com pre\u00e7os competitivos.<\/p>\n\n\n\n<figure class=\"wp-block-image size-large has-custom-border\"><img decoding=\"async\" loading=\"lazy\" width=\"1024\" height=\"350\" src=\"https:\/\/consultvida.com.br\/blog\/wp-content\/uploads\/2024\/10\/ampla-1024x350.jpg\" alt=\"Ampla em Ribeir\u00e3o Preto\" class=\"wp-image-4996\" style=\"border-top-left-radius:20px;border-top-right-radius:20px;border-bottom-left-radius:20px;border-bottom-right-radius:20px\" srcset=\"https:\/\/consultvida.com.br\/blog\/wp-content\/uploads\/2024\/10\/ampla-1024x350.jpg 1024w, https:\/\/consultvida.com.br\/blog\/wp-content\/uploads\/2024\/10\/ampla-300x103.jpg 300w, https:\/\/consultvida.com.br\/blog\/wp-content\/uploads\/2024\/10\/ampla-768x263.jpg 768w, https:\/\/consultvida.com.br\/blog\/wp-content\/uploads\/2024\/10\/ampla.jpg 1170w\" sizes=\"(max-width: 1024px) 100vw, 1024px\" \/><\/figure>\n\n\n\n<h3 class=\"wp-block-heading\">6- Ampla em Ribeir\u00e3o Preto<\/h3>\n\n\n\n<p>Est\u00e1 com dificuldades de encontrar um bom plano de sa\u00fade em Ribeir\u00e3o Preto na pessoa f\u00edsica? Saiba que voc\u00ea tem a op\u00e7\u00e3o da Ampla para sua fam\u00edlia.<\/p>\n\n\n\n<p>Ou seja, \u00e9 uma op\u00e7\u00e3o para fam\u00edlias que buscam um plano de sa\u00fade na regi\u00e3o com ampla rede.<\/p>\n\n\n\n<p>Por isso, sua fam\u00edlia agora poder\u00e1 contar com um conv\u00eanio m\u00e9dico exclusivo para a terceira idade.<\/p>\n\n\n\n<figure class=\"wp-block-image has-custom-border\"><img decoding=\"async\" loading=\"lazy\" width=\"1024\" height=\"350\" src=\"https:\/\/consultvida.com.br\/blog\/wp-content\/uploads\/2024\/08\/amilone-1024x350.jpg\" alt=\"Amil One em Ribeir\u00e3o Preto\" class=\"wp-image-4410\" style=\"border-top-left-radius:20px;border-top-right-radius:20px;border-bottom-left-radius:20px;border-bottom-right-radius:20px\" srcset=\"https:\/\/consultvida.com.br\/blog\/wp-content\/uploads\/2024\/08\/amilone-1024x350.jpg 1024w, https:\/\/consultvida.com.br\/blog\/wp-content\/uploads\/2024\/08\/amilone-300x103.jpg 300w, https:\/\/consultvida.com.br\/blog\/wp-content\/uploads\/2024\/08\/amilone-768x263.jpg 768w, https:\/\/consultvida.com.br\/blog\/wp-content\/uploads\/2024\/08\/amilone.jpg 1170w\" sizes=\"(max-width: 1024px) 100vw, 1024px\" \/><\/figure>\n\n\n\n<h3 class=\"wp-block-heading\">7- Amil One em Ribeir\u00e3o Preto<\/h3>\n\n\n\n<p>A&nbsp;<strong><a href=\"https:\/\/consultvida.com.br\/blog\/amil-one\/\">Amil One<\/a><\/strong>&nbsp;\u00e9 uma operadora de sa\u00fade privada no Brasil contratada a partir de 2 vidas pelo CNPJ. Sua principal finalidade por ser uma linha premium, \u00e9 atender a clientes que visam cobertura completa nos hospitais&nbsp;<strong>Albert Einstein<\/strong>&nbsp;e&nbsp;<strong>S\u00edrio Liban\u00eas<\/strong>.<\/p>\n\n\n\n<p>Por isso, os conv\u00eanios m\u00e9dicos Amil One s\u00e3o amplamente reconhecidos como um dos mais desejados do Brasil. Isso se deve \u00e0 sua combina\u00e7\u00e3o de seguran\u00e7a e uma rede premium.<\/p>\n\n\n\n<figure class=\"wp-block-image size-large has-custom-border\"><a href=\"https:\/\/api.whatsapp.com\/send?phone=5511969670055&amp;text=Simular Planos de Sa\u00fade Ribeir\u00e3o Preto\"><img decoding=\"async\" loading=\"lazy\" width=\"1024\" height=\"1024\" src=\"https:\/\/consultvida.com.br\/blog\/wp-content\/uploads\/2024\/11\/1-1024x1024.png\" alt=\"Planos de sa\u00fade MEI em Ribeir\u00e3o Preto\" class=\"wp-image-5219\" style=\"border-top-left-radius:20px;border-top-right-radius:20px;border-bottom-left-radius:20px;border-bottom-right-radius:20px\" srcset=\"https:\/\/consultvida.com.br\/blog\/wp-content\/uploads\/2024\/11\/1-1024x1024.png 1024w, https:\/\/consultvida.com.br\/blog\/wp-content\/uploads\/2024\/11\/1-300x300.png 300w, https:\/\/consultvida.com.br\/blog\/wp-content\/uploads\/2024\/11\/1-768x768.png 768w, https:\/\/consultvida.com.br\/blog\/wp-content\/uploads\/2024\/11\/1.png 1080w\" sizes=\"(max-width: 1024px) 100vw, 1024px\" \/><\/a><\/figure>\n\n\n\n<h2 class=\"wp-block-heading\">Planos de sa\u00fade MEI em Ribeir\u00e3o Preto<\/h2>\n\n\n\n<p>Empreendedores individuais em Ribeir\u00e3o Preto t\u00eam uma vantagem significativa quando se trata de contratar planos de sa\u00fade: o uso do MEI (Microempreendedor Individual).<\/p>\n\n\n\n<p>Assim, o MEI \u00e9 uma categoria especial de formaliza\u00e7\u00e3o no Brasil que oferece in\u00fameros benef\u00edcios fiscais e tribut\u00e1rios.<\/p>\n\n\n\n<p>Um dos principais atrativos para quem atua como MEI \u00e9 a possibilidade de acesso a planos de sa\u00fade empresariais, que costumam ser mais baratos e oferecem um melhor custo-benef\u00edcio em rela\u00e7\u00e3o aos planos individuais.<\/p>\n\n\n\n<p>Ou seja, ao contratar um&nbsp;<strong>plano de sa\u00fade em Ribeir\u00e3o Preto<\/strong>&nbsp;empresarial utilizando o CNPJ do MEI, \u00e9 poss\u00edvel acessar descontos expressivos que podem reduzir o custo em at\u00e9 40%.<\/p>\n\n\n\n<figure class=\"wp-block-image size-full has-custom-border\"><a href=\"https:\/\/api.whatsapp.com\/send?phone=5511969670055&amp;text=Simular Planos de Sa\u00fade Ribeir\u00e3o Preto\"><img decoding=\"async\" loading=\"lazy\" width=\"949\" height=\"942\" src=\"https:\/\/consultvida.com.br\/blog\/wp-content\/uploads\/2024\/10\/planosaudeempresarial.jpg\" alt=\"Vantagens dos planos de sa\u00fade empresarial em Ribeir\u00e3o Preto\" class=\"wp-image-5193\" style=\"border-top-left-radius:20px;border-top-right-radius:20px;border-bottom-left-radius:20px;border-bottom-right-radius:20px\" srcset=\"https:\/\/consultvida.com.br\/blog\/wp-content\/uploads\/2024\/10\/planosaudeempresarial.jpg 949w, https:\/\/consultvida.com.br\/blog\/wp-content\/uploads\/2024\/10\/planosaudeempresarial-300x298.jpg 300w, https:\/\/consultvida.com.br\/blog\/wp-content\/uploads\/2024\/10\/planosaudeempresarial-768x762.jpg 768w\" sizes=\"(max-width: 949px) 100vw, 949px\" \/><\/a><\/figure>\n\n\n\n<h2 class=\"wp-block-heading\">Vantagens dos planos de sa\u00fade empresarial em Ribeir\u00e3o Preto<\/h2>\n\n\n\n<p>Os <strong>planos de sa\u00fade empresariais em Ribeir\u00e3o Preto<\/strong> oferecem diversas vantagens significativas tanto para empresas quanto para funcion\u00e1rios, destacando-se especialmente pela acessibilidade financeira. <\/p>\n\n\n\n<p>Por isso, ao negociar contratos coletivos, as empresas conseguem obter melhores condi\u00e7\u00f5es de pre\u00e7os em compara\u00e7\u00e3o aos planos individuais, resultando em uma economia substancial nos custos com sa\u00fade. <\/p>\n\n\n\n<p>Essa redu\u00e7\u00e3o de custos \u00e9 particularmente atraente para pequenas e m\u00e9dias empresas que buscam oferecer benef\u00edcios competitivos sem comprometer seu or\u00e7amento.<\/p>\n\n\n\n<p>Outro aspecto importante dos <strong>planos de sa\u00fade empresarial em Ribeir\u00e3o Preto<\/strong> \u00e9 seu impacto positivo na reten\u00e7\u00e3o de talentos. Em um mercado de trabalho cada vez mais competitivo, benef\u00edcios como planos de sa\u00fade de qualidade s\u00e3o diferenciais decisivos para atrair e manter os melhores profissionais. <\/p>\n\n\n\n<p>Ou seja, colaboradores valorizam empresas que investem em seu bem-estar, e um bom plano de sa\u00fade \u00e9 um dos benef\u00edcios mais apreciados.<\/p>\n\n\n\n<figure class=\"wp-block-image size-full has-custom-border\"><a href=\"https:\/\/api.whatsapp.com\/send?phone=5511969670055&amp;text=Simular Planos de Sa\u00fade Ribeir\u00e3o Preto\"><img decoding=\"async\" loading=\"lazy\" width=\"943\" height=\"935\" src=\"https:\/\/consultvida.com.br\/blog\/wp-content\/uploads\/2024\/10\/planos-saude-ribeirao-preto.jpg\" alt=\"Plano de sa\u00fade Ribeir\u00e3o Preto\" class=\"wp-image-5242\" style=\"border-top-left-radius:20px;border-top-right-radius:20px;border-bottom-left-radius:20px;border-bottom-right-radius:20px\" srcset=\"https:\/\/consultvida.com.br\/blog\/wp-content\/uploads\/2024\/10\/planos-saude-ribeirao-preto.jpg 943w, https:\/\/consultvida.com.br\/blog\/wp-content\/uploads\/2024\/10\/planos-saude-ribeirao-preto-300x297.jpg 300w, https:\/\/consultvida.com.br\/blog\/wp-content\/uploads\/2024\/10\/planos-saude-ribeirao-preto-768x761.jpg 768w\" sizes=\"(max-width: 943px) 100vw, 943px\" \/><\/a><\/figure>\n\n\n\n<h2 class=\"wp-block-heading\">Plano de sa\u00fade Ribeir\u00e3o Preto<\/h2>\n\n\n\n<p>Que bom que voc\u00ea chegou at\u00e9 aqui, vamos te explicar agora todo passo a passo desde a consulta por um <strong>plano de sa\u00fade em Ribeir\u00e3o Preto<\/strong> at\u00e9 a conclus\u00e3o da implanta\u00e7\u00e3o do seu conv\u00eanio m\u00e9dico.<\/p>\n\n\n\n<p>Para isso, olha abaixo os passos de uma contrata\u00e7\u00e3o segura:<\/p>\n\n\n\n<ul>\n<li>Solicite uma simula\u00e7\u00e3o em nosso site<\/li>\n\n\n\n<li>Nossa equipe de consultores vai te ajudar nas simula\u00e7\u00f5es<\/li>\n\n\n\n<li>Ap\u00f3s defini\u00e7\u00e3o do plano a ser contratado ser\u00e1 necess\u00e1rio o envio da documenta\u00e7\u00e3o<\/li>\n\n\n\n<li>Aguardar a aprova\u00e7\u00e3o da operadora<\/li>\n\n\n\n<li>Pagamento da 1 mensalidade e seu plano de sa\u00fade ser\u00e1 implantado<\/li>\n<\/ul>\n\n\n\n<figure class=\"wp-block-image size-full has-custom-border\"><a href=\"https:\/\/api.whatsapp.com\/send?phone=5511969670055&amp;text=Simular Planos de Sa\u00fade Ribeir\u00e3o Preto\"><img decoding=\"async\" loading=\"lazy\" width=\"946\" height=\"947\" src=\"https:\/\/consultvida.com.br\/blog\/wp-content\/uploads\/2024\/10\/custo-plano-empresarial.jpg\" alt=\"Reduzir seu custo no plano de sa\u00fade em Ribeir\u00e3o Preto\" class=\"wp-image-5192\" style=\"border-top-left-radius:20px;border-top-right-radius:20px;border-bottom-left-radius:20px;border-bottom-right-radius:20px\" srcset=\"https:\/\/consultvida.com.br\/blog\/wp-content\/uploads\/2024\/10\/custo-plano-empresarial.jpg 946w, https:\/\/consultvida.com.br\/blog\/wp-content\/uploads\/2024\/10\/custo-plano-empresarial-300x300.jpg 300w, https:\/\/consultvida.com.br\/blog\/wp-content\/uploads\/2024\/10\/custo-plano-empresarial-768x769.jpg 768w\" sizes=\"(max-width: 946px) 100vw, 946px\" \/><\/a><\/figure>\n\n\n\n<h2 class=\"wp-block-heading\">Reduzir seu custo no plano de sa\u00fade em Ribeir\u00e3o Preto<\/h2>\n\n\n\n<p>Encontrar maneiras eficazes de reduzir o custo para <strong>planos de sa\u00fade em Ribeir\u00e3o Preto<\/strong> \u00e9 uma prioridade para muitos residentes e empresas na regi\u00e3o.<\/p>\n\n\n\n<p>Nesse cen\u00e1rio, a Consult Vida se destaca como uma aliada estrat\u00e9gica, oferecendo um setor especializado dentro da corretora dedicado a auxiliar clientes na otimiza\u00e7\u00e3o de seus gastos com sa\u00fade.<\/p>\n\n\n\n<p>Este servi\u00e7o personalizado \u00e9 projetado para identificar oportunidades de economia, ajustando as coberturas \u00e0s reais necessidades do cliente sem comprometer a qualidade do atendimento. <\/p>\n\n\n\n<p>Por isso, a equipe da Consult Vida analisa detalhadamente o perfil dos benefici\u00e1rios, propondo ajustes que podem incluir desde a altera\u00e7\u00e3o de categorias do plano at\u00e9 a negocia\u00e7\u00e3o de melhores condi\u00e7\u00f5es diretamente com as operadoras. <\/p>\n\n\n\n<p>Ou seja, essa abordagem personalizada tem se provado eficaz na maximiza\u00e7\u00e3o de benef\u00edcios e minimiza\u00e7\u00e3o de custos, proporcionando aos clientes uma solu\u00e7\u00e3o financeira sustent\u00e1vel e equilibrada.<\/p>\n\n\n\n<p>Al\u00e9m disso, a Consult Vida entende que a sa\u00fade financeira de seus clientes \u00e9 t\u00e3o importante quanto a sa\u00fade f\u00edsica. Por isso, o suporte oferecido n\u00e3o se limita apenas \u00e0 redu\u00e7\u00e3o dos custos, mas tamb\u00e9m \u00e0 gest\u00e3o cont\u00ednua do <strong>plano de sa\u00fade em Ribeir\u00e3o Preto<\/strong>.<\/p>\n\n\n\n<figure class=\"wp-block-image size-full has-custom-border\"><img decoding=\"async\" loading=\"lazy\" width=\"900\" height=\"600\" src=\"https:\/\/consultvida.com.br\/blog\/wp-content\/uploads\/2024\/09\/plano-familiar-sp.jpg\" alt=\"reduzir o custo do meu plano de sa\u00fade em Ribeir\u00e3o Preto\" class=\"wp-image-4547\" style=\"border-top-left-radius:20px;border-top-right-radius:20px;border-bottom-left-radius:20px;border-bottom-right-radius:20px\" srcset=\"https:\/\/consultvida.com.br\/blog\/wp-content\/uploads\/2024\/09\/plano-familiar-sp.jpg 900w, https:\/\/consultvida.com.br\/blog\/wp-content\/uploads\/2024\/09\/plano-familiar-sp-300x200.jpg 300w, https:\/\/consultvida.com.br\/blog\/wp-content\/uploads\/2024\/09\/plano-familiar-sp-768x512.jpg 768w\" sizes=\"(max-width: 900px) 100vw, 900px\" \/><\/figure>\n\n\n\n<h2 class=\"wp-block-heading\">Como reduzir o custo do meu plano de sa\u00fade em Ribeir\u00e3o Preto?<\/h2>\n\n\n\n<p>Se sua empresa ou fam\u00edlia j\u00e1 possui um plano de sa\u00fade em Ribeir\u00e3o Preto, mas por motivos de reajustes altos precisa reduzir seu custo, est\u00e1 no lugar certo.<\/p>\n\n\n\n<p>Assim, nossa corretora possui larga experi\u00eancia no mercado de sa\u00fade privada, onde adquirimos uma vantagem perante ao mercado, atrav\u00e9s de um processo de an\u00e1lise e redu\u00e7\u00e3o de custos na \u00e1rea da sa\u00fade.<\/p>\n\n\n\n<p>Nesse sentido, ajudamos diversas fam\u00edlias e empresas em Ribeir\u00e3o Preto, a migrarem seu conv\u00eanio m\u00e9dico, mantendo suas necessidades na \u00e1rea da sa\u00fade, equilibrando seus custos financeiros.<\/p>\n\n\n\n<div class=\"wp-block-columns has-input-field-background-color has-background is-layout-flex wp-container-3\">\n<div class=\"wp-block-column is-layout-flow\" style=\"flex-basis:33.33%\">\n<figure class=\"wp-block-image size-full\"><img decoding=\"async\" loading=\"lazy\" width=\"500\" height=\"450\" src=\"https:\/\/consultvida.com.br\/blog\/wp-content\/uploads\/2022\/07\/planoempresas.jpg\" alt=\"Planos de sa\u00fade para empresas\" class=\"wp-image-644\" srcset=\"https:\/\/consultvida.com.br\/blog\/wp-content\/uploads\/2022\/07\/planoempresas.jpg 500w, https:\/\/consultvida.com.br\/blog\/wp-content\/uploads\/2022\/07\/planoempresas-300x270.jpg 300w, https:\/\/consultvida.com.br\/blog\/wp-content\/uploads\/2022\/07\/planoempresas-370x333.jpg 370w\" sizes=\"(max-width: 500px) 100vw, 500px\" \/><\/figure>\n\n\n\n<p><\/p>\n<\/div>\n\n\n\n<div class=\"wp-block-column is-layout-flow\" style=\"flex-basis:66.66%\">\n<h3 class=\"wp-block-heading\">Plano de Sa\u00fade para empresas em Ribeir\u00e3o Preto<\/h3>\n\n\n\n<p>Para sua empresa que busca a contrata\u00e7\u00e3o de planos empresarial, seja para s\u00f3cios ou funcion\u00e1rios, comercializamos os principais planos em Ribeir\u00e3o Preto.<\/p>\n\n\n\n<p>Em outras palavras, avaliamos a necessidade dos seus colaboradores, visando o melhor custo x benef\u00edcio no conv\u00eanio m\u00e9dico.<\/p>\n<\/div>\n<\/div>\n\n\n\n<div class=\"wp-block-columns has-input-field-background-color has-background is-layout-flex wp-container-6\">\n<div class=\"wp-block-column is-layout-flow\" style=\"flex-basis:33.33%\">\n<figure class=\"wp-block-image size-full\"><img decoding=\"async\" loading=\"lazy\" width=\"500\" height=\"450\" src=\"https:\/\/consultvida.com.br\/blog\/wp-content\/uploads\/2022\/07\/planoformacao.jpg\" alt=\"Plano de Sa\u00fade para diplomados\" class=\"wp-image-1020\" srcset=\"https:\/\/consultvida.com.br\/blog\/wp-content\/uploads\/2022\/07\/planoformacao.jpg 500w, https:\/\/consultvida.com.br\/blog\/wp-content\/uploads\/2022\/07\/planoformacao-300x270.jpg 300w, https:\/\/consultvida.com.br\/blog\/wp-content\/uploads\/2022\/07\/planoformacao-370x333.jpg 370w\" sizes=\"(max-width: 500px) 100vw, 500px\" \/><\/figure>\n\n\n\n<p><\/p>\n<\/div>\n\n\n\n<div class=\"wp-block-column is-layout-flow\" style=\"flex-basis:66.66%\">\n<h3 class=\"wp-block-heading\">Plano de Sa\u00fade para diplomados em Ribeir\u00e3o Preto<\/h3>\n\n\n\n<p>Se voc\u00ea mora em Ribeir\u00e3o Preto e possui alguma forma\u00e7\u00e3o de n\u00edvel superior, temos op\u00e7\u00f5es com tabelas de pre\u00e7os para diplomados.<\/p>\n\n\n\n<p>Assim, avaliamos um plano de sa\u00fade que possa te atender de forma assertiva, com rede de atendimento nos principais Hospitais e Laborat\u00f3rios da regi\u00e3o.<\/p>\n<\/div>\n<\/div>\n\n\n\n<h2 class=\"wp-block-heading\">Como contratar um plano de sa\u00fade em Ribeir\u00e3o Preto?<\/h2>\n\n\n\n<p>A contrata\u00e7\u00e3o de planos de sa\u00fade no Brasil, s\u00e3o feitos atrav\u00e9s de corretoras com cerifica\u00e7\u00e3o na SUSEP, al\u00e9m de possuir parcerias com as operadoras de sa\u00fade para sua comercializa\u00e7\u00e3o.<\/p>\n\n\n\n<p>Portanto, se voc\u00ea est\u00e1 em busca de uma corretora profissional, para te orientar de forma segura e assertiva no seu plano de sa\u00fade em Ribeir\u00e3o Preto, fale com a nossa equipe.<\/p>\n\n\n\n<p>Bem como, a contrata\u00e7\u00e3o de planos de sa\u00fade na cidade de Ribeir\u00e3o Preto, poder\u00e1 ser feito no modelo empresarial, individual ou coletivo por ades\u00e3o.<\/p>\n\n\n\n<p>O munic\u00edpio de Ribeir\u00e3o Preto se tornou um importante e promissor mercado de planos de sa\u00fade, atraindo grandes operadoras e investimentos na \u00e1rea da Sa\u00fade.<\/p>\n\n\n\n<h2 class=\"wp-block-heading\">Conhe\u00e7a alguns Hospitais em Ribeir\u00e3o Preto<\/h2>\n\n\n\n<p>A cidade de Ribeir\u00e3o Preto \u00e9 refer\u00eancia de atendimento na \u00e1rea da sa\u00fade, e possui Hospitais de grande estrutura, al\u00e9m do corpo cl\u00ednico renomado.<\/p>\n\n\n\n<ul>\n<li>HOSPITAL S\u00c3O LUCAS DE RIBEIR\u00c3O PRETO<\/li>\n\n\n\n<li>HOSPITAL S\u00c3O LUCAS RIBEIR\u00c2NIA<\/li>\n\n\n\n<li>HOSPITAL OFTALMOL\u00d3GICO RIBEIR\u00c3O PRETO<\/li>\n\n\n\n<li>HOSPITAL UNIMED RIBEIR\u00c3O PRETO<\/li>\n\n\n\n<li>HOSPITAL FAEPA<\/li>\n\n\n\n<li>SANTA CASA DE MISERIC\u00d3RDIA DE RIBEIR\u00c3O PRETO<\/li>\n<\/ul>\n\n\n\n<h2 class=\"wp-block-heading\">Consultoria para planos de sa\u00fade em Ribeir\u00e3o Preto<\/h2>\n\n\n\n<div class=\"wp-block-columns has-input-field-background-color has-background is-layout-flex wp-container-9\">\n<div class=\"wp-block-column is-layout-flow\" style=\"flex-basis:33.33%\">\n<figure class=\"wp-block-image size-full\"><img decoding=\"async\" loading=\"lazy\" width=\"500\" height=\"450\" src=\"https:\/\/consultvida.com.br\/blog\/wp-content\/uploads\/2022\/08\/atendimento-planos.jpg\" alt=\"Rede de atendimento nos planos de sa\u00fade\" class=\"wp-image-1167\" srcset=\"https:\/\/consultvida.com.br\/blog\/wp-content\/uploads\/2022\/08\/atendimento-planos.jpg 500w, https:\/\/consultvida.com.br\/blog\/wp-content\/uploads\/2022\/08\/atendimento-planos-300x270.jpg 300w, https:\/\/consultvida.com.br\/blog\/wp-content\/uploads\/2022\/08\/atendimento-planos-370x333.jpg 370w\" sizes=\"(max-width: 500px) 100vw, 500px\" \/><\/figure>\n\n\n\n<p><\/p>\n<\/div>\n\n\n\n<div class=\"wp-block-column is-layout-flow\" style=\"flex-basis:66.66%\">\n<h3 class=\"wp-block-heading\">Rede de atendimento<\/h3>\n\n\n\n<p>Como encontrar um plano de sa\u00fade em Ribeir\u00e3o Preto, que possua uma rede credenciada de qualidade pr\u00f3xima a sua localidade?<\/p>\n\n\n\n<p>Juntamente com nossa equipe de consultores, avaliamos e comparamos no mercado as op\u00e7\u00f5es de conv\u00eanios com os Hospitais e Laborat\u00f3rios da sua confian\u00e7a.<\/p>\n<\/div>\n<\/div>\n\n\n\n<div class=\"wp-block-columns has-input-field-background-color has-background is-layout-flex wp-container-12\">\n<div class=\"wp-block-column is-layout-flow\" style=\"flex-basis:33.33%\">\n<figure class=\"wp-block-image size-full\"><img decoding=\"async\" loading=\"lazy\" width=\"500\" height=\"450\" src=\"https:\/\/consultvida.com.br\/blog\/wp-content\/uploads\/2022\/08\/carencias-planos.jpg\" alt=\"Car\u00eancias no conv\u00eanio m\u00e9dico\" class=\"wp-image-1168\" srcset=\"https:\/\/consultvida.com.br\/blog\/wp-content\/uploads\/2022\/08\/carencias-planos.jpg 500w, https:\/\/consultvida.com.br\/blog\/wp-content\/uploads\/2022\/08\/carencias-planos-300x270.jpg 300w, https:\/\/consultvida.com.br\/blog\/wp-content\/uploads\/2022\/08\/carencias-planos-370x333.jpg 370w\" sizes=\"(max-width: 500px) 100vw, 500px\" \/><\/figure>\n\n\n\n<p><\/p>\n<\/div>\n\n\n\n<div class=\"wp-block-column is-layout-flow\" style=\"flex-basis:66.66%\">\n<h3 class=\"wp-block-heading\">Car\u00eancias no conv\u00eanio m\u00e9dico<\/h3>\n\n\n\n<p>Contratar um plano de sa\u00fade sem se atentar as suas car\u00eancias, pode ser um dos principais erros ao fazer uma ades\u00e3o num conv\u00eanio m\u00e9dico em Ribeir\u00e3o Preto.<\/p>\n\n\n\n<p>Por isso, nossa corretora avalia de forma a poder te apresentar, op\u00e7\u00f5es mais seguras para sua contrata\u00e7\u00e3o de planos, que possuam car\u00eancias mais reduzidas.<\/p>\n<\/div>\n<\/div>\n\n\n\n<div class=\"wp-block-columns has-input-field-background-color has-background is-layout-flex wp-container-15\">\n<div class=\"wp-block-column is-layout-flow\" style=\"flex-basis:33.33%\">\n<figure class=\"wp-block-image size-full\"><img decoding=\"async\" loading=\"lazy\" width=\"500\" height=\"450\" src=\"https:\/\/consultvida.com.br\/blog\/wp-content\/uploads\/2022\/08\/valor-planos.jpg\" alt=\"Planos de sa\u00fade mais baratos\" class=\"wp-image-1169\" srcset=\"https:\/\/consultvida.com.br\/blog\/wp-content\/uploads\/2022\/08\/valor-planos.jpg 500w, https:\/\/consultvida.com.br\/blog\/wp-content\/uploads\/2022\/08\/valor-planos-300x270.jpg 300w, https:\/\/consultvida.com.br\/blog\/wp-content\/uploads\/2022\/08\/valor-planos-370x333.jpg 370w\" sizes=\"(max-width: 500px) 100vw, 500px\" \/><\/figure>\n\n\n\n<p><\/p>\n<\/div>\n\n\n\n<div class=\"wp-block-column is-layout-flow\" style=\"flex-basis:66.66%\">\n<h3 class=\"wp-block-heading\">Planos de sa\u00fade mais baratos<\/h3>\n\n\n\n<p>Sem d\u00favida o pre\u00e7o influi muito numa contrata\u00e7\u00e3o para planos de sa\u00fade em Ribeir\u00e3o Preto, onde a escolha certa \u00e9 avaliando o melhor custo x benef\u00edcio.<\/p>\n\n\n\n<p>Em outras palavras, vamos entender qual modelo se encaixa no seu perfil, pois existem formas de baratear seu custo, como na acomoda\u00e7\u00e3o, abrang\u00eancia e coparticipa\u00e7\u00e3o.<\/p>\n<\/div>\n<\/div>\n\n\n\n<div class=\"wp-block-columns has-input-field-background-color has-background is-layout-flex wp-container-18\">\n<div class=\"wp-block-column is-layout-flow\" style=\"flex-basis:33.33%\">\n<figure class=\"wp-block-image size-full\"><img decoding=\"async\" loading=\"lazy\" width=\"500\" height=\"450\" src=\"https:\/\/consultvida.com.br\/blog\/wp-content\/uploads\/2022\/08\/facilidade-planos.jpg\" alt=\"Facilidade na utiliza\u00e7\u00e3o do conv\u00eanio\" class=\"wp-image-1170\" srcset=\"https:\/\/consultvida.com.br\/blog\/wp-content\/uploads\/2022\/08\/facilidade-planos.jpg 500w, https:\/\/consultvida.com.br\/blog\/wp-content\/uploads\/2022\/08\/facilidade-planos-300x270.jpg 300w, https:\/\/consultvida.com.br\/blog\/wp-content\/uploads\/2022\/08\/facilidade-planos-370x333.jpg 370w\" sizes=\"(max-width: 500px) 100vw, 500px\" \/><\/figure>\n\n\n\n<p><\/p>\n<\/div>\n\n\n\n<div class=\"wp-block-column is-layout-flow\" style=\"flex-basis:66.66%\">\n<h3 class=\"wp-block-heading\">Facilidade na utiliza\u00e7\u00e3o do conv\u00eanio<\/h3>\n\n\n\n<p>Quando estamos certos de ter encontrado o plano de sa\u00fade perfeito em Ribeir\u00e3o Preto, n\u00e3o podemos assinar o contrato sem antes conhecer a operadora de sa\u00fade.<\/p>\n\n\n\n<p>Assim, planos de f\u00e1cil utiliza\u00e7\u00e3o s\u00e3o importantes num conv\u00eanio, como por exemplo, a telemedicina, libera\u00e7\u00e3o de exames sem burocracia e aplicativo para consulta da rede.<\/p>\n<\/div>\n<\/div>\n\n\n\n<h2 class=\"wp-block-heading\">A cidade de Ribeir\u00e3o Preto<\/h2>\n\n\n\n<p>Popula\u00e7\u00e3o de Ribeir\u00e3o Preto est\u00e1 entre as maiores do pa\u00eds, com estimativa de 700 mil habitantes, a popula\u00e7\u00e3o de Ribeir\u00e3o Preto \u00e9 uma das que mais cresceram no estado de S\u00e3o Paulo.<\/p>\n\n\n\n<p>A cidade de Ribeir\u00e3o Preto (SP) \u00e9 considerada a Capital Nacional do Agroneg\u00f3cio, devido \u00e0 prosperidade presente na regi\u00e3o.<\/p>\n\n\n\n<p>Assim como, a regi\u00e3o Metropolitana de Ribeir\u00e3o foi respons\u00e1vel pela produ\u00e7\u00e3o de 2,8% do Produto Interno Bruto (PIB) paulista, sendo a 18\u00aa mais populosa e a 17\u00aa com maior PIB do Pa\u00eds.<\/p>\n\n\n\n<p>Na \u00e1rea da sa\u00fade suplementar a cidade de Ribeir\u00e3o Preto possui uma medicina de ponta, com Hospitais e Laborat\u00f3rios de refer\u00eancia no Brasil.<\/p>\n\n\n\n<p>Al\u00e9m disso, a cidade de Ribeir\u00e3o Preto conta com 17 hospitais, 35 unidades de sa\u00fade, de acordo com dados disponibilizados pelo Governo do Estado de S\u00e3o Paulo.<\/p>\n\n\n\n<p>E voc\u00ea que mora em Ribeir\u00e3o Preto, qual sua necessidade e modelo de contrata\u00e7\u00e3o?<\/p>\n\n\n\n<h3 class=\"wp-block-heading has-dark-blue-color has-text-color\">1) Planos de sa\u00fade para empresas em Ribeir\u00e3o Preto<\/h3>\n\n\n\n<p>Caso sua empresa em Ribeir\u00e3o Preto esteja em busca de um conv\u00eanio m\u00e9dico, fale com nossa equipe, atendemos empresas de pequenos portes a grandes corpora\u00e7\u00f5es.<\/p>\n\n\n\n<p>Assim como, temos op\u00e7\u00e3o de consultoria por v\u00eddeo confer\u00eancia, envio de simula\u00e7\u00e3o com detalhamento de rede de atendimento, al\u00e9m de an\u00e1lise de redu\u00e7\u00e3o de custos.<\/p>\n\n\n\n<p>Ou seja, nos adequamos a poder atender sua empresa de forma profissional, seja diretamente em contato com s\u00f3cios ou RH das empresas.<\/p>\n\n\n\n<h3 class=\"wp-block-heading has-dark-blue-color has-text-color\">2) Planos de sa\u00fade para pessoa f\u00edsica em Ribeir\u00e3o Preto<\/h3>\n\n\n\n<p>Se voc\u00ea est\u00e1 em busca de um conv\u00eanio m\u00e9dico em Ribeir\u00e3o Preto no modelo pessoa f\u00edsica, trabalhamos com op\u00e7\u00f5es de planos coletivos por ades\u00e3o.<\/p>\n\n\n\n<p>Assim, analisamos o seu perfil de acordo com sua profiss\u00e3o ou forma\u00e7\u00e3o de n\u00edvel superior, para encontrar tabelas de pre\u00e7os mais em conta, por entidade de classes.<\/p>\n\n\n\n<figure class=\"wp-block-image size-full has-custom-border\"><img decoding=\"async\" loading=\"lazy\" width=\"800\" height=\"533\" src=\"https:\/\/consultvida.com.br\/blog\/wp-content\/uploads\/2023\/07\/convenios9.jpg\" alt=\"Planos de sa\u00fade para empresas em Ribeir\u00e3o Preto\" class=\"wp-image-3014\" style=\"border-top-left-radius:20px;border-top-right-radius:20px;border-bottom-left-radius:20px;border-bottom-right-radius:20px\" srcset=\"https:\/\/consultvida.com.br\/blog\/wp-content\/uploads\/2023\/07\/convenios9.jpg 800w, https:\/\/consultvida.com.br\/blog\/wp-content\/uploads\/2023\/07\/convenios9-300x200.jpg 300w, https:\/\/consultvida.com.br\/blog\/wp-content\/uploads\/2023\/07\/convenios9-768x512.jpg 768w\" sizes=\"(max-width: 800px) 100vw, 800px\" \/><\/figure>\n\n\n\n<h2 class=\"wp-block-heading\">5 Dicas incr\u00edveis para voc\u00ea acertar na escolha do seu plano de sa\u00fade em Ribeir\u00e3o Preto<\/h2>\n\n\n\n<p>Pensando em contratar um bom plano de sa\u00fade em Ribeir\u00e3o Preto, que possa te atender de forma segura aos cuidados com a sua sa\u00fade? vamos te ajudar a avaliar um bom plano.<\/p>\n\n\n\n<p>Desde j\u00e1, ficamos a disposi\u00e7\u00e3o para auxiliar sua empresa ou fam\u00edlia a encontrar o plano ideal, pois nada melhor que ajuda profissional, n\u00e3o \u00e9 mesmo?<\/p>\n\n\n\n<p>Mas vamos aos pontos abaixo que voc\u00ea pode e deve avaliar, de forma a poder encontrar um plano de sa\u00fade bom, mas ao mesmo tempo que possua um valor acess\u00edvel.<\/p>\n\n\n\n<h3 class=\"wp-block-heading has-dark-blue-color has-text-color\">1) Modelo de contrata\u00e7\u00e3o<\/h3>\n\n\n\n<p>A princ\u00edpio, voc\u00ea que est\u00e1 em busca de um plano de sa\u00fade em Ribeir\u00e3o Preto, precisa encontrar o modelo mais em conta, que seria a forma de voc\u00ea aderir a uma operadora.<\/p>\n\n\n\n<p>Assim, para uma contrata\u00e7\u00e3o hoje de um plano de sa\u00fade, voc\u00ea ter\u00e1 a op\u00e7\u00e3o de entrar no formato empresarial, coletivo por ades\u00e3o ou mesmo no individual.<\/p>\n\n\n\n<p>Contudo, para quem possui CNPJ, hoje contratar um plano de sa\u00fade no modelo empresarial, possui alguns benef\u00edcios, em pre\u00e7os e poss\u00edveis car\u00eancias menores.<\/p>\n\n\n\n<h3 class=\"wp-block-heading has-dark-blue-color has-text-color\">2) Acomoda\u00e7\u00e3o do plano de sa\u00fade<\/h3>\n\n\n\n<p>A acomoda\u00e7\u00e3o voc\u00ea tem a op\u00e7\u00e3o de escolher entre enfermaria e apartamento, sendo que essa escolha pode ser uma forma de voc\u00ea economizar no seu plano.<\/p>\n\n\n\n<p>Portanto, se voc\u00ea procura um plano de sa\u00fade em Ribeir\u00e3o Preto e n\u00e3o necessita de uma acomoda\u00e7\u00e3o apartamento, sua mensalidade pode ser bem mais em conta.<\/p>\n\n\n\n<p>Em outras palavras, sua rede de atendimento seria a mesma escolhendo a acomoda\u00e7\u00e3o apartamento ou enfermaria, comparando uma mesma linha de plano.<\/p>\n\n\n\n<h3 class=\"wp-block-heading has-dark-blue-color has-text-color\">3) Cobertura do plano de sa\u00fade<\/h3>\n\n\n\n<p>Aqui \u00e9 onde voc\u00ea deve ter maior aten\u00e7\u00e3o ao contratar planos de sa\u00fade em Ribeir\u00e3o Preto, pois os valores possuem grande diferen\u00e7a quanto a sua cobertura.<\/p>\n\n\n\n<p>Nesse sentido, planos regionais em Ribeir\u00e3o Preto possuem valores bem mais acess\u00edveis comparados as linhas de planos com atendimento em rede nacional.<\/p>\n\n\n\n<p>Por isso, se voc\u00ea procura um plano de sa\u00fade com \u00f3timo custo, e n\u00e3o costuma viajar para outros estados, de prefer\u00eancia aos planos com abrang\u00eancia regional.<\/p>\n\n\n\n<p>Assim, seu custo ser\u00e1 bem menor para aderir a uma sa\u00fade privada, e existem boas op\u00e7\u00f5es de planos regionais em Ribeir\u00e3o Preto, como a SulAm\u00e9rica linha Direto.<\/p>\n\n\n\n<h3 class=\"wp-block-heading has-dark-blue-color has-text-color\">4) Odontol\u00f3gico<\/h3>\n\n\n\n<p>Quando voc\u00ea for contratar um plano de sa\u00fade em Ribeir\u00e3o Preto, verifique se esse plano possui a op\u00e7\u00e3o de incluir o odontol\u00f3gico.<\/p>\n\n\n\n<p>Isso porque, os valores s\u00e3o muito baixos, e voc\u00ea poder\u00e1 ainda incluir esse benef\u00edcio e cuidar da sua sa\u00fade bucal, prevenindo doen\u00e7as.<\/p>\n\n\n\n<p>Al\u00e9m disso, os planos odontol\u00f3gicos possuem cobertura nacional, e atendem boas cl\u00ednicas dent\u00e1rias na regi\u00e3o de Ribeir\u00e3o Preto.<\/p>\n\n\n\n<h3 class=\"wp-block-heading has-dark-blue-color has-text-color\">5) Car\u00eancias<\/h3>\n\n\n\n<p>Esse \u00e9 um ponto muito importante de ser avaliado numa contrata\u00e7\u00e3o de conv\u00eanios m\u00e9dicos em Ribeir\u00e3o Preto, vamos entender sobre as car\u00eancias.<\/p>\n\n\n\n<p>Car\u00eancias nada mais \u00e9 do que um per\u00edodo que voc\u00ea j\u00e1 possui seu plano de sa\u00fade e n\u00e3o consegue utilizar, como por exemplo, para uma interna\u00e7\u00e3o hospitalar.<\/p>\n\n\n\n<p>Por isso, sempre avalie com seu consultor de sa\u00fade, um plano de sa\u00fade com menor tempo de car\u00eancias a cumprir, comparando as operadoras e sua flexibilidade nesse prazo.<\/p>\n\n\n\n<figure class=\"wp-block-image size-full has-custom-border\"><img decoding=\"async\" loading=\"lazy\" width=\"900\" height=\"600\" src=\"https:\/\/consultvida.com.br\/blog\/wp-content\/uploads\/2024\/08\/planosdesaudesp.jpg\" alt=\"D\u00favidas sobre os planos de sa\u00fade em Ribeir\u00e3o Preto\" class=\"wp-image-4610\" style=\"border-top-left-radius:20px;border-top-right-radius:20px;border-bottom-left-radius:20px;border-bottom-right-radius:20px\" srcset=\"https:\/\/consultvida.com.br\/blog\/wp-content\/uploads\/2024\/08\/planosdesaudesp.jpg 900w, https:\/\/consultvida.com.br\/blog\/wp-content\/uploads\/2024\/08\/planosdesaudesp-300x200.jpg 300w, https:\/\/consultvida.com.br\/blog\/wp-content\/uploads\/2024\/08\/planosdesaudesp-768x512.jpg 768w\" sizes=\"(max-width: 900px) 100vw, 900px\" \/><\/figure>\n\n\n\n<h2 class=\"wp-block-heading\">7 D\u00favidas frequentes sobre os planos de sa\u00fade em Ribeir\u00e3o Preto<\/h2>\n\n\n\n<p>Que bom que voc\u00ea chegou at\u00e9 aqui! Abaixo, voc\u00ea encontrar\u00e1 respostas para as d\u00favidas mais comuns de nossos clientes que procuram por&nbsp;<strong>planos de sa\u00fade em Ribeir\u00e3o Preto<\/strong>. Entenda as particularidades das operadoras para fazer a escolha mais assertiva.<\/p>\n\n\n\n<h3 class=\"wp-block-heading has-dark-blue-color has-text-color\">1) Por que contratar conv\u00eanios m\u00e9dicos para empresas em Ribeir\u00e3o Preto com a Consult vida?<\/h3>\n\n\n\n<p>Estamos a muitos anos no mercado, e nossa equipe de consultores conhece a fundo o mercado de planos de sa\u00fade para empresas em Ribeir\u00e3o Preto.<\/p>\n\n\n\n<p>Assim, atuamos de forma a poder oferecer um atendimento personalizado as empresas na cidade de Ribeir\u00e3o Preto, com apoio ao RH da sua empresa nas an\u00e1lises e comparativos no mercado da sa\u00fade privada.<\/p>\n\n\n\n<h3 class=\"wp-block-heading has-dark-blue-color has-text-color\">2) Como contratar sem risco, conv\u00eanios m\u00e9dicos para empresas em Ribeir\u00e3o Preto?<\/h3>\n\n\n\n<p>Primeiramente, \u00e9 importante sua empresa ter um apoio de uma boa corretora, que possa auxiliar sua empresa na melhor escolha do conv\u00eanio m\u00e9dico empresarial.<\/p>\n\n\n\n<p>Bem como, \u00e9 importante ficar atento as operadoras de conv\u00eanios m\u00e9dicos para empresas em Ribeir\u00e3o Preto, procurando sempre avaliar as que possuem maior tempo de mercado e com seu registro ativo na ANS.<\/p>\n\n\n\n<p>Outra dica importante, \u00e9 consultar na internet como est\u00e1 a avalia\u00e7\u00e3o de cada operadora de sa\u00fade na cidade de Ribeir\u00e3o Preto.<\/p>\n\n\n\n<p>Afinal, o pre\u00e7o sem d\u00favida \u00e9 importante, mas al\u00e9m disso, a empresa precisa conseguir encontrar boas operadoras, evitando dores de cabe\u00e7a futuras.<\/p>\n\n\n\n<h3 class=\"wp-block-heading has-dark-blue-color has-text-color\">3) Quais os valores dos conv\u00eanios m\u00e9dicos empresarial em Ribeir\u00e3o Preto?<\/h3>\n\n\n\n<p>Os valores que s\u00e3o praticados pelas operadoras de sa\u00fade em Ribeir\u00e3o Preto, dependem muito da linha de plano escolhida, al\u00e9m claro das idades a serem inclu\u00eddas no plano empresarial.<\/p>\n\n\n\n<p>Quer ter uma ideia dos valores do conv\u00eanios m\u00e9dicos para empresas em Ribeir\u00e3o Preto? <\/p>\n\n\n\n<p>Basta preencher nosso formul\u00e1rio, que nossa equipe de consultores vai poder analisar as melhores op\u00e7\u00f5es e simular os pre\u00e7os para sua empresa.<\/p>\n\n\n\n<h3 class=\"wp-block-heading has-dark-blue-color has-text-color\">4) Posso contratar planos de sa\u00fade em Ribeir\u00e3o Preto pelo MEI?<\/h3>\n\n\n\n<p>Sim, \u00e9 poss\u00edvel contratar planos de sa\u00fade em Ribeir\u00e3o Preto sendo um Microempreendedor Individual (MEI). Os MEIs t\u00eam os mesmos direitos de grandes empresas a poder contar com pre\u00e7os mais acess\u00edveis.<\/p>\n\n\n\n<p>Al\u00e9m disso, os MEIs tamb\u00e9m podem se beneficiar da contrata\u00e7\u00e3o de planos de sa\u00fade coletivos por ades\u00e3o. Esses planos s\u00e3o oferecidos por entidades de classe, associa\u00e7\u00f5es ou sindicatos e podem oferecer condi\u00e7\u00f5es de pre\u00e7o mais vantajosas para os MEIs.<\/p>\n\n\n\n<p>No entanto, \u00e9 importante avaliar cuidadosamente as op\u00e7\u00f5es de planos de sa\u00fade dispon\u00edveis para garantir que voc\u00ea esteja escolhendo um plano que atenda \u00e0s suas necessidades e or\u00e7amento.<\/p>\n\n\n\n<h3 class=\"wp-block-heading has-dark-blue-color has-text-color\">5) Como avaliar a op\u00e7\u00e3o de reembolso nos planos de sa\u00fade em Ribeir\u00e3o Preto?<\/h3>\n\n\n\n<p>Ao avaliar a op\u00e7\u00e3o de reembolso nos planos de sa\u00fade em Ribeir\u00e3o Preto, \u00e9 importante considerar alguns fatores.<\/p>\n\n\n\n<p>Primeiro, \u00e9 preciso verificar qual \u00e9 o valor do reembolso oferecido pelo plano de sa\u00fade. Alguns planos oferecem reembolso integral das despesas m\u00e9dicas e hospitalares, enquanto outros possuem um limite m\u00e1ximo de reembolso por consulta ou procedimento.<\/p>\n\n\n\n<p>Tamb\u00e9m \u00e9 importante verificar quais s\u00e3o as regras e os prazos para solicita\u00e7\u00e3o do reembolso. Alguns planos exigem que o benefici\u00e1rio pague a despesa m\u00e9dica primeiro e depois solicite o reembolso, enquanto outros exigem que o prestador de servi\u00e7o m\u00e9dico envie a fatura diretamente para o plano de sa\u00fade.<\/p>\n\n\n\n<p>Al\u00e9m disso, \u00e9 importante avaliar se o plano de sa\u00fade oferece reembolso para todas as especialidades m\u00e9dicas e procedimentos. Algumas operadoras de planos de sa\u00fade possuem restri\u00e7\u00f5es em rela\u00e7\u00e3o a certos tipos de tratamentos e procedimentos, o que pode limitar a capacidade de reembolso.<\/p>\n\n\n\n<p>Por fim, \u00e9 importante comparar as op\u00e7\u00f5es de planos de sa\u00fade com reembolso com outros planos que n\u00e3o oferecem essa op\u00e7\u00e3o, para avaliar se o custo-benef\u00edcio compensa.<\/p>\n\n\n\n<h3 class=\"wp-block-heading has-dark-blue-color has-text-color\">6) Consigo contratar planos de sa\u00fade em Ribeir\u00e3o Preto para empresas com valor acess\u00edvel?<\/h3>\n\n\n\n<p>Sim, \u00e9 poss\u00edvel contratar planos de sa\u00fade em Ribeir\u00e3o Preto para empresas com valores acess\u00edveis. <\/p>\n\n\n\n<p>Assim, existem diversas operadoras de planos de sa\u00fade que oferecem op\u00e7\u00f5es de planos empresariais com pre\u00e7os competitivos e diversas coberturas.<\/p>\n\n\n\n<p>Uma boa maneira de encontrar planos de sa\u00fade acess\u00edveis para empresas em Ribeir\u00e3o Preto \u00e9 por meio de uma corretora de planos de sa\u00fade. <\/p>\n\n\n\n<p>Esses profissionais podem ajudar a avaliar as necessidades da empresa e encontrar planos que ofere\u00e7am uma boa rela\u00e7\u00e3o custo-benef\u00edcio.<\/p>\n\n\n\n<p>Tamb\u00e9m \u00e9 importante comparar as op\u00e7\u00f5es de planos empresariais de diferentes operadoras de sa\u00fade, avaliando as coberturas, car\u00eancias, redes credenciadas e valores de mensalidade.<\/p>\n\n\n\n<p>Bem como, algumas operadoras oferecem descontos para empresas que possuem um n\u00famero maior de benefici\u00e1rios no plano de sa\u00fade.<\/p>\n\n\n\n<h3 class=\"wp-block-heading has-dark-blue-color has-text-color\">7) Posso incluir meus dependentes nos planos de sa\u00fade empresarial em Ribeir\u00e3o Preto?<\/h3>\n\n\n\n<p>Sim, voc\u00ea pode incluir seus dependentes nos planos de sa\u00fade empresarial em Ribeir\u00e3o Preto, desde que isso esteja previsto nas regras do plano e que os dependentes sejam eleg\u00edveis de acordo com os crit\u00e9rios estabelecidos.<\/p>\n\n\n\n<p>Em geral, os planos empresariais costumam permitir a inclus\u00e3o de c\u00f4njuges e filhos como dependentes, mas \u00e9 importante verificar as condi\u00e7\u00f5es espec\u00edficas do seu plano para ter certeza.<\/p>\n\n\n\n<p>Al\u00e9m disso, as empresas podem estabelecer pol\u00edticas pr\u00f3prias de inclus\u00e3o de dependentes no plano de sa\u00fade, por isso \u00e9 sempre importante verificar as regras da empresa em rela\u00e7\u00e3o a isso.<\/p>\n\n\n\n<figure class=\"wp-block-image size-full has-custom-border\"><img decoding=\"async\" loading=\"lazy\" width=\"900\" height=\"600\" src=\"https:\/\/consultvida.com.br\/blog\/wp-content\/uploads\/2023\/07\/planodesaude12.jpg\" alt=\"planos de sa\u00fade em Ribeir\u00e3o Preto para empresas\" class=\"wp-image-4794\" style=\"border-top-left-radius:20px;border-top-right-radius:20px;border-bottom-left-radius:20px;border-bottom-right-radius:20px\" srcset=\"https:\/\/consultvida.com.br\/blog\/wp-content\/uploads\/2023\/07\/planodesaude12.jpg 900w, https:\/\/consultvida.com.br\/blog\/wp-content\/uploads\/2023\/07\/planodesaude12-300x200.jpg 300w, https:\/\/consultvida.com.br\/blog\/wp-content\/uploads\/2023\/07\/planodesaude12-768x512.jpg 768w\" sizes=\"(max-width: 900px) 100vw, 900px\" \/><\/figure>\n\n\n\n<h2 class=\"wp-block-heading\">4 Vantagens dos planos de sa\u00fade em Ribeir\u00e3o Preto com coparticipa\u00e7\u00e3o<\/h2>\n\n\n\n<p>Os planos de sa\u00fade com coparticipa\u00e7\u00e3o em Ribeir\u00e3o Preto oferecem algumas vantagens para empresas. Confira algumas delas:<\/p>\n\n\n\n<h3 class=\"wp-block-heading has-dark-blue-color has-text-color\">1) Redu\u00e7\u00e3o de custos<\/h3>\n\n\n\n<p>Ao optar por um plano de sa\u00fade com coparticipa\u00e7\u00e3o, as empresas conseguem reduzir seus custos com o benef\u00edcio, j\u00e1 que os funcion\u00e1rios passam a ter uma responsabilidade financeira maior sobre os servi\u00e7os que utilizam.<\/p>\n\n\n\n<h3 class=\"wp-block-heading has-dark-blue-color has-text-color\">2) Est\u00edmulo \u00e0 preven\u00e7\u00e3o<\/h3>\n\n\n\n<p>Com a cobran\u00e7a de uma taxa a cada utiliza\u00e7\u00e3o do plano de sa\u00fade, os funcion\u00e1rios tendem a se tornar mais conscientes em rela\u00e7\u00e3o \u00e0 sua sa\u00fade e a utilizar os servi\u00e7os apenas quando necess\u00e1rio. Isso pode estimular a preven\u00e7\u00e3o de doen\u00e7as e reduzir a incid\u00eancia de consultas e procedimentos desnecess\u00e1rios.<\/p>\n\n\n\n<h3 class=\"wp-block-heading has-dark-blue-color has-text-color\">3) Personaliza\u00e7\u00e3o do plano<\/h3>\n\n\n\n<p>Com a coparticipa\u00e7\u00e3o, as empresas podem personalizar o plano de sa\u00fade de acordo com as necessidades de cada funcion\u00e1rio. Isso significa que os funcion\u00e1rios podem escolher servi\u00e7os e coberturas de acordo com suas necessidades e or\u00e7amento, o que pode tornar o plano mais atraente.<\/p>\n\n\n\n<h3 class=\"wp-block-heading has-dark-blue-color has-text-color\">4) Melhor controle financeiro<\/h3>\n\n\n\n<p>Com a coparticipa\u00e7\u00e3o, as empresas conseguem ter um melhor controle financeiro sobre o benef\u00edcio de sa\u00fade, j\u00e1 que o valor a ser pago \u00e9 vari\u00e1vel de acordo com o uso do plano. Isso pode ajudar a evitar surpresas financeiras e a equilibrar as contas da empresa.<\/p>\n\n\n\n<p>\u00c9 importante ressaltar que, para aproveitar todas as vantagens dos planos de sa\u00fade com coparticipa\u00e7\u00e3o, \u00e9 fundamental escolher um plano que atenda \u00e0s necessidades da empresa e dos funcion\u00e1rios, e que tenha uma rede de prestadores de servi\u00e7os adequada em Ribeir\u00e3o Preto.<\/p>\n\n\n\n<figure class=\"wp-block-image size-full has-custom-border\"><img decoding=\"async\" loading=\"lazy\" width=\"572\" height=\"611\" src=\"https:\/\/consultvida.com.br\/blog\/wp-content\/uploads\/2024\/10\/planos-saude-sp-1.jpg\" alt=\"planos de sa\u00fade Ribeir\u00e3o Preto\" class=\"wp-image-4906\" style=\"border-top-left-radius:20px;border-top-right-radius:20px;border-bottom-left-radius:20px;border-bottom-right-radius:20px\" srcset=\"https:\/\/consultvida.com.br\/blog\/wp-content\/uploads\/2024\/10\/planos-saude-sp-1.jpg 572w, https:\/\/consultvida.com.br\/blog\/wp-content\/uploads\/2024\/10\/planos-saude-sp-1-281x300.jpg 281w\" sizes=\"(max-width: 572px) 100vw, 572px\" \/><\/figure>\n\n\n\n<h2 class=\"wp-block-heading\">Tudo sobre planos de sa\u00fade Ribeir\u00e3o Preto: o que \u00e9, evolu\u00e7\u00e3o, principais modelos e escolhas mais assertivas<\/h2>\n\n\n\n<p>Os <strong>planos de sa\u00fade em Ribeir\u00e3o Preto<\/strong> oferecem \u00e0s empresas e fam\u00edlias a oportunidade de cuidar da sua sa\u00fade sem depender do SUS, garantindo um atendimento r\u00e1pido e com rede qualificada. <\/p>\n\n\n\n<p>Bem como, entender as regras comerciais das operadoras e compreender as op\u00e7\u00f5es dispon\u00edveis \u00e9 essencial para escolher um <strong>conv\u00eanio m\u00e9dico em Ribeir\u00e3o Preto<\/strong>. <\/p>\n\n\n\n<p>Assim, agora vamos te explicar tudo o que voc\u00ea precisa saber sobre planos de sa\u00fade em Ribeir\u00e3o Preto, fique conosco na leitura abaixo.<\/p>\n\n\n\n<figure class=\"wp-block-image aligncenter size-full\"><img decoding=\"async\" loading=\"lazy\" width=\"323\" height=\"305\" src=\"https:\/\/consultvida.com.br\/blog\/wp-content\/uploads\/2024\/10\/planos-saude-ribeiraopreto-1.png\" alt=\"O que \u00e9 um plano de sa\u00fade\" class=\"wp-image-4832\" srcset=\"https:\/\/consultvida.com.br\/blog\/wp-content\/uploads\/2024\/10\/planos-saude-ribeiraopreto-1.png 323w, https:\/\/consultvida.com.br\/blog\/wp-content\/uploads\/2024\/10\/planos-saude-ribeiraopreto-1-300x283.png 300w\" sizes=\"(max-width: 323px) 100vw, 323px\" \/><\/figure>\n\n\n\n<h3 class=\"wp-block-heading has-text-align-center has-dark-blue-color has-text-color\">1- O que \u00e9 um plano de sa\u00fade Ribeir\u00e3o Preto?<\/h3>\n\n\n\n<p>Um <strong>plano de sa\u00fade Ribeir\u00e3o Preto<\/strong> \u00e9 a op\u00e7\u00e3o de ades\u00e3o a um contrato com uma operadora de sa\u00fade privada, aliado a uma rede ampla de cobertura. <\/p>\n\n\n\n<p>Por isso, voc\u00ea n\u00e3o vai mais precisar depender do Sistema \u00danico de Sa\u00fade (SUS), proporcionando acesso r\u00e1pido e de qualidade aos cuidados a sua sa\u00fade. Principais caracter\u00edsticas:<\/p>\n\n\n\n<ul>\n<li>Prote\u00e7\u00e3o financeira: Resguarda voc\u00ea e sua fam\u00edlia contra despesas m\u00e9dicas inesperadas e potencialmente elevadas.<\/li>\n\n\n\n<li>Rede credenciada: Oferece acesso a uma ampla gama de hospitais, cl\u00ednicas, laborat\u00f3rios e profissionais de sa\u00fade de sua escolha.<\/li>\n\n\n\n<li>Agilidade no atendimento: Reduz significativamente o tempo de espera para consultas, exames e procedimentos m\u00e9dicos.<\/li>\n<\/ul>\n\n\n\n<figure class=\"wp-block-image aligncenter size-full\"><img decoding=\"async\" loading=\"lazy\" width=\"323\" height=\"305\" src=\"https:\/\/consultvida.com.br\/blog\/wp-content\/uploads\/2024\/10\/planos-saude-osasco-1.png\" alt=\"Evolu\u00e7\u00e3o dos planos de sa\u00fade\" class=\"wp-image-4831\" srcset=\"https:\/\/consultvida.com.br\/blog\/wp-content\/uploads\/2024\/10\/planos-saude-osasco-1.png 323w, https:\/\/consultvida.com.br\/blog\/wp-content\/uploads\/2024\/10\/planos-saude-osasco-1-300x283.png 300w\" sizes=\"(max-width: 323px) 100vw, 323px\" \/><\/figure>\n\n\n\n<h3 class=\"wp-block-heading has-text-align-center has-dark-blue-color has-text-color\">2- Evolu\u00e7\u00e3o dos planos de sa\u00fade Ribeir\u00e3o Preto<\/h3>\n\n\n\n<p>A evolu\u00e7\u00e3o dos <strong>planos de sa\u00fade em Ribeir\u00e3o Preto<\/strong> tem sido marcada por significativas melhorias nos \u00faltimos anos. O que mudou nos \u00faltimos anos?<\/p>\n\n\n\n<h4 class=\"wp-block-heading has-dark-blue-color has-text-color\">2.1- Digitaliza\u00e7\u00e3o do Processo de Contrata\u00e7\u00e3o:<\/h4>\n\n\n\n<p>O processo de contrata\u00e7\u00e3o de planos de sa\u00fade passou por uma transforma\u00e7\u00e3o radical. O que antes era um procedimento burocr\u00e1tico e demorado, agora se tornou totalmente digital e online. Esta mudan\u00e7a trouxe diversos benef\u00edcios:<\/p>\n\n\n\n<ul>\n<li>Documenta\u00e7\u00e3o digital: Toda a papelada necess\u00e1ria pode ser enviada eletronicamente.<\/li>\n\n\n\n<li>Declara\u00e7\u00f5es de sa\u00fade online: O preenchimento destes importantes documentos agora \u00e9 feito de forma r\u00e1pida e segura pela internet.<\/li>\n\n\n\n<li>Assinatura eletr\u00f4nica: A formaliza\u00e7\u00e3o do contrato ocorre digitalmente, eliminando a necessidade de deslocamentos.<\/li>\n<\/ul>\n\n\n\n<p>Essa moderniza\u00e7\u00e3o resultou em uma implanta\u00e7\u00e3o muito mais r\u00e1pida e eficiente dos conv\u00eanios, proporcionando maior comodidade aos clientes e agilidade \u00e0s operadoras.<\/p>\n\n\n\n<h4 class=\"wp-block-heading has-dark-blue-color has-text-color\">2.2- Amplia\u00e7\u00e3o de coberturas pela ANS:<\/h4>\n\n\n\n<p>A Ag\u00eancia Nacional de Sa\u00fade Suplementar (ANS) tem desempenhado um papel crucial na evolu\u00e7\u00e3o dos <strong>planos de sa\u00fade em Ribeir\u00e3o Preto<\/strong>, implementando novas determina\u00e7\u00f5es que expandem significativamente o escopo de atendimento:<\/p>\n\n\n\n<p>Novos procedimentos obrigat\u00f3rios: A ANS regularmente atualiza a lista de procedimentos que devem ser cobertos pelos planos de sa\u00fade, garantindo que os usu\u00e1rios tenham acesso a tratamentos mais modernos e eficazes.<\/p>\n\n\n\n<p>Remo\u00e7\u00e3o de limites para terapias: Uma das mudan\u00e7as mais impactantes foi a elimina\u00e7\u00e3o do limite de sess\u00f5es para diversos tipos de terapias, permitindo que os pacientes recebam o tratamento necess\u00e1rio sem restri\u00e7\u00f5es arbitr\u00e1rias.<\/p>\n\n\n\n<figure class=\"wp-block-image aligncenter size-full\"><img decoding=\"async\" loading=\"lazy\" width=\"323\" height=\"305\" src=\"https:\/\/consultvida.com.br\/blog\/wp-content\/uploads\/2024\/10\/planos-saude-sorocaba-1.png\" alt=\"modelos de contrata\u00e7\u00e3o dos planos de sa\u00fade\" class=\"wp-image-4827\" srcset=\"https:\/\/consultvida.com.br\/blog\/wp-content\/uploads\/2024\/10\/planos-saude-sorocaba-1.png 323w, https:\/\/consultvida.com.br\/blog\/wp-content\/uploads\/2024\/10\/planos-saude-sorocaba-1-300x283.png 300w\" sizes=\"(max-width: 323px) 100vw, 323px\" \/><\/figure>\n\n\n\n<h3 class=\"wp-block-heading has-text-align-center has-dark-blue-color has-text-color\">3- Modelos de contrata\u00e7\u00e3o para planos em Ribeir\u00e3o Preto<\/h3>\n\n\n\n<p>Para quem busca por <strong>planos de sa\u00fade em Ribeir\u00e3o Preto<\/strong>, \u00e9 importante entender os modelos dispon\u00edveis no mercado, pois isso pode ser sim um fator determinante no pre\u00e7o.<\/p>\n\n\n\n<p>Empresarial: modelo contratado para quem possui CNPJ, seja ele para s\u00f3cios ou mesmo os funcion\u00e1rios da empresa, sendo hoje o modelo mais barato do mercado.<\/p>\n\n\n\n<p>Individual: contratados para pessoa f\u00edsica diretamente junto a operadora com seu reajuste limitado ao \u00edndice na ANS.<\/p>\n\n\n\n<p>Coletivos por ades\u00e3o: s\u00e3o feitos por interm\u00e9dio de administradoras de benef\u00edcios, como por exemplo, a Qualicorp e Allcare, sendo esses planos o titular precisa se vincular a uma entidade de classe.<\/p>\n\n\n\n<figure class=\"wp-block-image aligncenter size-full\"><img decoding=\"async\" loading=\"lazy\" width=\"323\" height=\"305\" src=\"https:\/\/consultvida.com.br\/blog\/wp-content\/uploads\/2024\/10\/planos-saude-campinas.png\" alt=\"como escolher os planos de sa\u00fade\" class=\"wp-image-4813\" srcset=\"https:\/\/consultvida.com.br\/blog\/wp-content\/uploads\/2024\/10\/planos-saude-campinas.png 323w, https:\/\/consultvida.com.br\/blog\/wp-content\/uploads\/2024\/10\/planos-saude-campinas-300x283.png 300w\" sizes=\"(max-width: 323px) 100vw, 323px\" \/><\/figure>\n\n\n\n<h3 class=\"wp-block-heading has-text-align-center has-dark-blue-color has-text-color\">4- Escolhas mais assertivas para planos de sa\u00fade Ribeir\u00e3o Preto<\/h3>\n\n\n\n<p>Acredito que seja a cereja do bolo voc\u00ea poder contar com uma corretora experiente.<\/p>\n\n\n\n<p>Ou seja, junto com seu corretor de confian\u00e7a, voc\u00ea deve analisar os detalhes de cada operadora. N\u00e3o deixe de tirar todas suas d\u00favidas com seu corretor antes de assinar um contrato.<\/p>\n\n\n\n<p>Logicamente, um plano de sa\u00fade ideal deve ter uma rede pr\u00f3xima a sua resid\u00eancia, com car\u00eancias menores e ainda assim um pre\u00e7o que caiba no seu or\u00e7amento. N\u00e3o \u00e9 mesmo?<\/p>\n\n\n\n<p>Al\u00e9m disso, verificar a qualidade da operadora, suas reclama\u00e7\u00f5es e ainda quais benef\u00edcios agregados o conv\u00eanio vai te oferecer. E voc\u00ea pode contar ainda com nosso apoio pois temos expertise em <strong>conv\u00eanios m\u00e9dicos em Ribeir\u00e3o Preto<\/strong>.<\/p>\n\n\n\n<figure class=\"wp-block-image size-full has-custom-border\"><img decoding=\"async\" loading=\"lazy\" width=\"900\" height=\"601\" src=\"https:\/\/consultvida.com.br\/blog\/wp-content\/uploads\/2024\/08\/susto-saude.jpg\" alt=\"Contratei errado meu plano de sa\u00fade em Ribeir\u00e3o Preto\" class=\"wp-image-5035\" style=\"border-top-left-radius:20px;border-top-right-radius:20px;border-bottom-left-radius:20px;border-bottom-right-radius:20px\" srcset=\"https:\/\/consultvida.com.br\/blog\/wp-content\/uploads\/2024\/08\/susto-saude.jpg 900w, https:\/\/consultvida.com.br\/blog\/wp-content\/uploads\/2024\/08\/susto-saude-300x200.jpg 300w, https:\/\/consultvida.com.br\/blog\/wp-content\/uploads\/2024\/08\/susto-saude-768x513.jpg 768w\" sizes=\"(max-width: 900px) 100vw, 900px\" \/><\/figure>\n\n\n\n<h2 class=\"wp-block-heading\">E agora!!! Contratei errado meu plano de sa\u00fade em Ribeir\u00e3o Preto<\/h2>\n\n\n\n<p>\u00c9 comum encontrarmos clientes insatisfeitos em Ribeir\u00e3o Preto ap\u00f3s escolherem um plano de sa\u00fade inadequado, sendo surpreendidos com detalhes que n\u00e3o foram informados.<\/p>\n\n\n\n<p>Por isso, tenha sempre em mente que uma corretora s\u00e9ria e experiente \u00e9 a chave para o sucesso na contrata\u00e7\u00e3o de conv\u00eanios m\u00e9dicos em Ribeir\u00e3o Preto.<\/p>\n\n\n\n<p>Sem mais delongas, vamos entender alguns pontos muito comuns numa contrata\u00e7\u00e3o.<\/p>\n\n\n\n<h3 class=\"wp-block-heading has-dark-blue-color has-text-color\">Contratei um plano de sa\u00fade para meu filho autista em Ribeir\u00e3o Preto e n\u00e3o fui informada das car\u00eancias para terapias<\/h3>\n\n\n\n<p>Essa \u00e9 uma discuss\u00e3o muito importante para quem busca um <strong>plano de sa\u00fade em Ribeir\u00e3o Preto<\/strong> e possui um filho com autismo.<\/p>\n\n\n\n<p>Isso porque, as operadoras devido ao alto sinistro de custos das terapias, est\u00e3o colocando car\u00eancias de 6 meses para sess\u00f5es de terapias.<\/p>\n\n\n\n<p>Assim posto, \u00e9 importante que a fam\u00edlia entenda sobre essas car\u00eancias, para conciliar o custo do plano de sa\u00fade em Ribeir\u00e3o Preto, mais as terapias que ter\u00e3o que arcar no particular durante os 6 primeiros meses.<\/p>\n\n\n\n<h3 class=\"wp-block-heading has-dark-blue-color has-text-color\">Contratei um plano de sa\u00fade familiar em Ribeir\u00e3o Preto e depois descobri que poderia economizar at\u00e9 40% pelo meu MEI<\/h3>\n\n\n\n<p>Sim, empresas MEI entram no modelo empresarial para <strong>planos de sa\u00fade em Ribeir\u00e3o Preto<\/strong>, com valores bem mais atrativos.<\/p>\n\n\n\n<p>Assim, tenha sempre uma corretora que seja experiente no segmento da sa\u00fade, para que possa te oferecer as op\u00e7\u00f5es mais vantajosas.<\/p>\n\n\n\n<p>Evite contratar um plano de sa\u00fade em qualquer lugar que encontrar na internet, analise bem a estrutura da corretora e tempo de mercado.<\/p>\n\n\n\n<h3 class=\"wp-block-heading has-dark-blue-color has-text-color\">Meu plano de sa\u00fade em Ribeir\u00e3o Preto com coparticipa\u00e7\u00e3o veio uma fortuna esse m\u00eas na minha fatura<\/h3>\n\n\n\n<p>Nesse caso voc\u00ea optou pelo modelo de coparticipa\u00e7\u00e3o no <strong>plano de sa\u00fade em Ribeir\u00e3o Preto<\/strong>, mas n\u00e3o se atentou nos valores das taxas.<\/p>\n\n\n\n<p>Escolher um plano de sa\u00fade SP com coparticipa\u00e7\u00e3o pode resultar em surpresas na fatura mensal se os valores das taxas n\u00e3o forem claramente entendidos.<\/p>\n\n\n\n<p>Ainda assim, \u00e9 importante entender que algumas operadoras possuem teto m\u00e1ximo de coparticipa\u00e7\u00e3o, sendo muito mais vantajosos pela sua seguran\u00e7a.<\/p>\n\n\n\n<p>Ou seja, de novo vamos entrar no mesmo ponto. Voc\u00ea teve uma explica\u00e7\u00e3o detalhada sobre as taxas do seu corretor antes de assinar o contrato?<\/p>\n\n\n\n<h3 class=\"wp-block-heading has-dark-blue-color has-text-color\">Contratei um plano de sa\u00fade em Ribeir\u00e3o Preto e n\u00e3o gostei, o que posso fazer agora?<\/h3>\n\n\n\n<p>Bom, vai depender muito da operadora e modelo de contrata\u00e7\u00e3o que voc\u00ea assinou seu conv\u00eanio m\u00e9dico em Ribeir\u00e3o Preto.<\/p>\n\n\n\n<p>Isso porque, alguns contratos exigem muita quando cancelados antes de 1 ano, e cancelar no in\u00edcio pode acarretar em multa bem elevada.<\/p>\n\n\n\n<p>Ou seja, quando for contratar <strong>planos de sa\u00fade em Ribeir\u00e3o Preto<\/strong>, fale com nossa equipe. \u00c9 crucial discutir todas as condi\u00e7\u00f5es com nossos especialistas antes de tomar uma decis\u00e3o.<\/p>\n\n\n\n<p>A Consult Vida \u00e9 uma corretora s\u00e9ria e transparente com seus clientes. Analisamos sempre a melhor escolha para sua empresa ou fam\u00edlia.<\/p>\n\n\n\n<figure class=\"wp-block-image aligncenter size-full\"><img decoding=\"async\" loading=\"lazy\" width=\"323\" height=\"305\" src=\"https:\/\/consultvida.com.br\/blog\/wp-content\/uploads\/2024\/10\/plano-saude-familiar.jpg\" alt=\"Plano de sa\u00fade familiar em Ribeir\u00e3o Preto\" class=\"wp-image-5136\" srcset=\"https:\/\/consultvida.com.br\/blog\/wp-content\/uploads\/2024\/10\/plano-saude-familiar.jpg 323w, https:\/\/consultvida.com.br\/blog\/wp-content\/uploads\/2024\/10\/plano-saude-familiar-300x283.jpg 300w\" sizes=\"(max-width: 323px) 100vw, 323px\" \/><\/figure>\n\n\n\n<h2 class=\"wp-block-heading\">Plano de sa\u00fade familiar em Ribeir\u00e3o Preto<\/h2>\n\n\n\n<p>Os&nbsp;<strong>planos de sa\u00fade familiar em Ribeir\u00e3o Preto<\/strong>&nbsp;s\u00e3o solu\u00e7\u00f5es ideais para quem deseja incluir familiares como dependentes em um \u00fanico contrato. <\/p>\n\n\n\n<p>Ou seja, este tipo de plano permite que um titular adicione membros da fam\u00edlia, proporcionando uma forma econ\u00f4mica e pr\u00e1tica de cuidar da sa\u00fade de todos.<\/p>\n\n\n\n<h3 class=\"wp-block-heading has-dark-blue-color has-text-color\">Vantagens do plano familiar Ribeir\u00e3o Preto<\/h3>\n\n\n\n<p>Imagine a seguinte situa\u00e7\u00e3o: um membro da fam\u00edlia que possui uma empresa, mesmo que seja um Microempreendedor Individual (MEI), pode usar seu CNPJ para contratar um plano de sa\u00fade empresarial, incluindo os familiares como dependentes. <\/p>\n\n\n\n<p>Assim, este m\u00e9todo \u00e9 uma maneira inteligente de reduzir custos com <strong>conv\u00eanios m\u00e9dicos em Ribeir\u00e3o Preto<\/strong>.<\/p>\n\n\n\n<figure class=\"wp-block-image aligncenter size-full\"><img decoding=\"async\" loading=\"lazy\" width=\"323\" height=\"305\" src=\"https:\/\/consultvida.com.br\/blog\/wp-content\/uploads\/2024\/10\/plano-saude-pj.jpg\" alt=\"Plano de sa\u00fade PJ em Ribeir\u00e3o Preto\" class=\"wp-image-5137\" srcset=\"https:\/\/consultvida.com.br\/blog\/wp-content\/uploads\/2024\/10\/plano-saude-pj.jpg 323w, https:\/\/consultvida.com.br\/blog\/wp-content\/uploads\/2024\/10\/plano-saude-pj-300x283.jpg 300w\" sizes=\"(max-width: 323px) 100vw, 323px\" \/><\/figure>\n\n\n\n<h2 class=\"wp-block-heading\">Plano de sa\u00fade PJ em Ribeir\u00e3o Preto<\/h2>\n\n\n\n<p>Nos \u00faltimos anos, muitos profissionais t\u00eam migrado para o regime de Pessoa Jur\u00eddica (PJ) em Ribeir\u00e3o Preto. Isso se deve ao aumento das oportunidades de trabalho que exigem o registro como PJ, muitas vezes atrav\u00e9s do MEI. <\/p>\n\n\n\n<p>Neste contexto, o&nbsp;<strong>plano de sa\u00fade PJ em Ribeir\u00e3o Preto<\/strong>&nbsp;se destaca por oferecer condi\u00e7\u00f5es competitivas e vantajosas.<\/p>\n\n\n\n<h3 class=\"wp-block-heading has-dark-blue-color has-text-color\">Benef\u00edcios do plano de sa\u00fade empresarial Ribeir\u00e3o Preto<\/h3>\n\n\n\n<p>Optar por um <strong>plano de sa\u00fade empresarial em Ribeir\u00e3o Preto<\/strong> se traduz em economia e abrang\u00eancia de cobertura. <\/p>\n\n\n\n<p>Al\u00e9m disso, nossa corretora tem visto um crescimento na demanda por esses planos, \u00e0 medida que mais pessoas reconhecem suas vantagens.<\/p>\n\n\n\n<figure class=\"wp-block-image aligncenter size-full\"><img decoding=\"async\" loading=\"lazy\" width=\"323\" height=\"305\" src=\"https:\/\/consultvida.com.br\/blog\/wp-content\/uploads\/2024\/10\/plano-saude-idoso.jpg\" alt=\"Plano de Sa\u00fade para idosos em Ribeir\u00e3o Preto\" class=\"wp-image-5138\" srcset=\"https:\/\/consultvida.com.br\/blog\/wp-content\/uploads\/2024\/10\/plano-saude-idoso.jpg 323w, https:\/\/consultvida.com.br\/blog\/wp-content\/uploads\/2024\/10\/plano-saude-idoso-300x283.jpg 300w\" sizes=\"(max-width: 323px) 100vw, 323px\" \/><\/figure>\n\n\n\n<h2 class=\"wp-block-heading\">Plano de sa\u00fade para idosos em Ribeir\u00e3o Preto<\/h2>\n\n\n\n<p>Com o envelhecimento da popula\u00e7\u00e3o brasileira, a busca por&nbsp;<strong>planos de sa\u00fade para idosos em Ribeir\u00e3o Preto<\/strong>&nbsp;aumentou consideravelmente.<\/p>\n\n\n\n<p>Dados indicam que a parcela da popula\u00e7\u00e3o com 65 anos ou mais est\u00e1 crescendo, e nossa corretora tem acompanhado esse movimento.<\/p>\n\n\n\n<h3 class=\"wp-block-heading has-dark-blue-color has-text-color\">Atendimento especializado para a terceira idade em Ribeir\u00e3o Preto<\/h3>\n\n\n\n<p>Nossa equipe passou por treinamentos especializados para oferecer os melhores planos para idosos, assegurando que as necessidades dessa faixa et\u00e1ria sejam plenamente atendidas.<\/p>\n\n\n\n<figure class=\"wp-block-image aligncenter size-full\"><img decoding=\"async\" loading=\"lazy\" width=\"323\" height=\"305\" src=\"https:\/\/consultvida.com.br\/blog\/wp-content\/uploads\/2024\/10\/plano-saude-diplomado.jpg\" alt=\"Plano de Sa\u00fade para diplomados em Ribeir\u00e3o Preto\" class=\"wp-image-5139\" srcset=\"https:\/\/consultvida.com.br\/blog\/wp-content\/uploads\/2024\/10\/plano-saude-diplomado.jpg 323w, https:\/\/consultvida.com.br\/blog\/wp-content\/uploads\/2024\/10\/plano-saude-diplomado-300x283.jpg 300w\" sizes=\"(max-width: 323px) 100vw, 323px\" \/><\/figure>\n\n\n\n<h2 class=\"wp-block-heading\">Plano de sa\u00fade para diplomados em Ribeir\u00e3o Preto<\/h2>\n\n\n\n<p>Encontrar um plano de sa\u00fade que ofere\u00e7a acesso a hospitais de alta qualidade em Ribeir\u00e3o Preto pode ser desafiador, especialmente nos planos individuais.<\/p>\n\n\n\n<p>Entretanto, alternativas como as administradoras de planos, como a Qualicorp, oferecem \u00f3timas op\u00e7\u00f5es para&nbsp;diplomados.<\/p>\n\n\n\n<h3 class=\"wp-block-heading has-dark-blue-color has-text-color\">Benef\u00edcios para diplomados em Ribeir\u00e3o Preto<\/h3>\n\n\n\n<p>Diplomados podem acessar <strong>planos de sa\u00fade premium em Ribeir\u00e3o Preto<\/strong> sem a necessidade de um CNPJ, embora haja limita\u00e7\u00f5es de idade para contrata\u00e7\u00e3o, geralmente at\u00e9 os 64 anos. <\/p>\n\n\n\n<p>Essa \u00e9 uma excelente solu\u00e7\u00e3o para quem busca qualidade e cobertura abrangente.<\/p>\n\n\n\n<h2 class=\"wp-block-heading\">Plano de sa\u00fade Ribeir\u00e3o Preto (depoimentos de clientes)<\/h2>\n\n\n\n<p>Escolher o <strong>plano de sa\u00fade Ribeir\u00e3o Preto<\/strong> certo \u00e9 essencial para assegurar tranquilidade e qualidade de vida, especialmente na regi\u00e3o, onde as op\u00e7\u00f5es s\u00e3o vastas e variadas. <\/p>\n\n\n\n<p>A seguir, apresentamos os depoimentos de clientes satisfeitos que encontraram suas solu\u00e7\u00f5es ideais ap\u00f3s uma escolha criteriosa.<\/p>\n\n\n\n<h3 class=\"wp-block-heading\">Diana (Bradesco Linha Top Nacional):<\/h3>\n\n\n\n<p>&#8220;Optar pelo plano Bradesco, linha Top Nacional, foi a melhor decis\u00e3o que tomei. A rede de atendimento inclui hospitais de ponta em todo o Brasil, proporcionando seguran\u00e7a e qualidade sempre que preciso utilizar os servi\u00e7os.&#8221;<\/p>\n\n\n\n<h3 class=\"wp-block-heading\">Marli (Porto Seguro Linha Ouro):<\/h3>\n\n\n\n<p>&#8220;A Porto Seguro superou minhas expectativas. O plano oferece um \u00f3timo custo sem comprometer a seguran\u00e7a e a qualidade dos servi\u00e7os prestados. Estou muito satisfeita com tudo que o plano oferece.&#8221;<\/p>\n\n\n\n<h3 class=\"wp-block-heading\">C\u00e9sar (SulAm\u00e9rica Linha Executivo):<\/h3>\n\n\n\n<p>&#8220;Estava em busca de uma linha premium e encontrei na SulAm\u00e9rica, linha Executivo, exatamente o que precisava, especialmente com a cobertura para o hospital Albert Einstein em S\u00e3o Paulo. A qualidade do atendimento realmente justifica o investimento.&#8221;<\/p>\n\n\n\n<h3 class=\"wp-block-heading\">Leonardo (Amil Linha Black):<\/h3>\n\n\n\n<p>&#8220;Escolhi a Amil Black principalmente pela sua excelente rede credenciada e pela cobertura internacional, j\u00e1 que viajo frequentemente para fora do Brasil. At\u00e9 agora, minha experi\u00eancia tem sido fantasticamente satisfat\u00f3ria, tanto nacional quanto internacionalmente.&#8221;<\/p>\n\n\n\n<figure class=\"wp-block-image size-full has-custom-border\"><img decoding=\"async\" loading=\"lazy\" width=\"900\" height=\"600\" src=\"https:\/\/consultvida.com.br\/blog\/wp-content\/uploads\/2024\/10\/planodesaude8.jpg\" alt=\"Plano de sa\u00fade Ribeir\u00e3o Preto\" class=\"wp-image-4895\" style=\"border-top-left-radius:20px;border-top-right-radius:20px;border-bottom-left-radius:20px;border-bottom-right-radius:20px\" srcset=\"https:\/\/consultvida.com.br\/blog\/wp-content\/uploads\/2024\/10\/planodesaude8.jpg 900w, https:\/\/consultvida.com.br\/blog\/wp-content\/uploads\/2024\/10\/planodesaude8-300x200.jpg 300w, https:\/\/consultvida.com.br\/blog\/wp-content\/uploads\/2024\/10\/planodesaude8-768x512.jpg 768w\" sizes=\"(max-width: 900px) 100vw, 900px\" \/><\/figure>\n\n\n\n<h2 class=\"wp-block-heading\">Plano de sa\u00fade Ribeir\u00e3o Preto (s\u00f3cios de empresas)<\/h2>\n\n\n\n<p>Em Ribeir\u00e3o Preto, s\u00f3cios de empresas que buscam um plano de sa\u00fade otimizado privilegiam op\u00e7\u00f5es que oferecem acesso a uma rede premium e cobertura nos principais hospitais do Brasil.<\/p>\n\n\n\n<p>Por isso, essa escolha se reflete na seguran\u00e7a e tranquilidade de contar com atendimento de excel\u00eancia em institui\u00e7\u00f5es renomadas, como o Hospital S\u00edrio-Liban\u00eas e o Hospital Albert Einstein.<\/p>\n\n\n\n<p>A sele\u00e7\u00e3o de um <strong>plano de sa\u00fade Ribeir\u00e3o Preto<\/strong> com estas caracter\u00edsticas tamb\u00e9m implica em benef\u00edcios adicionais, como alto valor de reembolso e liberdade para escolher m\u00e9dicos e especialistas de sua prefer\u00eancia. <\/p>\n\n\n\n<p>Ou seja, isso assegura que os s\u00f3cios possam adaptar o plano \u00e0s suas necessidades pessoais e empresariais, impulsionando n\u00e3o apenas a sa\u00fade f\u00edsica, mas tamb\u00e9m o bem-estar mental e emocional. <\/p>\n\n\n\n<p>Com esses recursos em m\u00e3os, s\u00f3cios de empresas em Ribeir\u00e3o Preto podem focar em liderar e inovar, sabendo que sua sa\u00fade est\u00e1 nas m\u00e3os de especialistas de ponta.<\/p>\n\n\n\n<h2 class=\"wp-block-heading\">Plano de sa\u00fade Ribeir\u00e3o Preto (familiares)<\/h2>\n\n\n\n<p>Escolher um <strong>plano de sa\u00fade para sua fam\u00edlia em Ribeir\u00e3o Preto<\/strong> \u00e9 uma decis\u00e3o que deve equilibrar cobertura abrangente e um custo que se encaixe no or\u00e7amento familiar. <\/p>\n\n\n\n<p>Por isso, a an\u00e1lise cuidadosa das op\u00e7\u00f5es dispon\u00edveis \u00e9 essencial para garantir que voc\u00ea obtenha o melhor valor sem comprometer a sa\u00fade financeira da fam\u00edlia. <\/p>\n\n\n\n<p>Bem como, avaliar fatores como a rede de hospitais, cl\u00ednicas credenciadas, e os tipos de cobertura dispon\u00edveis pode fazer uma grande diferen\u00e7a na prote\u00e7\u00e3o da sa\u00fade do seu n\u00facleo familiar. <\/p>\n\n\n\n<p>Al\u00e9m disso, planos que oferecem servi\u00e7os preventivos e programas de bem-estar podem complementar o cuidado oferecido, aumentando a satisfa\u00e7\u00e3o e o bem-estar geral.<\/p>\n\n\n\n<p>Contar com a assessoria de uma corretora especializada pode trazer tranquilidade, sabendo que a sa\u00fade de sua fam\u00edlia \u00e9 gerida por profissionais que se importam com seu bem-estar a longo prazo.<\/p>\n\n\n\n<h2 class=\"wp-block-heading\">Plano de sa\u00fade Ribeir\u00e3o Preto (funcion\u00e1rios)<\/h2>\n\n\n\n<p>Selecionar um <strong>plano de sa\u00fade para funcion\u00e1rios em Ribeir\u00e3o Preto<\/strong> requer um equil\u00edbrio cuidadoso entre uma rede de atendimento adequada \u00e0s necessidades dos colaboradores e um custo que a empresa possa sustentar.<\/p>\n\n\n\n<p>Assim, a sa\u00fade dos colaboradores \u00e9 um componente vital para o sucesso dos neg\u00f3cios, pois impacta diretamente na produtividade e motiva\u00e7\u00e3o da equipe.<\/p>\n\n\n\n<p>Por isso, \u00e9 essencial avaliar as op\u00e7\u00f5es dispon\u00edveis que proporcionam acesso a hospitais e cl\u00ednicas de boa reputa\u00e7\u00e3o, garantindo que os colaboradores tenham acesso a cuidados m\u00e9dicos de qualidade sem grandes deslocamentos.<\/p>\n\n\n\n<p>Para empresas, \u00e9 crucial n\u00e3o apenas considerar o custo inicial, mas tamb\u00e9m os poss\u00edveis retornos em termos de satisfa\u00e7\u00e3o e reten\u00e7\u00e3o de talentos. Um plano que associe cobertura abrangente a um custo eficiente pode servir como um poderoso benef\u00edcio para atrair e manter os melhores profissionais. <\/p>\n\n\n\n<p>Bem como, investir na sa\u00fade dos funcion\u00e1rios sinaliza um compromisso com seu bem-estar, criando um ambiente de trabalho mais saud\u00e1vel e incentivando um maior engajamento e lealdade \u00e0 empresa.<\/p>\n\n\n\n<h2 class=\"wp-block-heading\">Plano de sa\u00fade Ribeir\u00e3o Preto (empresas MEI)<\/h2>\n\n\n\n<p>Em Ribeir\u00e3o Preto, Microempreendedores Individuais (MEIs) t\u00eam a oportunidade de otimizar custos ao contratar planos de sa\u00fade para suas fam\u00edlias, aproveitando as vantagens exclusivas oferecidas para CNPJs. <\/p>\n\n\n\n<p>Assim, utilizar o registro de MEI para subscrever um plano de sa\u00fade pode resultar em tarifas mais competitivas e condi\u00e7\u00f5es especiais que n\u00e3o seriam acess\u00edveis individualmente.<\/p>\n\n\n\n<p>Isso permite que microempreendedores racionalizem suas despesas com sa\u00fade, ao mesmo tempo em que garantem que suas fam\u00edlias tenham acesso a uma rede abrangente e de qualidade no atendimento m\u00e9dico.<\/p>\n\n\n\n<p>Al\u00e9m disso, esta abordagem n\u00e3o s\u00f3 ajuda a manter as finan\u00e7as pessoais em equil\u00edbrio, mas tamb\u00e9m proporciona seguran\u00e7a e bem-estar para o n\u00facleo familiar, essencial para o foco e a produtividade do microempreendedor. <\/p>\n\n\n\n<p>Bem como, o acesso a um plano de sa\u00fade robusto pode contribuir para a paz de esp\u00edrito dos empreendedores, permitindo um foco renovado na expans\u00e3o e sucesso de seus neg\u00f3cios, enquanto a sa\u00fade e o bem-estar de seus entes queridos est\u00e3o protegidos.<\/p>\n\n\n\n<h2 class=\"wp-block-heading\">Posts Relacionados<\/h2>\n\n\n\n<div class=\"wp-block-columns has-background is-layout-flex wp-container-21\" style=\"border-radius:24px;background-color:#527412\">\n<div class=\"wp-block-column is-layout-flow\" style=\"flex-basis:33.33%\">\n<figure class=\"wp-block-image size-full has-custom-border\"><img decoding=\"async\" loading=\"lazy\" width=\"500\" height=\"450\" src=\"https:\/\/consultvida.com.br\/blog\/wp-content\/uploads\/2023\/06\/planos-reembolso.jpg\" alt=\"Planos de sa\u00fade com alto reembolso\" class=\"has-border-color has-background-secondary-border-color wp-image-2956\" style=\"border-width:3px\" srcset=\"https:\/\/consultvida.com.br\/blog\/wp-content\/uploads\/2023\/06\/planos-reembolso.jpg 500w, https:\/\/consultvida.com.br\/blog\/wp-content\/uploads\/2023\/06\/planos-reembolso-300x270.jpg 300w\" sizes=\"(max-width: 500px) 100vw, 500px\" \/><\/figure>\n\n\n\n<p><\/p>\n<\/div>\n\n\n\n<div class=\"wp-block-column is-layout-flow\" style=\"flex-basis:66.66%\">\n<h3 class=\"wp-block-heading has-link-color wp-elements-40718b10130cde3f1efa8d902d4e4b91\"><a href=\"https:\/\/consultvida.com.br\/blog\/planos-saude-alto-reembolso\/\">Planos de sa\u00fade com alto reembolso, quais as melhores op\u00e7\u00f5es?<\/a><\/h3>\n\n\n\n<p class=\"has-background-color has-text-color\">Planos de sa\u00fade com alto reembolso oferecem algumas vantagens para os benefici\u00e1rios. Por exemplo, a livre escolha de m\u00e9dicos &#8230;<\/p>\n<\/div>\n<\/div>\n\n\n\n<div class=\"wp-block-columns has-background is-layout-flex wp-container-24\" style=\"border-radius:24px;background-color:#527412\">\n<div class=\"wp-block-column is-layout-flow\" style=\"flex-basis:33.33%\">\n<figure class=\"wp-block-image size-full has-custom-border\"><img decoding=\"async\" loading=\"lazy\" width=\"500\" height=\"450\" src=\"https:\/\/consultvida.com.br\/blog\/wp-content\/uploads\/2023\/06\/sirio-libanes-2.jpg\" alt=\"Planos de sa\u00fade Hospital S\u00edrio Liban\u00eas\" class=\"has-border-color has-background-secondary-border-color wp-image-2950\" style=\"border-width:3px\" srcset=\"https:\/\/consultvida.com.br\/blog\/wp-content\/uploads\/2023\/06\/sirio-libanes-2.jpg 500w, https:\/\/consultvida.com.br\/blog\/wp-content\/uploads\/2023\/06\/sirio-libanes-2-300x270.jpg 300w\" sizes=\"(max-width: 500px) 100vw, 500px\" \/><\/figure>\n\n\n\n<p><\/p>\n<\/div>\n\n\n\n<div class=\"wp-block-column is-layout-flow\" style=\"flex-basis:66.66%\">\n<h3 class=\"wp-block-heading has-link-color wp-elements-ad6a95987f7e88be26fa13f33f61d1be\"><a href=\"https:\/\/consultvida.com.br\/blog\/planos-saude-hospital-sirio-libanes\/\">Planos de sa\u00fade Hospital S\u00edrio Liban\u00eas<\/a><\/h3>\n\n\n\n<p class=\"has-background-color has-text-color\">Para voc\u00ea que est\u00e1 procurando planos de sa\u00fade Hospital S\u00edrio Liban\u00eas, nossa corretora pode auxiliar &#8230;<\/p>\n<\/div>\n<\/div>\n\n\n\n<div class=\"wp-block-columns has-background is-layout-flex wp-container-27\" style=\"border-radius:24px;background-color:#527412\">\n<div class=\"wp-block-column is-layout-flow\" style=\"flex-basis:33.33%\">\n<figure class=\"wp-block-image size-full has-custom-border\"><img decoding=\"async\" loading=\"lazy\" width=\"500\" height=\"450\" src=\"https:\/\/consultvida.com.br\/blog\/wp-content\/uploads\/2023\/06\/albert-einstein-1.jpg\" alt=\"Planos de sa\u00fade Albert Einstein\" class=\"has-border-color has-background-secondary-border-color wp-image-2952\" style=\"border-width:3px\" srcset=\"https:\/\/consultvida.com.br\/blog\/wp-content\/uploads\/2023\/06\/albert-einstein-1.jpg 500w, https:\/\/consultvida.com.br\/blog\/wp-content\/uploads\/2023\/06\/albert-einstein-1-300x270.jpg 300w\" sizes=\"(max-width: 500px) 100vw, 500px\" \/><\/figure>\n\n\n\n<p><\/p>\n<\/div>\n\n\n\n<div class=\"wp-block-column is-layout-flow\" style=\"flex-basis:66.66%\">\n<h3 class=\"wp-block-heading has-link-color wp-elements-04e6edc6df6d1274b7653d54de19c67b\"><a href=\"https:\/\/consultvida.com.br\/blog\/planos-saude-hospital-albert-einstein\/\">Planos de sa\u00fade Albert Einstein, pre\u00e7os e como contratar?<\/a><\/h3>\n\n\n\n<p class=\"has-background-color has-text-color\">Saiba como contratar os planos de sa\u00fade Hospital Albert Einstein, avaliando os benef\u00edcios de cada linha &#8230;<\/p>\n<\/div>\n<\/div>\n\n\n\n<div class=\"wp-block-columns has-background is-layout-flex wp-container-30\" style=\"border-radius:24px;background-color:#527412\">\n<div class=\"wp-block-column is-layout-flow\" style=\"flex-basis:33.33%\">\n<figure class=\"wp-block-image size-full has-custom-border\"><img decoding=\"async\" loading=\"lazy\" width=\"500\" height=\"450\" src=\"https:\/\/consultvida.com.br\/blog\/wp-content\/uploads\/2023\/07\/amilone-omint.jpg\" alt=\"Omint empresas, Amil One ou Porto Seguro\" class=\"has-border-color has-background-secondary-border-color wp-image-2940\" style=\"border-width:3px\" srcset=\"https:\/\/consultvida.com.br\/blog\/wp-content\/uploads\/2023\/07\/amilone-omint.jpg 500w, https:\/\/consultvida.com.br\/blog\/wp-content\/uploads\/2023\/07\/amilone-omint-300x270.jpg 300w\" sizes=\"(max-width: 500px) 100vw, 500px\" \/><\/figure>\n\n\n\n<p><\/p>\n<\/div>\n\n\n\n<div class=\"wp-block-column is-layout-flow\" style=\"flex-basis:66.66%\">\n<h3 class=\"wp-block-heading has-link-color wp-elements-ab0a1f30cbd45c01f5eda6fe2de865f2\"><a href=\"https:\/\/consultvida.com.br\/blog\/amil-one-omint-porto-seguro\/\">Omint empresas, Amil One ou Porto Seguro? Qual devo contratar?<\/a><\/h3>\n\n\n\n<p class=\"has-background-color has-text-color\">A escolha entre Amil One, Omint empresas e Porto Seguro depende das suas necessidades individuais &#8230;<\/p>\n<\/div>\n<\/div>\n","protected":false},"excerpt":{"rendered":"<p>Existe uma grande variedade de planos de sa\u00fade em Ribeir\u00e3o Preto, desde planos regionais com [&hellip;]<\/p>\n","protected":false},"author":1,"featured_media":2803,"comment_status":"closed","ping_status":"closed","sticky":false,"template":"","format":"standard","meta":[],"categories":[3],"tags":[4],"yoast_head":"<!-- This site is optimized with the Yoast SEO plugin v21.0 - https:\/\/yoast.com\/wordpress\/plugins\/seo\/ -->\n<title>Planos de sa\u00fade em Ribeir\u00e3o Preto (TOP planos de sa\u00fade)<\/title>\n<meta name=\"description\" content=\"Conhe\u00e7a os 7 melhores planos de Sa\u00fade em Ribeir\u00e3o Preto, conv\u00eanios m\u00e9dicos empresarial e PF com melhor avalia\u00e7\u00e3o. Simule aqui.\" \/>\n<meta name=\"robots\" content=\"index, follow, max-snippet:-1, max-image-preview:large, max-video-preview:-1\" \/>\n<link rel=\"canonical\" href=\"https:\/\/consultvida.com.br\/blog\/planos-saude-ribeirao-preto\/\" \/>\n<meta property=\"og:locale\" content=\"pt_BR\" \/>\n<meta property=\"og:type\" content=\"article\" \/>\n<meta property=\"og:title\" content=\"Planos de sa\u00fade em Ribeir\u00e3o Preto (TOP planos de sa\u00fade)\" \/>\n<meta property=\"og:description\" content=\"Conhe\u00e7a os 7 melhores planos de Sa\u00fade em Ribeir\u00e3o Preto, conv\u00eanios m\u00e9dicos empresarial e PF com melhor avalia\u00e7\u00e3o. Simule aqui.\" \/>\n<meta property=\"og:url\" content=\"https:\/\/consultvida.com.br\/blog\/planos-saude-ribeirao-preto\/\" \/>\n<meta property=\"og:site_name\" content=\"Planos de Sa\u00fade em S\u00e3o Paulo, Planos de Sa\u00fade SP\" \/>\n<meta property=\"article:published_time\" content=\"2025-03-26T20:47:44+00:00\" \/>\n<meta property=\"article:modified_time\" content=\"2026-04-20T20:34:12+00:00\" \/>\n<meta property=\"og:image\" content=\"https:\/\/consultvida.com.br\/blog\/wp-content\/uploads\/2023\/07\/planosaude6.jpg\" \/>\n\t<meta property=\"og:image:width\" content=\"800\" \/>\n\t<meta property=\"og:image:height\" content=\"533\" \/>\n\t<meta property=\"og:image:type\" content=\"image\/jpeg\" \/>\n<meta name=\"author\" content=\"saudeconsultvida\" \/>\n<meta name=\"twitter:card\" content=\"summary_large_image\" \/>\n<meta name=\"twitter:label1\" content=\"Escrito por\" \/>\n\t<meta name=\"twitter:data1\" content=\"saudeconsultvida\" \/>\n\t<meta name=\"twitter:label2\" content=\"Est. tempo de leitura\" \/>\n\t<meta name=\"twitter:data2\" content=\"43 minutos\" \/>\n<script type=\"application\/ld+json\" class=\"yoast-schema-graph\">{\"@context\":\"https:\/\/schema.org\",\"@graph\":[{\"@type\":\"Article\",\"@id\":\"https:\/\/consultvida.com.br\/blog\/planos-saude-ribeirao-preto\/#article\",\"isPartOf\":{\"@id\":\"https:\/\/consultvida.com.br\/blog\/planos-saude-ribeirao-preto\/\"},\"author\":{\"name\":\"saudeconsultvida\",\"@id\":\"https:\/\/consultvida.com.br\/blog\/#\/schema\/person\/82250e6ae90dcc5379de81d08e738f7c\"},\"headline\":\"Planos de sa\u00fade em Ribeir\u00e3o Preto (TOP planos de sa\u00fade)\",\"datePublished\":\"2025-03-26T20:47:44+00:00\",\"dateModified\":\"2026-04-20T20:34:12+00:00\",\"mainEntityOfPage\":{\"@id\":\"https:\/\/consultvida.com.br\/blog\/planos-saude-ribeirao-preto\/\"},\"wordCount\":7292,\"publisher\":{\"@id\":\"https:\/\/consultvida.com.br\/blog\/#organization\"},\"keywords\":[\"planos de sa\u00fade\"],\"articleSection\":[\"planos de sa\u00fade\"],\"inLanguage\":\"pt-BR\"},{\"@type\":\"WebPage\",\"@id\":\"https:\/\/consultvida.com.br\/blog\/planos-saude-ribeirao-preto\/\",\"url\":\"https:\/\/consultvida.com.br\/blog\/planos-saude-ribeirao-preto\/\",\"name\":\"Planos de sa\u00fade em Ribeir\u00e3o Preto (TOP planos de sa\u00fade)\",\"isPartOf\":{\"@id\":\"https:\/\/consultvida.com.br\/blog\/#website\"},\"datePublished\":\"2025-03-26T20:47:44+00:00\",\"dateModified\":\"2026-04-20T20:34:12+00:00\",\"description\":\"Conhe\u00e7a os 7 melhores planos de Sa\u00fade em Ribeir\u00e3o Preto, conv\u00eanios m\u00e9dicos empresarial e PF com melhor avalia\u00e7\u00e3o. Simule aqui.\",\"breadcrumb\":{\"@id\":\"https:\/\/consultvida.com.br\/blog\/planos-saude-ribeirao-preto\/#breadcrumb\"},\"inLanguage\":\"pt-BR\",\"potentialAction\":[{\"@type\":\"ReadAction\",\"target\":[\"https:\/\/consultvida.com.br\/blog\/planos-saude-ribeirao-preto\/\"]}]},{\"@type\":\"BreadcrumbList\",\"@id\":\"https:\/\/consultvida.com.br\/blog\/planos-saude-ribeirao-preto\/#breadcrumb\",\"itemListElement\":[{\"@type\":\"ListItem\",\"position\":1,\"name\":\"In\u00edcio\",\"item\":\"https:\/\/consultvida.com.br\/blog\/\"},{\"@type\":\"ListItem\",\"position\":2,\"name\":\"Planos de sa\u00fade em Ribeir\u00e3o Preto (TOP planos de sa\u00fade)\"}]},{\"@type\":\"WebSite\",\"@id\":\"https:\/\/consultvida.com.br\/blog\/#website\",\"url\":\"https:\/\/consultvida.com.br\/blog\/\",\"name\":\"Planos de Sa\u00fade em S\u00e3o Paulo, Planos de Sa\u00fade SP\",\"description\":\"Simular Planos de Sa\u00fade em S\u00e3o Paulo\",\"publisher\":{\"@id\":\"https:\/\/consultvida.com.br\/blog\/#organization\"},\"potentialAction\":[{\"@type\":\"SearchAction\",\"target\":{\"@type\":\"EntryPoint\",\"urlTemplate\":\"https:\/\/consultvida.com.br\/blog\/?s={search_term_string}\"},\"query-input\":\"required name=search_term_string\"}],\"inLanguage\":\"pt-BR\"},{\"@type\":\"Organization\",\"@id\":\"https:\/\/consultvida.com.br\/blog\/#organization\",\"name\":\"Planos de Sa\u00fade em S\u00e3o Paulo, Planos de Sa\u00fade SP\",\"url\":\"https:\/\/consultvida.com.br\/blog\/\",\"logo\":{\"@type\":\"ImageObject\",\"inLanguage\":\"pt-BR\",\"@id\":\"https:\/\/consultvida.com.br\/blog\/#\/schema\/logo\/image\/\",\"url\":\"https:\/\/consultvida.com.br\/blog\/wp-content\/uploads\/2024\/10\/logo-15anos.jpg\",\"contentUrl\":\"https:\/\/consultvida.com.br\/blog\/wp-content\/uploads\/2024\/10\/logo-15anos.jpg\",\"width\":317,\"height\":115,\"caption\":\"Planos de Sa\u00fade em S\u00e3o Paulo, Planos de Sa\u00fade SP\"},\"image\":{\"@id\":\"https:\/\/consultvida.com.br\/blog\/#\/schema\/logo\/image\/\"}},{\"@type\":\"Person\",\"@id\":\"https:\/\/consultvida.com.br\/blog\/#\/schema\/person\/82250e6ae90dcc5379de81d08e738f7c\",\"name\":\"saudeconsultvida\",\"image\":{\"@type\":\"ImageObject\",\"inLanguage\":\"pt-BR\",\"@id\":\"https:\/\/consultvida.com.br\/blog\/#\/schema\/person\/image\/\",\"url\":\"https:\/\/secure.gravatar.com\/avatar\/ed1677e671fcc8fb0ce8b05b9a2d754b?s=96&d=mm&r=g\",\"contentUrl\":\"https:\/\/secure.gravatar.com\/avatar\/ed1677e671fcc8fb0ce8b05b9a2d754b?s=96&d=mm&r=g\",\"caption\":\"saudeconsultvida\"},\"description\":\"A Consult Vida \u00e9 uma corretora de benef\u00edcios especializada em Conv\u00eanios M\u00e9dicos Empresarial e PF, Odontol\u00f3gicos e Seguros de Vida. Somos credenciados nas operadoras de planos de sa\u00fade com os melhores custos do mercado.\",\"sameAs\":[\"https:\/\/consultvida.com.br\"],\"url\":\"https:\/\/consultvida.com.br\/blog\/author\/saudeconsultvida\/\"}]}<\/script>\n<!-- \/ Yoast SEO plugin. -->","yoast_head_json":{"title":"Planos de sa\u00fade em Ribeir\u00e3o Preto (TOP planos de sa\u00fade)","description":"Conhe\u00e7a os 7 melhores planos de Sa\u00fade em Ribeir\u00e3o Preto, conv\u00eanios m\u00e9dicos empresarial e PF com melhor avalia\u00e7\u00e3o. Simule aqui.","robots":{"index":"index","follow":"follow","max-snippet":"max-snippet:-1","max-image-preview":"max-image-preview:large","max-video-preview":"max-video-preview:-1"},"canonical":"https:\/\/consultvida.com.br\/blog\/planos-saude-ribeirao-preto\/","og_locale":"pt_BR","og_type":"article","og_title":"Planos de sa\u00fade em Ribeir\u00e3o Preto (TOP planos de sa\u00fade)","og_description":"Conhe\u00e7a os 7 melhores planos de Sa\u00fade em Ribeir\u00e3o Preto, conv\u00eanios m\u00e9dicos empresarial e PF com melhor avalia\u00e7\u00e3o. Simule aqui.","og_url":"https:\/\/consultvida.com.br\/blog\/planos-saude-ribeirao-preto\/","og_site_name":"Planos de Sa\u00fade em S\u00e3o Paulo, Planos de Sa\u00fade SP","article_published_time":"2025-03-26T20:47:44+00:00","article_modified_time":"2026-04-20T20:34:12+00:00","og_image":[{"width":800,"height":533,"url":"https:\/\/consultvida.com.br\/blog\/wp-content\/uploads\/2023\/07\/planosaude6.jpg","type":"image\/jpeg"}],"author":"saudeconsultvida","twitter_card":"summary_large_image","twitter_misc":{"Escrito por":"saudeconsultvida","Est. tempo de leitura":"43 minutos"},"schema":{"@context":"https:\/\/schema.org","@graph":[{"@type":"Article","@id":"https:\/\/consultvida.com.br\/blog\/planos-saude-ribeirao-preto\/#article","isPartOf":{"@id":"https:\/\/consultvida.com.br\/blog\/planos-saude-ribeirao-preto\/"},"author":{"name":"saudeconsultvida","@id":"https:\/\/consultvida.com.br\/blog\/#\/schema\/person\/82250e6ae90dcc5379de81d08e738f7c"},"headline":"Planos de sa\u00fade em Ribeir\u00e3o Preto (TOP planos de sa\u00fade)","datePublished":"2025-03-26T20:47:44+00:00","dateModified":"2026-04-20T20:34:12+00:00","mainEntityOfPage":{"@id":"https:\/\/consultvida.com.br\/blog\/planos-saude-ribeirao-preto\/"},"wordCount":7292,"publisher":{"@id":"https:\/\/consultvida.com.br\/blog\/#organization"},"keywords":["planos de sa\u00fade"],"articleSection":["planos de sa\u00fade"],"inLanguage":"pt-BR"},{"@type":"WebPage","@id":"https:\/\/consultvida.com.br\/blog\/planos-saude-ribeirao-preto\/","url":"https:\/\/consultvida.com.br\/blog\/planos-saude-ribeirao-preto\/","name":"Planos de sa\u00fade em Ribeir\u00e3o Preto (TOP planos de sa\u00fade)","isPartOf":{"@id":"https:\/\/consultvida.com.br\/blog\/#website"},"datePublished":"2025-03-26T20:47:44+00:00","dateModified":"2026-04-20T20:34:12+00:00","description":"Conhe\u00e7a os 7 melhores planos de Sa\u00fade em Ribeir\u00e3o Preto, conv\u00eanios m\u00e9dicos empresarial e PF com melhor avalia\u00e7\u00e3o. Simule aqui.","breadcrumb":{"@id":"https:\/\/consultvida.com.br\/blog\/planos-saude-ribeirao-preto\/#breadcrumb"},"inLanguage":"pt-BR","potentialAction":[{"@type":"ReadAction","target":["https:\/\/consultvida.com.br\/blog\/planos-saude-ribeirao-preto\/"]}]},{"@type":"BreadcrumbList","@id":"https:\/\/consultvida.com.br\/blog\/planos-saude-ribeirao-preto\/#breadcrumb","itemListElement":[{"@type":"ListItem","position":1,"name":"In\u00edcio","item":"https:\/\/consultvida.com.br\/blog\/"},{"@type":"ListItem","position":2,"name":"Planos de sa\u00fade em Ribeir\u00e3o Preto (TOP planos de sa\u00fade)"}]},{"@type":"WebSite","@id":"https:\/\/consultvida.com.br\/blog\/#website","url":"https:\/\/consultvida.com.br\/blog\/","name":"Planos de Sa\u00fade em S\u00e3o Paulo, Planos de Sa\u00fade SP","description":"Simular Planos de Sa\u00fade em S\u00e3o Paulo","publisher":{"@id":"https:\/\/consultvida.com.br\/blog\/#organization"},"potentialAction":[{"@type":"SearchAction","target":{"@type":"EntryPoint","urlTemplate":"https:\/\/consultvida.com.br\/blog\/?s={search_term_string}"},"query-input":"required name=search_term_string"}],"inLanguage":"pt-BR"},{"@type":"Organization","@id":"https:\/\/consultvida.com.br\/blog\/#organization","name":"Planos de Sa\u00fade em S\u00e3o Paulo, Planos de Sa\u00fade SP","url":"https:\/\/consultvida.com.br\/blog\/","logo":{"@type":"ImageObject","inLanguage":"pt-BR","@id":"https:\/\/consultvida.com.br\/blog\/#\/schema\/logo\/image\/","url":"https:\/\/consultvida.com.br\/blog\/wp-content\/uploads\/2024\/10\/logo-15anos.jpg","contentUrl":"https:\/\/consultvida.com.br\/blog\/wp-content\/uploads\/2024\/10\/logo-15anos.jpg","width":317,"height":115,"caption":"Planos de Sa\u00fade em S\u00e3o Paulo, Planos de Sa\u00fade SP"},"image":{"@id":"https:\/\/consultvida.com.br\/blog\/#\/schema\/logo\/image\/"}},{"@type":"Person","@id":"https:\/\/consultvida.com.br\/blog\/#\/schema\/person\/82250e6ae90dcc5379de81d08e738f7c","name":"saudeconsultvida","image":{"@type":"ImageObject","inLanguage":"pt-BR","@id":"https:\/\/consultvida.com.br\/blog\/#\/schema\/person\/image\/","url":"https:\/\/secure.gravatar.com\/avatar\/ed1677e671fcc8fb0ce8b05b9a2d754b?s=96&d=mm&r=g","contentUrl":"https:\/\/secure.gravatar.com\/avatar\/ed1677e671fcc8fb0ce8b05b9a2d754b?s=96&d=mm&r=g","caption":"saudeconsultvida"},"description":"A Consult Vida \u00e9 uma corretora de benef\u00edcios especializada em Conv\u00eanios M\u00e9dicos Empresarial e PF, Odontol\u00f3gicos e Seguros de Vida. Somos credenciados nas operadoras de planos de sa\u00fade com os melhores custos do mercado.","sameAs":["https:\/\/consultvida.com.br"],"url":"https:\/\/consultvida.com.br\/blog\/author\/saudeconsultvida\/"}]}},"_links":{"self":[{"href":"https:\/\/consultvida.com.br\/blog\/wp-json\/wp\/v2\/posts\/1148"}],"collection":[{"href":"https:\/\/consultvida.com.br\/blog\/wp-json\/wp\/v2\/posts"}],"about":[{"href":"https:\/\/consultvida.com.br\/blog\/wp-json\/wp\/v2\/types\/post"}],"author":[{"embeddable":true,"href":"https:\/\/consultvida.com.br\/blog\/wp-json\/wp\/v2\/users\/1"}],"replies":[{"embeddable":true,"href":"https:\/\/consultvida.com.br\/blog\/wp-json\/wp\/v2\/comments?post=1148"}],"version-history":[{"count":33,"href":"https:\/\/consultvida.com.br\/blog\/wp-json\/wp\/v2\/posts\/1148\/revisions"}],"predecessor-version":[{"id":6186,"href":"https:\/\/consultvida.com.br\/blog\/wp-json\/wp\/v2\/posts\/1148\/revisions\/6186"}],"wp:featuredmedia":[{"embeddable":true,"href":"https:\/\/consultvida.com.br\/blog\/wp-json\/wp\/v2\/media\/2803"}],"wp:attachment":[{"href":"https:\/\/consultvida.com.br\/blog\/wp-json\/wp\/v2\/media?parent=1148"}],"wp:term":[{"taxonomy":"category","embeddable":true,"href":"https:\/\/consultvida.com.br\/blog\/wp-json\/wp\/v2\/categories?post=1148"},{"taxonomy":"post_tag","embeddable":true,"href":"https:\/\/consultvida.com.br\/blog\/wp-json\/wp\/v2\/tags?post=1148"}],"curies":[{"name":"wp","href":"https:\/\/api.w.org\/{rel}","templated":true}]}}