{"id":1316,"date":"2022-12-15T23:50:27","date_gmt":"2022-12-16T02:50:27","guid":{"rendered":"https:\/\/consultvida.com.br\/blog\/?p=1316"},"modified":"2024-06-10T23:48:15","modified_gmt":"2024-06-11T02:48:15","slug":"convenios-medicos-amil-empresarial","status":"publish","type":"post","link":"https:\/\/consultvida.com.br\/blog\/convenios-medicos-amil-empresarial\/","title":{"rendered":"Conv\u00eanios m\u00e9dicos Amil empresarial"},"content":{"rendered":"\n<p>Os conv\u00eanios m\u00e9dicos Amil empresarial podem ser contratados a partir de 2 vidas para quem possui um CNPJ, sendo que a operadora possui uma ampla linha dispon\u00edvel.<\/p>\n\n\n\n<p>Assim, sua empresa que est\u00e1 \u00e0 procura de um <strong><a href=\"https:\/\/consultvida.com.br\/\">conv\u00eanio m\u00e9dico empresarial<\/a><\/strong> de qualidade e seguro para seus funcion\u00e1rios, a Amil se torna uma \u00f3tima op\u00e7\u00e3o para sua an\u00e1lise.<\/p>\n\n\n\n<p>Bem como, os <strong>conv\u00eanios m\u00e9dicos empresarial <strong>Amil<\/strong><\/strong> possuem \u00f3timo custo, al\u00e9m de ser um dos planos mais flex\u00edveis na aceita\u00e7\u00e3o de vidas no contrato.<\/p>\n\n\n\n<p>Dessa forma, sua empresa poder\u00e1 contratar os <strong><a href=\"https:\/\/consultvida.com.br\/blog\/amil-empresa\/\">planos Amil empresarial<\/a><\/strong> para s\u00f3cios ou funcion\u00e1rios, e ainda poder incluir seus familiares.<\/p>\n\n\n\n<p>Ou seja, independentemente da necessidade da sua empresa, vamos ajudar a encontrar o conv\u00eanio m\u00e9dico Amil ideal para os seus funcion\u00e1rios.<\/p>\n\n\n\n<figure class=\"wp-block-image size-large\"><img decoding=\"async\" loading=\"lazy\" width=\"1024\" height=\"682\" src=\"https:\/\/consultvida.com.br\/blog\/wp-content\/uploads\/2022\/07\/plano-saude9-1024x682.jpg\" alt=\"Conv\u00eanios m\u00e9dicos Amil empresarial \" class=\"wp-image-1026\" srcset=\"https:\/\/consultvida.com.br\/blog\/wp-content\/uploads\/2022\/07\/plano-saude9-1024x682.jpg 1024w, https:\/\/consultvida.com.br\/blog\/wp-content\/uploads\/2022\/07\/plano-saude9-300x200.jpg 300w, https:\/\/consultvida.com.br\/blog\/wp-content\/uploads\/2022\/07\/plano-saude9-768x512.jpg 768w, https:\/\/consultvida.com.br\/blog\/wp-content\/uploads\/2022\/07\/plano-saude9-370x247.jpg 370w, https:\/\/consultvida.com.br\/blog\/wp-content\/uploads\/2022\/07\/plano-saude9.jpg 1280w\" sizes=\"(max-width: 1024px) 100vw, 1024px\" \/><\/figure>\n\n\n\n<h2 class=\"wp-block-heading\">Simular os conv\u00eanios m\u00e9dicos Amil empresarial<\/h2>\n\n\n\n<p>Televendas Amil empresa: <strong>(11) 96967-0055<\/strong><\/p>\n\n\n\n<figure class=\"wp-block-image size-full\"><a href=\"https:\/\/api.whatsapp.com\/send?phone=5511969670055&amp;text=cotar-plano-saude\"><img decoding=\"async\" loading=\"lazy\" width=\"800\" height=\"451\" src=\"https:\/\/consultvida.com.br\/blog\/wp-content\/uploads\/2022\/07\/whatsapp.jpg\" alt=\"Simular Planos de sa\u00fade Amil\" class=\"wp-image-915\" srcset=\"https:\/\/consultvida.com.br\/blog\/wp-content\/uploads\/2022\/07\/whatsapp.jpg 800w, https:\/\/consultvida.com.br\/blog\/wp-content\/uploads\/2022\/07\/whatsapp-300x169.jpg 300w, https:\/\/consultvida.com.br\/blog\/wp-content\/uploads\/2022\/07\/whatsapp-768x433.jpg 768w, https:\/\/consultvida.com.br\/blog\/wp-content\/uploads\/2022\/07\/whatsapp-304x170.jpg 304w, https:\/\/consultvida.com.br\/blog\/wp-content\/uploads\/2022\/07\/whatsapp-370x209.jpg 370w\" sizes=\"(max-width: 800px) 100vw, 800px\" \/><\/a><\/figure>\n\n\n\n<p>Preencha o formul\u00e1rio abaixo, e receba em seu e-mail em poucos minutos, as tabelas de pre\u00e7os dos <strong>planos Amil empresarial<\/strong>.<\/p>\n\n\n\n<div class=\"wpforms-container wpforms-container-full\" id=\"wpforms-201\"><form id=\"wpforms-form-201\" class=\"wpforms-validate wpforms-form wpforms-ajax-form\" data-formid=\"201\" method=\"post\" enctype=\"multipart\/form-data\" action=\"\/blog\/wp-json\/wp\/v2\/posts\/1316\" data-token=\"2500eb9109e3bfa6b53987efc720ede6\" data-token-time=\"1777215305\"><noscript class=\"wpforms-error-noscript\">Ative o JavaScript no seu navegador para preencher este formul\u00e1rio.<\/noscript><div class=\"wpforms-field-container\"><div id=\"wpforms-201-field_0-container\" class=\"wpforms-field wpforms-field-name\" data-field-id=\"0\"><label class=\"wpforms-field-label\" for=\"wpforms-201-field_0\">Nome <span class=\"wpforms-required-label\">*<\/span><\/label><div class=\"wpforms-field-row wpforms-field-medium\"><div class=\"wpforms-field-row-block wpforms-first wpforms-one-half\"><input type=\"text\" id=\"wpforms-201-field_0\" class=\"wpforms-field-name-first wpforms-field-required\" name=\"wpforms[fields][0][first]\" required><label for=\"wpforms-201-field_0\" class=\"wpforms-field-sublabel after\">Nome<\/label><\/div><div class=\"wpforms-field-row-block wpforms-one-half\"><input type=\"text\" id=\"wpforms-201-field_0-last\" class=\"wpforms-field-name-last wpforms-field-required\" name=\"wpforms[fields][0][last]\" required><label for=\"wpforms-201-field_0-last\" class=\"wpforms-field-sublabel after\">Sobrenome<\/label><\/div><\/div><\/div><div id=\"wpforms-201-field_1-container\" class=\"wpforms-field wpforms-field-email\" data-field-id=\"1\"><label class=\"wpforms-field-label\" for=\"wpforms-201-field_1\">Email <span class=\"wpforms-required-label\">*<\/span><\/label><input type=\"email\" id=\"wpforms-201-field_1\" class=\"wpforms-field-medium wpforms-field-required\" name=\"wpforms[fields][1]\" spellcheck=\"false\" required><\/div><div id=\"wpforms-201-field_7-container\" class=\"wpforms-field wpforms-field-text\" data-field-id=\"7\"><label class=\"wpforms-field-label\" for=\"wpforms-201-field_7\">Telefone <span class=\"wpforms-required-label\">*<\/span><\/label><input type=\"text\" id=\"wpforms-201-field_7\" class=\"wpforms-field-medium wpforms-field-required\" name=\"wpforms[fields][7]\" required><\/div><div id=\"wpforms-201-field_8-container\" class=\"wpforms-field wpforms-field-text\" data-field-id=\"8\"><label class=\"wpforms-field-label\" for=\"wpforms-201-field_8\">Cidade e Estado <span class=\"wpforms-required-label\">*<\/span><\/label><input type=\"text\" id=\"wpforms-201-field_8\" class=\"wpforms-field-medium wpforms-field-required\" name=\"wpforms[fields][8]\" required><\/div><div id=\"wpforms-201-field_9-container\" class=\"wpforms-field wpforms-field-text\" data-field-id=\"9\"><label class=\"wpforms-field-label\" for=\"wpforms-201-field_9\">Idade das Vidas <span class=\"wpforms-required-label\">*<\/span><\/label><input type=\"text\" id=\"wpforms-201-field_9\" class=\"wpforms-field-medium wpforms-field-required\" name=\"wpforms[fields][9]\" required><\/div><div id=\"wpforms-201-field_11-container\" class=\"wpforms-field wpforms-field-text\" data-field-id=\"11\"><label class=\"wpforms-field-label\" for=\"wpforms-201-field_11\">Informar se \u00e9 plano empresarial ou pessoa f\u00edsica <span class=\"wpforms-required-label\">*<\/span><\/label><input type=\"text\" id=\"wpforms-201-field_11\" class=\"wpforms-field-medium wpforms-field-required\" name=\"wpforms[fields][11]\" required><\/div><div id=\"wpforms-201-field_2-container\" class=\"wpforms-field wpforms-field-textarea\" data-field-id=\"2\"><label class=\"wpforms-field-label\" for=\"wpforms-201-field_2\">Descreva suas necessidades e coment\u00e1rio <span class=\"wpforms-required-label\">*<\/span><\/label><textarea id=\"wpforms-201-field_2\" class=\"wpforms-field-medium wpforms-field-required\" name=\"wpforms[fields][2]\" required><\/textarea><\/div><\/div><!-- .wpforms-field-container --><div class=\"wpforms-submit-container\" ><input type=\"hidden\" name=\"wpforms[id]\" value=\"201\"><input type=\"hidden\" name=\"page_title\" value=\"\"><input type=\"hidden\" name=\"page_url\" value=\"https:\/\/consultvida.com.br\/blog\/wp-json\/wp\/v2\/posts\/1316\"><button type=\"submit\" name=\"wpforms[submit]\" id=\"wpforms-submit-201\" class=\"wpforms-submit\" data-alt-text=\"enviando...\" data-submit-text=\"Enviar\" aria-live=\"assertive\" value=\"wpforms-submit\">Enviar<\/button><img src=\"https:\/\/consultvida.com.br\/blog\/wp-content\/plugins\/wpforms-lite\/assets\/images\/submit-spin.svg\" class=\"wpforms-submit-spinner\" style=\"display: none;\" width=\"26\" height=\"26\" alt=\"Carregando\"><\/div><\/form><\/div>  <!-- .wpforms-container -->\n\n\n\n<h2 class=\"wp-block-heading\">Quais as linhas dispon\u00edveis de conv\u00eanios m\u00e9dicos Amil empresarial?<\/h2>\n\n\n\n<ol>\n<li>Amil F\u00e1cil S40 \u2013 S\u00e3o Paulo, Guarulhos e Rio de Janeiro<\/li>\n\n\n\n<li>Amil F\u00e1cil S60 \u2013 S\u00e3o Paulo, Jundia\u00ed, Baixada e Rio de Janeiro<\/li>\n\n\n\n<li>Amil F\u00e1cil S80 \u2013 SP, RJ, PR, DF e PE<\/li>\n\n\n\n<li>Amil S380<\/li>\n\n\n\n<li>Amil S450<\/li>\n\n\n\n<li>Amil S580<\/li>\n\n\n\n<li>Amil S750<\/li>\n\n\n\n<li>Amil One S1500<\/li>\n\n\n\n<li>Amil One S2500<\/li>\n\n\n\n<li>Amil One S6500 black<\/li>\n\n\n\n<li>Aditivo Amil Dental<\/li>\n\n\n\n<li>Aditivo Amil Assist\u00eancia Viagem Internacional<\/li>\n<\/ol>\n\n\n\n<p>Al\u00e9m disso, \u00e9 poss\u00edvel na contrata\u00e7\u00e3o do <strong><a href=\"https:\/\/consultvida.com.br\/blog\/plano-saude-amil\/\">plano de sa\u00fade Amil<\/a><\/strong>, sua empresa escolher mais de uma linha de plano, dependendo da necessidade de cada usu\u00e1rio.<\/p>\n\n\n\n<h2 class=\"wp-block-heading\">Benef\u00edcios dos conv\u00eanios m\u00e9dicos Amil empresarial<\/h2>\n\n\n\n<h3 class=\"wp-block-heading has-sky-blue-color has-text-color\">Ampla rede de atendimento<\/h3>\n\n\n\n<p>A Amil empresarial \u00e9 um dos conv\u00eanios m\u00e9dicos que possuem maior credenciamento de cl\u00ednicas, hospitais e laborat\u00f3rios do Brasil.<\/p>\n\n\n\n<p>Assim, a operadora consegue atender de forma a conseguir entregar as empresas uma medicina altamente moderna e segura, com ampla rede de atendimento.<\/p>\n\n\n\n<p>Bem como, suas linhas de conv\u00eanios m\u00e9dicos empresarial, possuem op\u00e7\u00f5es de coberturas regionais ou nacionais, de acordo com a necessidade de cada empresa.<\/p>\n\n\n\n<h3 class=\"wp-block-heading has-sky-blue-color has-text-color\">Aditivos no seu plano de sa\u00fade<\/h3>\n\n\n\n<p>Contratando um conv\u00eanio m\u00e9dico Amil empresarial, sua empresa ter\u00e1 benef\u00edcios de poder incluir aditivos no seu plano, aliado as necessidades de seus funcion\u00e1rios.<\/p>\n\n\n\n<p>Por exemplo, a Amil tem a op\u00e7\u00e3o do odontol\u00f3gico, Amil resgate, assist\u00eancia a viagem internacional.<\/p>\n\n\n\n<h3 class=\"wp-block-heading has-sky-blue-color has-text-color\">Facilidade na utiliza\u00e7\u00e3o<\/h3>\n\n\n\n<p>Quando avaliamos contratar um conv\u00eanio m\u00e9dico para empresas, n\u00e3o podemos deixar de conhecer suas facilidades na utiliza\u00e7\u00e3o do dia a dia.<\/p>\n\n\n\n<p>Acima de tudo, porque muitos planos causam um certo desconforto na sua utiliza\u00e7\u00e3o, sendo burocr\u00e1ticos e atrasos no seu agendamento.<\/p>\n\n\n\n<p>Assim, a Amil se destaca nesse ponto, pois al\u00e9m da seguran\u00e7a de um atendimento \u00e1gil, possui facilidades como o aplicativo Amil e a Telemedicina.<\/p>\n\n\n\n<h3 class=\"wp-block-heading has-sky-blue-color has-text-color\">Reembolso m\u00e9dico<\/h3>\n\n\n\n<p>Quando avaliamos uma boa op\u00e7\u00e3o de conv\u00eanios m\u00e9dicos com bons valores de reembolso, vamos notar que a Amil \u00e9 uma operadora ideal para contrata\u00e7\u00e3o.<\/p>\n\n\n\n<p>Primeiramente, porque possui uma ampla op\u00e7\u00e3o de linhas de planos de sa\u00fade, com op\u00e7\u00f5es para sua empresa poder avaliar o reembolso mais assertivo.<\/p>\n\n\n\n<p>Al\u00e9m disso, seu processo de solicita\u00e7\u00e3o de reembolso \u00e9 \u00e1gil e pode ser feito atrav\u00e9s do login empresarial no site da Amil.<\/p>\n\n\n\n<h2 class=\"wp-block-heading\">Formas de contratar o conv\u00eanio m\u00e9dico Amil<\/h2>\n\n\n\n<table id=\"tablepress-41\" class=\"tablepress tablepress-id-41\">\n<thead>\n<tr class=\"row-1 odd\">\n\t<th class=\"column-1\">Op\u00e7\u00f5es Amil<\/th><th class=\"column-2\">caracter\u00edsticas<\/th>\n<\/tr>\n<\/thead>\n<tbody class=\"row-hover\">\n<tr class=\"row-2 even\">\n\t<td class=\"column-1\">Modelo<\/td><td class=\"column-2\">com ou sem coparticipa\u00e7\u00e3o<\/td>\n<\/tr>\n<tr class=\"row-3 odd\">\n\t<td class=\"column-1\">Abrang\u00eancia<\/td><td class=\"column-2\">regional ou nacional<\/td>\n<\/tr>\n<tr class=\"row-4 even\">\n\t<td class=\"column-1\">Reembolso<\/td><td class=\"column-2\">n\u00edveis de reembolso<\/td>\n<\/tr>\n<tr class=\"row-5 odd\">\n\t<td class=\"column-1\">Odontol\u00f3gico<\/td><td class=\"column-2\">op\u00e7\u00e3o de incluir o plano dental<\/td>\n<\/tr>\n<tr class=\"row-6 even\">\n\t<td class=\"column-1\">Inclus\u00e3o de vidas<\/td><td class=\"column-2\">op\u00e7\u00e3o de incluir dependentes e agregados<\/td>\n<\/tr>\n<tr class=\"row-7 odd\">\n\t<td class=\"column-1\">aditivos Amil<\/td><td class=\"column-2\">assist\u00eancia viagem e Amil resgate<\/td>\n<\/tr>\n<tr class=\"row-8 even\">\n\t<td class=\"column-1\">Car\u00eancias<\/td><td class=\"column-2\">reduza suas car\u00eancias com plano anterior<\/td>\n<\/tr>\n<\/tbody>\n<\/table>\n<!-- #tablepress-41 from cache -->\n\n\n\n<h2 class=\"wp-block-heading\">Conv\u00eanios m\u00e9dicos Amil One<\/h2>\n\n\n\n<p>Para empresas que buscam um conv\u00eanio m\u00e9dico premium, a Amil possui as linhas One, muito comercializadas para s\u00f3cios de empresas.<\/p>\n\n\n\n<p>Sobretudo, para empresas que prezam por uma qualidade na medicina privada, e est\u00e3o em busca de conv\u00eanios m\u00e9dicos com hospitais e laborat\u00f3rios de ponta.<\/p>\n\n\n\n<h2 class=\"wp-block-heading\">Conv\u00eanios Amil dental<\/h2>\n\n\n\n<p>Contratando seu conv\u00eanio m\u00e9dico Amil empresarial, ainda sua empresa tem a op\u00e7\u00e3o de incluir o odontol\u00f3gico, podendo oferecer um benef\u00edcio a mais para seus colaboradores.<\/p>\n\n\n\n<p>Al\u00e9m disso, o valor do Amil dental \u00e9 bem acess\u00edvel e j\u00e1 conta com cobertura em rede nacional.<\/p>\n\n\n\n<figure class=\"wp-block-image size-large\"><img decoding=\"async\" loading=\"lazy\" width=\"1024\" height=\"682\" src=\"https:\/\/consultvida.com.br\/blog\/wp-content\/uploads\/2022\/08\/plano-saude5-1024x682.jpg\" alt=\"Amil empresarial\" class=\"wp-image-1133\" srcset=\"https:\/\/consultvida.com.br\/blog\/wp-content\/uploads\/2022\/08\/plano-saude5-1024x682.jpg 1024w, https:\/\/consultvida.com.br\/blog\/wp-content\/uploads\/2022\/08\/plano-saude5-300x200.jpg 300w, https:\/\/consultvida.com.br\/blog\/wp-content\/uploads\/2022\/08\/plano-saude5-768x512.jpg 768w, https:\/\/consultvida.com.br\/blog\/wp-content\/uploads\/2022\/08\/plano-saude5-370x247.jpg 370w, https:\/\/consultvida.com.br\/blog\/wp-content\/uploads\/2022\/08\/plano-saude5.jpg 1280w\" sizes=\"(max-width: 1024px) 100vw, 1024px\" \/><\/figure>\n\n\n\n<h2 class=\"wp-block-heading\">D\u00favidas frequentes dos conv\u00eanios m\u00e9dicos Amil empresarial<\/h2>\n\n\n\n<h3 class=\"wp-block-heading has-sky-blue-color has-text-color\">Posso contratar o conv\u00eanio Amil pelo MEI?<\/h3>\n\n\n\n<p>Sim, empresas MEI que j\u00e1 possuem mais de 6 meses abertas, j\u00e1 podem aderir as linhas de planos da Amil no modelo empresarial.<\/p>\n\n\n\n<h3 class=\"wp-block-heading has-sky-blue-color has-text-color\">Qual a vantagem de contratar a Amil por CNPJ?<\/h3>\n\n\n\n<p>A grande vantagem \u00e9 o valor da sua mensalidade, que pode chegar a 50% de desconto, comparado a mesma linha de plano no modelo pessoa f\u00edsica.<\/p>\n\n\n\n<p>Al\u00e9m disso, dependendo da quantidade de vidas, sua empresa consegue aderir a um conv\u00eanio Amil com car\u00eancias bem menores.<\/p>\n\n\n\n<h3 class=\"wp-block-heading has-sky-blue-color has-text-color\">Os conv\u00eanios m\u00e9dicos Amil empresarial possuem fidelidade?<\/h3>\n\n\n\n<p>Sim, contratando seu plano de sa\u00fade na Amil para empresas, possui uma fidelidade de 1 ano no contrato.<\/p>\n\n\n\n<h3 class=\"wp-block-heading has-sky-blue-color has-text-color\">Como contratar a Amil empresarial?<\/h3>\n\n\n\n<p>Basta entrar em contato com a nossa equipe de vendas Amil, que nossos consultores est\u00e3o aptos a ajudar sua empresa em todo processo de an\u00e1lise e parte documental.<\/p>\n\n\n\n<figure class=\"wp-block-image size-large\"><img decoding=\"async\" loading=\"lazy\" width=\"1024\" height=\"683\" src=\"https:\/\/consultvida.com.br\/blog\/wp-content\/uploads\/2022\/07\/brasilia-1024x683.jpg\" alt=\"Planos de sa\u00fade Amil empresarial\" class=\"wp-image-626\" srcset=\"https:\/\/consultvida.com.br\/blog\/wp-content\/uploads\/2022\/07\/brasilia-1024x683.jpg 1024w, https:\/\/consultvida.com.br\/blog\/wp-content\/uploads\/2022\/07\/brasilia-300x200.jpg 300w, https:\/\/consultvida.com.br\/blog\/wp-content\/uploads\/2022\/07\/brasilia-768x512.jpg 768w, https:\/\/consultvida.com.br\/blog\/wp-content\/uploads\/2022\/07\/brasilia-370x247.jpg 370w, https:\/\/consultvida.com.br\/blog\/wp-content\/uploads\/2022\/07\/brasilia.jpg 1200w\" sizes=\"(max-width: 1024px) 100vw, 1024px\" \/><\/figure>\n\n\n\n<h2 class=\"wp-block-heading\">Tabela de pre\u00e7os dos conv\u00eanios Amil empresarial<\/h2>\n\n\n\n<p>Atrav\u00e9s do porte da sua empresa, os <strong><a href=\"https:\/\/planosdesaudeamil.com.br\/\">planos de sa\u00fade Amil<\/a><\/strong> empresarial possuem uma tabela de pre\u00e7os espec\u00edfico para sua comercializa\u00e7\u00e3o.<\/p>\n\n\n\n<ul>\n<li>PME porte I \u2013 empresas de 2 a 29 benefici\u00e1rios<\/li>\n\n\n\n<li>PME porte II \u2013 empresas de 30 a 99 benefici\u00e1rios<\/li>\n\n\n\n<li>PJ \u2013 empresas acima de 100 benefici\u00e1rios<\/li>\n<\/ul>\n\n\n\n<h2 class=\"wp-block-heading\">Benef\u00edcios dos conv\u00eanios m\u00e9dicos Amil f\u00e1cil<\/h2>\n\n\n\n<p>A Amil possui para algumas cidades do Brasil, conv\u00eanios m\u00e9dicos com abrang\u00eancia regional e \u00f3timos custos. Conhe\u00e7a alguns benef\u00edcios.<\/p>\n\n\n\n<ul>\n<li>Amil Espa\u00e7o Sa\u00fade<\/li>\n\n\n\n<li>Telemedicina Amil<\/li>\n\n\n\n<li>Programa Primeiros Cuidados<\/li>\n\n\n\n<li>Desconto Farm\u00e1cia 35% de desconto<\/li>\n<\/ul>\n\n\n\n<h2 class=\"wp-block-heading\">Vig\u00eancia e renova\u00e7\u00e3o dos conv\u00eanios m\u00e9dicos Amil<\/h2>\n\n\n\n<p>A vig\u00eancia dos conv\u00eanios m\u00e9dicos Amil s\u00e3o de 12 (doze) meses e ter\u00e1 in\u00edcio com a confirma\u00e7\u00e3o de pagamento do primeiro boleto disponibilizado pelo site de vendas Proposta Online.<\/p>\n\n\n\n<p>Dessa forma, o Contrato ser\u00e1 renovado automaticamente, por tempo indeterminado, caso n\u00e3o haja manifesta\u00e7\u00e3o contr\u00e1ria de qualquer uma das partes, por escrito.<\/p>\n\n\n\n<h2 class=\"wp-block-heading\">O conv\u00eanio m\u00e9dico Amil empresarial \u00e9 bom?<\/h2>\n\n\n\n<p>A Amil empresarial \u00e9 considerada hoje umas das melhores op\u00e7\u00f5es da sua empresa poder aderir a uma sa\u00fade privada de qualidade.<\/p>\n\n\n\n<p>Assim, com uma rede de atendimento robusta, os conv\u00eanios m\u00e9dicos Amil empresarial s\u00e3o uns dos mais seguros e considerados como uma medicina premium no Brasil.<\/p>\n\n\n\n<p>Bem como, de acordo com o \u00edndice de desempenho dos planos de sa\u00fade da ANS, a Amil se destaca com \u00f3tima pontua\u00e7\u00e3o.<\/p>\n\n\n\n<h2 class=\"wp-block-heading\">Para quem \u00e9 indicado os conv\u00eanios m\u00e9dicos Amil empresarial?<\/h2>\n\n\n\n<p>Para todas as empresas que valorizam sua equipe de funcion\u00e1rios e est\u00e3o em busca de um plano de sa\u00fade com qualidade e seguran\u00e7a.<\/p>\n\n\n\n<p>Bem como, a Amil empresarial por ter uma ampla linha de planos de sa\u00fade dispon\u00edveis, consegue atender de forma assertiva empresas com necessidades distintas.<\/p>\n\n\n\n<p>Al\u00e9m disso, todos sabemos da import\u00e2ncia e satisfa\u00e7\u00e3o de um funcion\u00e1rio que possui um bom plano de sa\u00fade, sendo uma \u00f3tima forma da sua empresa reter talentos.<\/p>\n\n\n\n<h2 class=\"wp-block-heading\">\u00c1reas de Comercializa\u00e7\u00e3o dos conv\u00eanios Amil empresarial<\/h2>\n\n\n\n<p>Os conv\u00eanios m\u00e9dicos Amil Empresarial est\u00e3o presente em todo o territ\u00f3rio Nacional, oferecendo as melhores coberturas e acesso a uma medicina de ponta.<\/p>\n\n\n\n<p>Assim, basta possuir um CNPJ ativo para adquirir o seu conv\u00eanio Amil empresarial, de acordo com a tabela de pre\u00e7os da sua localidade.<\/p>\n\n\n\n<figure class=\"wp-block-image size-large\"><img decoding=\"async\" loading=\"lazy\" width=\"1024\" height=\"332\" src=\"https:\/\/consultvida.com.br\/blog\/wp-content\/uploads\/2022\/07\/amil-1024x332.jpg\" alt=\"Conv\u00eanios M\u00e9dicos Empresarial Amil\" class=\"wp-image-561\" srcset=\"https:\/\/consultvida.com.br\/blog\/wp-content\/uploads\/2022\/07\/amil-1024x332.jpg 1024w, https:\/\/consultvida.com.br\/blog\/wp-content\/uploads\/2022\/07\/amil-300x97.jpg 300w, https:\/\/consultvida.com.br\/blog\/wp-content\/uploads\/2022\/07\/amil-768x249.jpg 768w, https:\/\/consultvida.com.br\/blog\/wp-content\/uploads\/2022\/07\/amil-370x120.jpg 370w, https:\/\/consultvida.com.br\/blog\/wp-content\/uploads\/2022\/07\/amil.jpg 1280w\" sizes=\"(max-width: 1024px) 100vw, 1024px\" \/><\/figure>\n\n\n\n<h2 class=\"wp-block-heading\">Conv\u00eanios M\u00e9dicos Empresarial Amil<\/h2>\n\n\n\n<p>Depender do sistema de sa\u00fade no Brasil pode ser um desafio, devido a inseguran\u00e7a nas demoras de atendimento.<\/p>\n\n\n\n<p>Assim, os conv\u00eanios m\u00e9dicos empresarial Amil, se tornam uma \u00f3tima op\u00e7\u00e3o, para que sua empresa ofere\u00e7a a seus funcion\u00e1rios uma sa\u00fade de qualidade.<\/p>\n\n\n\n<p>Ou seja, cada vez mais a procura por planos privados tem aumentado, e a Amil est\u00e1 entre as melhores e mais qualificadas medicinas no Brasil.<\/p>\n\n\n\n<p>Afinal, nada melhor que manter seus colaboradores satisfeitos com a empresa, sendo um dos fatores de reten\u00e7\u00e3o de talentos.<\/p>\n\n\n\n<h3 class=\"wp-block-heading has-sky-blue-color has-text-color\">Como avaliar os Conv\u00eanios M\u00e9dicos Empresarial Amil?<\/h3>\n\n\n\n<p>Podemos afirmar que n\u00e3o \u00e9 f\u00e1cil analisar cada linha de plano da Amil empresa, para assim, acertar na escolha do seu plano de sa\u00fade.<\/p>\n\n\n\n<p>Por isso, temos uma equipe de corretores apta a poder auxiliar o RH da sua empresa em todo esse processo de an\u00e1lise.<\/p>\n\n\n\n<p>Assim, detalhes importantes como a rede de atendimento, car\u00eancias, reembolso e op\u00e7\u00e3o de incluir aditivos em seu contrato.<\/p>\n\n\n\n<h3 class=\"wp-block-heading has-sky-blue-color has-text-color\">Por que o Conv\u00eanio M\u00e9dico Empresarial Amil est\u00e1 entre os melhores?<\/h3>\n\n\n\n<p>S\u00e3o anos de sa\u00fade privada que levam a Amil a ser respeitada e desejada pelas empresas na \u00e1rea da sa\u00fade privada.<\/p>\n\n\n\n<p>Bem como, al\u00e9m de entregar um conv\u00eanio m\u00e9dico seguro e qualificado, a operadora est\u00e1 entre as mais bem avaliadas na \u00e1rea da sa\u00fade.<\/p>\n\n\n\n<p>Por isso, pense bem ao aderir um plano de sa\u00fade somente avaliando o menor pre\u00e7o, e evite dores de cabe\u00e7a futuras.<\/p>\n\n\n\n<h3 class=\"wp-block-heading has-sky-blue-color has-text-color\">Quem pode aderir ao Conv\u00eanio M\u00e9dico Empresarial Amil?<\/h3>\n\n\n\n<p>Empresas que possuam CNPJ ativo, com pelo menos 2 vidas no contrato, j\u00e1 podem aderir as linhas da Amil para empresas.<\/p>\n\n\n\n<p>Al\u00e9m disso, a Amil \u00e9 uma operadora bem flex\u00edvel na aceita\u00e7\u00e3o de vidas, podendo estender o benef\u00edcio a dependente e agregado.<\/p>\n\n\n\n<h3 class=\"wp-block-heading has-sky-blue-color has-text-color\">Vantagens do conv\u00eanio Amil empresarial<\/h3>\n\n\n\n<p>A Amil possui uma das redes de atendimento mais qualificadas, com hospitais e laborat\u00f3rios de refer\u00eancia em seus conv\u00eanios.<\/p>\n\n\n\n<p>Bem como, na Amil sua empresa poder\u00e1 ainda incluir aditivos como por exemplo, o odontol\u00f3gico, Amil resgate e assist\u00eancia a viagem.<\/p>\n\n\n\n<p>Por outro lado, a Amil consegue atender a diversas necessidades das empresas, com uma vasta op\u00e7\u00e3o de linhas de planos dispon\u00edveis.<\/p>\n\n\n\n<figure class=\"wp-block-image size-large\"><img decoding=\"async\" loading=\"lazy\" width=\"1024\" height=\"682\" src=\"https:\/\/consultvida.com.br\/blog\/wp-content\/uploads\/2022\/08\/plano-saude10-1024x682.jpg\" alt=\"conv\u00eanio m\u00e9dico empresarial\" class=\"wp-image-1183\" srcset=\"https:\/\/consultvida.com.br\/blog\/wp-content\/uploads\/2022\/08\/plano-saude10-1024x682.jpg 1024w, https:\/\/consultvida.com.br\/blog\/wp-content\/uploads\/2022\/08\/plano-saude10-300x200.jpg 300w, https:\/\/consultvida.com.br\/blog\/wp-content\/uploads\/2022\/08\/plano-saude10-768x512.jpg 768w, https:\/\/consultvida.com.br\/blog\/wp-content\/uploads\/2022\/08\/plano-saude10-370x247.jpg 370w, https:\/\/consultvida.com.br\/blog\/wp-content\/uploads\/2022\/08\/plano-saude10.jpg 1280w\" sizes=\"(max-width: 1024px) 100vw, 1024px\" \/><\/figure>\n\n\n\n<h2 class=\"wp-block-heading\">Procurando um conv\u00eanio m\u00e9dico empresarial?<\/h2>\n\n\n\n<p>Quando voc\u00ea estiver procurando por um conv\u00eanio m\u00e9dico empresarial, vai perceber logo no come\u00e7o que precisa tomar uma decis\u00e3o e avaliar as op\u00e7\u00f5es do mercado.<\/p>\n\n\n\n<p>Por isso, separamos alguns pontos importantes, para que sua empresa entenda alguns benef\u00edcios da Amil empresarial.<\/p>\n\n\n\n<h4 class=\"wp-block-heading has-sky-blue-color has-text-color\">Contrate apenas o necess\u00e1rio<\/h4>\n\n\n\n<p>Parece \u00f3bvio querer o plano completo certo? Entretanto, ele acaba tendo custos muito mais elevados, sendo inacess\u00edvel para muitas empresas.<\/p>\n\n\n\n<p>Por isso, avalie bem as linhas dispon\u00edveis na Amil empresarial, para escolher um conv\u00eanio m\u00e9dico com menor custo.<\/p>\n\n\n\n<p>Assim, sua empresa poder\u00e1 oferecer o benef\u00edcio de um excelente plano de sa\u00fade para seus funcion\u00e1rios, sem comprometer sua folha de pagamento.<\/p>\n\n\n\n<p>Al\u00e9m disso, mesmo os conv\u00eanios m\u00e9dicos da Amil com cobertura regional, possui uma rede de atendimento bem completa.<\/p>\n\n\n\n<h4 class=\"wp-block-heading has-sky-blue-color has-text-color\">Onde voc\u00ea quer ser atendido?<\/h4>\n\n\n\n<p>Se voc\u00ea \u00e9 uma pessoa que viaja muito a trabalho, talvez um plano com abrang\u00eancia nacional fa\u00e7a sentido, numa eventual necessidade fora da sua cidade.<\/p>\n\n\n\n<p>Entretanto, sabemos que essa n\u00e3o \u00e9 a realidade da maioria das pessoas, sendo que as linhas da Amil com abrang\u00eancia regional, pode valer muito mais a pena em quest\u00e3o de custo-benef\u00edcio.<\/p>\n\n\n\n<p>Al\u00e9m disso, nossos consultores poder\u00e3o avaliar hospitais e laborat\u00f3rios de sua confian\u00e7a. Se voc\u00ea est\u00e1 pagando por um servi\u00e7o, deseja ser atendido nos melhores locais, certo?<\/p>\n\n\n\n<h4 class=\"wp-block-heading has-sky-blue-color has-text-color\">Que tipo de acomoda\u00e7\u00e3o voc\u00ea prefere?<\/h4>\n\n\n\n<p>\u00c9 claro que ningu\u00e9m gosta nem de pensar em precisar ficar internado. Mas, como sabemos, a nossa sa\u00fade pode ser imprevis\u00edvel.<\/p>\n\n\n\n<p>Por isso, avalie bem se voc\u00ea prefere ficar em um quarto individual ou na enfermaria, numa necessidade de interna\u00e7\u00e3o.<\/p>\n\n\n\n<p>Cada vez mais, a Amil amplia suas linhas e formatos de contrata\u00e7\u00e3o, para que cada cliente possa encontrar o conv\u00eanio m\u00e9dico empresarial ideal as suas necessidades.<\/p>\n\n\n\n<h2 class=\"wp-block-heading\">Como contratar um conv\u00eanio m\u00e9dico Amil mais barato?<\/h2>\n\n\n\n<p>Ser\u00e1 que \u00e9 poss\u00edvel contratar um conv\u00eanio m\u00e9dico Amil para minha empresa pagando menos?<\/p>\n\n\n\n<p>A resposta \u00e9 sim, pois atrav\u00e9s de uma an\u00e1lise da sua empresa, adequamos seu contrato no modelo de contrata\u00e7\u00e3o com valores mais baratos.<\/p>\n\n\n\n<p>Por exemplo, existe a contrata\u00e7\u00e3o compuls\u00f3ria na Amil empresarial, com valores mais acess\u00edveis.<\/p>\n\n\n\n<h2 class=\"wp-block-heading\">Vale a pena investir no conv\u00eanio m\u00e9dico Amil empresarial?<\/h2>\n\n\n\n<p>Depender do sistema p\u00fablico pode ser um desafio quando pensamos na demora no atendimento, sem falar no benef\u00edcio a sa\u00fade de seus colaboradores.<\/p>\n\n\n\n<p>N\u00e3o \u00e0 toa, que os conv\u00eanios m\u00e9dicos est\u00e3o entre os principais desejos dos Brasileiros, e sua empresa poder\u00e1 reter talentos com esse benef\u00edcio.<\/p>\n\n\n\n<p>Ou seja, cada vez mais a procura por planos privados tem aumentado, e sua empresa j\u00e1 pensou na qualidade de vida da sua equipe?<\/p>\n\n\n\n<p>Portanto, solicite uma an\u00e1lise dos nossos consultores, para ajudarmos sua empresa a encontrar o conv\u00eanio m\u00e9dico Amil mais assertivo.<\/p>\n","protected":false},"excerpt":{"rendered":"<p>Os conv\u00eanios m\u00e9dicos Amil empresarial podem ser contratados a partir de 2 vidas para quem [&hellip;]<\/p>\n","protected":false},"author":1,"featured_media":1052,"comment_status":"closed","ping_status":"closed","sticky":false,"template":"","format":"standard","meta":[],"categories":[125,3],"tags":[129],"yoast_head":"<!-- This site is optimized with the Yoast SEO plugin v21.0 - https:\/\/yoast.com\/wordpress\/plugins\/seo\/ -->\n<title>Conv\u00eanios m\u00e9dicos Amil empresarial - Conv\u00eanio Amil com 30% de desconto<\/title>\n<meta name=\"description\" content=\"Saiba como contratar os conv\u00eanios m\u00e9dicos Amil empresarial com descontos incr\u00edveis. Conhe\u00e7a os benef\u00edcios Amil e simule aqui.\" \/>\n<meta name=\"robots\" content=\"index, follow, max-snippet:-1, max-image-preview:large, max-video-preview:-1\" \/>\n<link rel=\"canonical\" href=\"https:\/\/consultvida.com.br\/blog\/convenios-medicos-amil-empresarial\/\" \/>\n<meta property=\"og:locale\" content=\"pt_BR\" \/>\n<meta property=\"og:type\" content=\"article\" \/>\n<meta property=\"og:title\" content=\"Conv\u00eanios m\u00e9dicos Amil empresarial - Conv\u00eanio Amil com 30% de desconto\" \/>\n<meta property=\"og:description\" content=\"Saiba como contratar os conv\u00eanios m\u00e9dicos Amil empresarial com descontos incr\u00edveis. Conhe\u00e7a os benef\u00edcios Amil e simule aqui.\" \/>\n<meta property=\"og:url\" content=\"https:\/\/consultvida.com.br\/blog\/convenios-medicos-amil-empresarial\/\" \/>\n<meta property=\"og:site_name\" content=\"Planos de Sa\u00fade em S\u00e3o Paulo, Planos de Sa\u00fade SP\" \/>\n<meta property=\"article:published_time\" content=\"2022-12-16T02:50:27+00:00\" \/>\n<meta property=\"article:modified_time\" content=\"2024-06-11T02:48:15+00:00\" \/>\n<meta property=\"og:image\" content=\"https:\/\/consultvida.com.br\/blog\/wp-content\/uploads\/2022\/08\/plano-saude9p.jpg\" \/>\n\t<meta property=\"og:image:width\" content=\"282\" \/>\n\t<meta property=\"og:image:height\" content=\"189\" \/>\n\t<meta property=\"og:image:type\" content=\"image\/jpeg\" \/>\n<meta name=\"author\" content=\"saudeconsultvida\" \/>\n<meta name=\"twitter:card\" content=\"summary_large_image\" \/>\n<meta name=\"twitter:label1\" content=\"Escrito por\" \/>\n\t<meta name=\"twitter:data1\" content=\"saudeconsultvida\" \/>\n\t<meta name=\"twitter:label2\" content=\"Est. tempo de leitura\" \/>\n\t<meta name=\"twitter:data2\" content=\"12 minutos\" \/>\n<script type=\"application\/ld+json\" class=\"yoast-schema-graph\">{\"@context\":\"https:\/\/schema.org\",\"@graph\":[{\"@type\":\"Article\",\"@id\":\"https:\/\/consultvida.com.br\/blog\/convenios-medicos-amil-empresarial\/#article\",\"isPartOf\":{\"@id\":\"https:\/\/consultvida.com.br\/blog\/convenios-medicos-amil-empresarial\/\"},\"author\":{\"name\":\"saudeconsultvida\",\"@id\":\"https:\/\/consultvida.com.br\/blog\/#\/schema\/person\/82250e6ae90dcc5379de81d08e738f7c\"},\"headline\":\"Conv\u00eanios m\u00e9dicos Amil empresarial\",\"datePublished\":\"2022-12-16T02:50:27+00:00\",\"dateModified\":\"2024-06-11T02:48:15+00:00\",\"mainEntityOfPage\":{\"@id\":\"https:\/\/consultvida.com.br\/blog\/convenios-medicos-amil-empresarial\/\"},\"wordCount\":2162,\"publisher\":{\"@id\":\"https:\/\/consultvida.com.br\/blog\/#organization\"},\"keywords\":[\"Amil empresarial\"],\"articleSection\":[\"Amil empresa\",\"planos de sa\u00fade\"],\"inLanguage\":\"pt-BR\"},{\"@type\":\"WebPage\",\"@id\":\"https:\/\/consultvida.com.br\/blog\/convenios-medicos-amil-empresarial\/\",\"url\":\"https:\/\/consultvida.com.br\/blog\/convenios-medicos-amil-empresarial\/\",\"name\":\"Conv\u00eanios m\u00e9dicos Amil empresarial - Conv\u00eanio Amil com 30% de desconto\",\"isPartOf\":{\"@id\":\"https:\/\/consultvida.com.br\/blog\/#website\"},\"datePublished\":\"2022-12-16T02:50:27+00:00\",\"dateModified\":\"2024-06-11T02:48:15+00:00\",\"description\":\"Saiba como contratar os conv\u00eanios m\u00e9dicos Amil empresarial com descontos incr\u00edveis. Conhe\u00e7a os benef\u00edcios Amil e simule aqui.\",\"breadcrumb\":{\"@id\":\"https:\/\/consultvida.com.br\/blog\/convenios-medicos-amil-empresarial\/#breadcrumb\"},\"inLanguage\":\"pt-BR\",\"potentialAction\":[{\"@type\":\"ReadAction\",\"target\":[\"https:\/\/consultvida.com.br\/blog\/convenios-medicos-amil-empresarial\/\"]}]},{\"@type\":\"BreadcrumbList\",\"@id\":\"https:\/\/consultvida.com.br\/blog\/convenios-medicos-amil-empresarial\/#breadcrumb\",\"itemListElement\":[{\"@type\":\"ListItem\",\"position\":1,\"name\":\"In\u00edcio\",\"item\":\"https:\/\/consultvida.com.br\/blog\/\"},{\"@type\":\"ListItem\",\"position\":2,\"name\":\"Conv\u00eanios m\u00e9dicos Amil empresarial\"}]},{\"@type\":\"WebSite\",\"@id\":\"https:\/\/consultvida.com.br\/blog\/#website\",\"url\":\"https:\/\/consultvida.com.br\/blog\/\",\"name\":\"Planos de Sa\u00fade em S\u00e3o Paulo, Planos de Sa\u00fade SP\",\"description\":\"Simular Planos de Sa\u00fade em S\u00e3o Paulo\",\"publisher\":{\"@id\":\"https:\/\/consultvida.com.br\/blog\/#organization\"},\"potentialAction\":[{\"@type\":\"SearchAction\",\"target\":{\"@type\":\"EntryPoint\",\"urlTemplate\":\"https:\/\/consultvida.com.br\/blog\/?s={search_term_string}\"},\"query-input\":\"required name=search_term_string\"}],\"inLanguage\":\"pt-BR\"},{\"@type\":\"Organization\",\"@id\":\"https:\/\/consultvida.com.br\/blog\/#organization\",\"name\":\"Planos de Sa\u00fade em S\u00e3o Paulo, Planos de Sa\u00fade SP\",\"url\":\"https:\/\/consultvida.com.br\/blog\/\",\"logo\":{\"@type\":\"ImageObject\",\"inLanguage\":\"pt-BR\",\"@id\":\"https:\/\/consultvida.com.br\/blog\/#\/schema\/logo\/image\/\",\"url\":\"https:\/\/consultvida.com.br\/blog\/wp-content\/uploads\/2024\/10\/logo-15anos.jpg\",\"contentUrl\":\"https:\/\/consultvida.com.br\/blog\/wp-content\/uploads\/2024\/10\/logo-15anos.jpg\",\"width\":317,\"height\":115,\"caption\":\"Planos de Sa\u00fade em S\u00e3o Paulo, Planos de Sa\u00fade SP\"},\"image\":{\"@id\":\"https:\/\/consultvida.com.br\/blog\/#\/schema\/logo\/image\/\"}},{\"@type\":\"Person\",\"@id\":\"https:\/\/consultvida.com.br\/blog\/#\/schema\/person\/82250e6ae90dcc5379de81d08e738f7c\",\"name\":\"saudeconsultvida\",\"image\":{\"@type\":\"ImageObject\",\"inLanguage\":\"pt-BR\",\"@id\":\"https:\/\/consultvida.com.br\/blog\/#\/schema\/person\/image\/\",\"url\":\"https:\/\/secure.gravatar.com\/avatar\/ed1677e671fcc8fb0ce8b05b9a2d754b?s=96&d=mm&r=g\",\"contentUrl\":\"https:\/\/secure.gravatar.com\/avatar\/ed1677e671fcc8fb0ce8b05b9a2d754b?s=96&d=mm&r=g\",\"caption\":\"saudeconsultvida\"},\"description\":\"A Consult Vida \u00e9 uma corretora de benef\u00edcios especializada em Conv\u00eanios M\u00e9dicos Empresarial e PF, Odontol\u00f3gicos e Seguros de Vida. Somos credenciados nas operadoras de planos de sa\u00fade com os melhores custos do mercado.\",\"sameAs\":[\"https:\/\/consultvida.com.br\"],\"url\":\"https:\/\/consultvida.com.br\/blog\/author\/saudeconsultvida\/\"}]}<\/script>\n<!-- \/ Yoast SEO plugin. -->","yoast_head_json":{"title":"Conv\u00eanios m\u00e9dicos Amil empresarial - Conv\u00eanio Amil com 30% de desconto","description":"Saiba como contratar os conv\u00eanios m\u00e9dicos Amil empresarial com descontos incr\u00edveis. Conhe\u00e7a os benef\u00edcios Amil e simule aqui.","robots":{"index":"index","follow":"follow","max-snippet":"max-snippet:-1","max-image-preview":"max-image-preview:large","max-video-preview":"max-video-preview:-1"},"canonical":"https:\/\/consultvida.com.br\/blog\/convenios-medicos-amil-empresarial\/","og_locale":"pt_BR","og_type":"article","og_title":"Conv\u00eanios m\u00e9dicos Amil empresarial - Conv\u00eanio Amil com 30% de desconto","og_description":"Saiba como contratar os conv\u00eanios m\u00e9dicos Amil empresarial com descontos incr\u00edveis. Conhe\u00e7a os benef\u00edcios Amil e simule aqui.","og_url":"https:\/\/consultvida.com.br\/blog\/convenios-medicos-amil-empresarial\/","og_site_name":"Planos de Sa\u00fade em S\u00e3o Paulo, Planos de Sa\u00fade SP","article_published_time":"2022-12-16T02:50:27+00:00","article_modified_time":"2024-06-11T02:48:15+00:00","og_image":[{"width":282,"height":189,"url":"https:\/\/consultvida.com.br\/blog\/wp-content\/uploads\/2022\/08\/plano-saude9p.jpg","type":"image\/jpeg"}],"author":"saudeconsultvida","twitter_card":"summary_large_image","twitter_misc":{"Escrito por":"saudeconsultvida","Est. tempo de leitura":"12 minutos"},"schema":{"@context":"https:\/\/schema.org","@graph":[{"@type":"Article","@id":"https:\/\/consultvida.com.br\/blog\/convenios-medicos-amil-empresarial\/#article","isPartOf":{"@id":"https:\/\/consultvida.com.br\/blog\/convenios-medicos-amil-empresarial\/"},"author":{"name":"saudeconsultvida","@id":"https:\/\/consultvida.com.br\/blog\/#\/schema\/person\/82250e6ae90dcc5379de81d08e738f7c"},"headline":"Conv\u00eanios m\u00e9dicos Amil empresarial","datePublished":"2022-12-16T02:50:27+00:00","dateModified":"2024-06-11T02:48:15+00:00","mainEntityOfPage":{"@id":"https:\/\/consultvida.com.br\/blog\/convenios-medicos-amil-empresarial\/"},"wordCount":2162,"publisher":{"@id":"https:\/\/consultvida.com.br\/blog\/#organization"},"keywords":["Amil empresarial"],"articleSection":["Amil empresa","planos de sa\u00fade"],"inLanguage":"pt-BR"},{"@type":"WebPage","@id":"https:\/\/consultvida.com.br\/blog\/convenios-medicos-amil-empresarial\/","url":"https:\/\/consultvida.com.br\/blog\/convenios-medicos-amil-empresarial\/","name":"Conv\u00eanios m\u00e9dicos Amil empresarial - Conv\u00eanio Amil com 30% de desconto","isPartOf":{"@id":"https:\/\/consultvida.com.br\/blog\/#website"},"datePublished":"2022-12-16T02:50:27+00:00","dateModified":"2024-06-11T02:48:15+00:00","description":"Saiba como contratar os conv\u00eanios m\u00e9dicos Amil empresarial com descontos incr\u00edveis. Conhe\u00e7a os benef\u00edcios Amil e simule aqui.","breadcrumb":{"@id":"https:\/\/consultvida.com.br\/blog\/convenios-medicos-amil-empresarial\/#breadcrumb"},"inLanguage":"pt-BR","potentialAction":[{"@type":"ReadAction","target":["https:\/\/consultvida.com.br\/blog\/convenios-medicos-amil-empresarial\/"]}]},{"@type":"BreadcrumbList","@id":"https:\/\/consultvida.com.br\/blog\/convenios-medicos-amil-empresarial\/#breadcrumb","itemListElement":[{"@type":"ListItem","position":1,"name":"In\u00edcio","item":"https:\/\/consultvida.com.br\/blog\/"},{"@type":"ListItem","position":2,"name":"Conv\u00eanios m\u00e9dicos Amil empresarial"}]},{"@type":"WebSite","@id":"https:\/\/consultvida.com.br\/blog\/#website","url":"https:\/\/consultvida.com.br\/blog\/","name":"Planos de Sa\u00fade em S\u00e3o Paulo, Planos de Sa\u00fade SP","description":"Simular Planos de Sa\u00fade em S\u00e3o Paulo","publisher":{"@id":"https:\/\/consultvida.com.br\/blog\/#organization"},"potentialAction":[{"@type":"SearchAction","target":{"@type":"EntryPoint","urlTemplate":"https:\/\/consultvida.com.br\/blog\/?s={search_term_string}"},"query-input":"required name=search_term_string"}],"inLanguage":"pt-BR"},{"@type":"Organization","@id":"https:\/\/consultvida.com.br\/blog\/#organization","name":"Planos de Sa\u00fade em S\u00e3o Paulo, Planos de Sa\u00fade SP","url":"https:\/\/consultvida.com.br\/blog\/","logo":{"@type":"ImageObject","inLanguage":"pt-BR","@id":"https:\/\/consultvida.com.br\/blog\/#\/schema\/logo\/image\/","url":"https:\/\/consultvida.com.br\/blog\/wp-content\/uploads\/2024\/10\/logo-15anos.jpg","contentUrl":"https:\/\/consultvida.com.br\/blog\/wp-content\/uploads\/2024\/10\/logo-15anos.jpg","width":317,"height":115,"caption":"Planos de Sa\u00fade em S\u00e3o Paulo, Planos de Sa\u00fade SP"},"image":{"@id":"https:\/\/consultvida.com.br\/blog\/#\/schema\/logo\/image\/"}},{"@type":"Person","@id":"https:\/\/consultvida.com.br\/blog\/#\/schema\/person\/82250e6ae90dcc5379de81d08e738f7c","name":"saudeconsultvida","image":{"@type":"ImageObject","inLanguage":"pt-BR","@id":"https:\/\/consultvida.com.br\/blog\/#\/schema\/person\/image\/","url":"https:\/\/secure.gravatar.com\/avatar\/ed1677e671fcc8fb0ce8b05b9a2d754b?s=96&d=mm&r=g","contentUrl":"https:\/\/secure.gravatar.com\/avatar\/ed1677e671fcc8fb0ce8b05b9a2d754b?s=96&d=mm&r=g","caption":"saudeconsultvida"},"description":"A Consult Vida \u00e9 uma corretora de benef\u00edcios especializada em Conv\u00eanios M\u00e9dicos Empresarial e PF, Odontol\u00f3gicos e Seguros de Vida. Somos credenciados nas operadoras de planos de sa\u00fade com os melhores custos do mercado.","sameAs":["https:\/\/consultvida.com.br"],"url":"https:\/\/consultvida.com.br\/blog\/author\/saudeconsultvida\/"}]}},"_links":{"self":[{"href":"https:\/\/consultvida.com.br\/blog\/wp-json\/wp\/v2\/posts\/1316"}],"collection":[{"href":"https:\/\/consultvida.com.br\/blog\/wp-json\/wp\/v2\/posts"}],"about":[{"href":"https:\/\/consultvida.com.br\/blog\/wp-json\/wp\/v2\/types\/post"}],"author":[{"embeddable":true,"href":"https:\/\/consultvida.com.br\/blog\/wp-json\/wp\/v2\/users\/1"}],"replies":[{"embeddable":true,"href":"https:\/\/consultvida.com.br\/blog\/wp-json\/wp\/v2\/comments?post=1316"}],"version-history":[{"count":15,"href":"https:\/\/consultvida.com.br\/blog\/wp-json\/wp\/v2\/posts\/1316\/revisions"}],"predecessor-version":[{"id":3761,"href":"https:\/\/consultvida.com.br\/blog\/wp-json\/wp\/v2\/posts\/1316\/revisions\/3761"}],"wp:featuredmedia":[{"embeddable":true,"href":"https:\/\/consultvida.com.br\/blog\/wp-json\/wp\/v2\/media\/1052"}],"wp:attachment":[{"href":"https:\/\/consultvida.com.br\/blog\/wp-json\/wp\/v2\/media?parent=1316"}],"wp:term":[{"taxonomy":"category","embeddable":true,"href":"https:\/\/consultvida.com.br\/blog\/wp-json\/wp\/v2\/categories?post=1316"},{"taxonomy":"post_tag","embeddable":true,"href":"https:\/\/consultvida.com.br\/blog\/wp-json\/wp\/v2\/tags?post=1316"}],"curies":[{"name":"wp","href":"https:\/\/api.w.org\/{rel}","templated":true}]}}