{"id":1729,"date":"2023-02-22T14:58:04","date_gmt":"2023-02-22T17:58:04","guid":{"rendered":"https:\/\/consultvida.com.br\/blog\/?p=1729"},"modified":"2023-08-03T19:01:45","modified_gmt":"2023-08-03T22:01:45","slug":"planos-saude-empresarial-manaus","status":"publish","type":"post","link":"https:\/\/consultvida.com.br\/blog\/planos-saude-empresarial-manaus\/","title":{"rendered":"Planos de sa\u00fade empresarial em Manaus"},"content":{"rendered":"\n<p>Saiba como contratar planos de sa\u00fade empresarial em Manaus, avaliando as op\u00e7\u00f5es com menor custo, al\u00e9m do bem-estar e sa\u00fade da sua equipe.<\/p>\n\n\n\n<h2 class=\"wp-block-heading\">A cidade de Manaus<\/h2>\n\n\n\n<p>Manaus \u00e9 a capital do estado do Amazonas, localizado na regi\u00e3o norte do Brasil. A cidade est\u00e1 situada \u00e0s margens do rio Negro, um dos principais afluentes do rio Amazonas, e \u00e9 considerada a maior cidade da Amaz\u00f4nia em termos de popula\u00e7\u00e3o.<\/p>\n\n\n\n<p>A cidade tamb\u00e9m \u00e9 conhecida pela sua exuberante natureza, com florestas, rios ao seu redor, al\u00e9m do encontro das \u00e1guas, uma das principais atra\u00e7\u00f5es tur\u00edsticas da regi\u00e3o.<\/p>\n\n\n\n<p><strong><a href=\"https:\/\/pt.wikipedia.org\/wiki\/Manaus\">Manaus<\/a><\/strong> \u00e9 tamb\u00e9m um importante polo industrial da regi\u00e3o norte do Brasil, com destaque para o Polo Industrial de Manaus, que concentra ind\u00fastrias de diversos segmentos, como eletroeletr\u00f4nicos, inform\u00e1tica, metalurgia e outros.<\/p>\n\n\n\n<figure class=\"wp-block-image size-large\"><img decoding=\"async\" loading=\"lazy\" width=\"1024\" height=\"683\" src=\"https:\/\/consultvida.com.br\/blog\/wp-content\/uploads\/2022\/07\/brasilia-1024x683.jpg\" alt=\"Planos de sa\u00fade empresarial em Manaus\" class=\"wp-image-626\" srcset=\"https:\/\/consultvida.com.br\/blog\/wp-content\/uploads\/2022\/07\/brasilia-1024x683.jpg 1024w, https:\/\/consultvida.com.br\/blog\/wp-content\/uploads\/2022\/07\/brasilia-300x200.jpg 300w, https:\/\/consultvida.com.br\/blog\/wp-content\/uploads\/2022\/07\/brasilia-768x512.jpg 768w, https:\/\/consultvida.com.br\/blog\/wp-content\/uploads\/2022\/07\/brasilia-370x247.jpg 370w, https:\/\/consultvida.com.br\/blog\/wp-content\/uploads\/2022\/07\/brasilia.jpg 1200w\" sizes=\"(max-width: 1024px) 100vw, 1024px\" \/><\/figure>\n\n\n\n<h2 class=\"wp-block-heading\">A Sa\u00fade Privada em Manaus<\/h2>\n\n\n\n<p>Manaus possui uma ampla rede de sa\u00fade privada, com hospitais, cl\u00ednicas, laborat\u00f3rios e consult\u00f3rios m\u00e9dicos que oferecem servi\u00e7os de qualidade e variedade de especialidades.<\/p>\n\n\n\n<p>Al\u00e9m disso, h\u00e1 v\u00e1rias cl\u00ednicas m\u00e9dicas privadas al\u00e9m de bons hospitais em Manaus que oferecem servi\u00e7os de consulta, diagn\u00f3stico e tratamento em diversas \u00e1reas da sa\u00fade.<\/p>\n\n\n\n<p>Embora a sa\u00fade privada em Manaus ofere\u00e7a servi\u00e7os de qualidade, \u00e9 importante lembrar que nem todos t\u00eam acesso a esse tipo de atendimento, devido aos altos custos.<\/p>\n\n\n\n<p>A maioria da popula\u00e7\u00e3o depende do <strong>Sistema \u00danico de Sa\u00fade (SUS)<\/strong>, que enfrenta muitos desafios, especialmente em regi\u00f5es mais afastadas e carentes da cidade.<\/p>\n\n\n\n<div class=\"wp-block-media-text alignwide has-media-on-the-right is-stacked-on-mobile is-image-fill has-background\" style=\"background-color:#e4f5e8;margin-top:var(--wp--preset--spacing--50);margin-right:var(--wp--preset--spacing--50);margin-bottom:var(--wp--preset--spacing--50);margin-left:var(--wp--preset--spacing--50)\"><div class=\"wp-block-media-text__content\">\n<h2 class=\"wp-block-heading\" style=\"margin-top:var(--wp--preset--spacing--50);margin-right:var(--wp--preset--spacing--50);margin-bottom:var(--wp--preset--spacing--50);margin-left:var(--wp--preset--spacing--50)\">Seu Plano de Sa\u00fade em Manaus est\u00e1 caro?<\/h2>\n\n\n\n<p>Nossa corretora pode te ajudar a avaliar as melhores op\u00e7\u00f5es do mercado para reduzir seu custo no plano de sa\u00fade em Manaus. <\/p>\n\n\n\n<p>Afinal, nossa consultoria \u00e9 personalizada avaliando as suas necessidades em particular.<\/p>\n<\/div><figure class=\"wp-block-media-text__media\" style=\"background-image:url(https:\/\/consultvida.com.br\/blog\/wp-content\/uploads\/2022\/08\/carencias-planos.jpg);background-position:50% 50%\"><img decoding=\"async\" loading=\"lazy\" width=\"500\" height=\"450\" src=\"https:\/\/consultvida.com.br\/blog\/wp-content\/uploads\/2022\/08\/carencias-planos.jpg\" alt=\"\" class=\"wp-image-1168 size-full\" srcset=\"https:\/\/consultvida.com.br\/blog\/wp-content\/uploads\/2022\/08\/carencias-planos.jpg 500w, https:\/\/consultvida.com.br\/blog\/wp-content\/uploads\/2022\/08\/carencias-planos-300x270.jpg 300w, https:\/\/consultvida.com.br\/blog\/wp-content\/uploads\/2022\/08\/carencias-planos-370x333.jpg 370w\" sizes=\"(max-width: 500px) 100vw, 500px\" \/><\/figure><\/div>\n\n\n\n<p>Lembre-se que para ter sucesso numa escolha de conv\u00eanios m\u00e9dicos empresas em Manaus, sua empresa deve buscar o apoio de uma corretora especializada na \u00e1rea da sa\u00fade.<\/p>\n\n\n\n<p>Assim, atuamos de forma a garantir aos nossos clientes, um atendimento com apoio e suporte, para ajudar sua empresa a escolher o melhor conv\u00eanio m\u00e9dico em Manaus.<\/p>\n\n\n\n<p>Isso \u00e9 poss\u00edvel, por exemplo, avaliando as necessidades dos seus funcion\u00e1rios, e assim, podendo identificar uma linha de plano de sa\u00fade em Manaus com bons pre\u00e7os.<\/p>\n\n\n\n<h2 class=\"wp-block-heading\">Simular planos de sa\u00fade empresas em Manaus<\/h2>\n\n\n\n<p>Televendas empresa: <strong>(11) 96967-0055<\/strong><\/p>\n\n\n\n<figure class=\"wp-block-image size-full\"><a href=\"https:\/\/api.whatsapp.com\/send?phone=5511969670055&amp;text=Simular Planos de Sa\u00fade Manaus\"><img decoding=\"async\" loading=\"lazy\" width=\"1000\" height=\"667\" src=\"https:\/\/consultvida.com.br\/blog\/wp-content\/uploads\/2023\/06\/sirio-einstein.jpg\" alt=\"Simular Planos de sa\u00fade Manaus\" class=\"wp-image-2283\" srcset=\"https:\/\/consultvida.com.br\/blog\/wp-content\/uploads\/2023\/06\/sirio-einstein.jpg 1000w, https:\/\/consultvida.com.br\/blog\/wp-content\/uploads\/2023\/06\/sirio-einstein-300x200.jpg 300w, https:\/\/consultvida.com.br\/blog\/wp-content\/uploads\/2023\/06\/sirio-einstein-768x512.jpg 768w\" sizes=\"(max-width: 1000px) 100vw, 1000px\" \/><\/a><\/figure>\n\n\n\n<p>Preencha o formul\u00e1rio abaixo, e receba em seu e-mail em poucos minutos, as tabelas de pre\u00e7os dos <strong>planos empresarial em Manaus<\/strong>.<\/p>\n\n\n\n<div class=\"wpforms-container wpforms-container-full\" id=\"wpforms-201\"><form id=\"wpforms-form-201\" class=\"wpforms-validate wpforms-form wpforms-ajax-form\" data-formid=\"201\" method=\"post\" enctype=\"multipart\/form-data\" action=\"\/blog\/wp-json\/wp\/v2\/posts\/1729\" data-token=\"2500eb9109e3bfa6b53987efc720ede6\" data-token-time=\"1777209504\"><noscript class=\"wpforms-error-noscript\">Ative o JavaScript no seu navegador para preencher este formul\u00e1rio.<\/noscript><div class=\"wpforms-field-container\"><div id=\"wpforms-201-field_0-container\" class=\"wpforms-field wpforms-field-name\" data-field-id=\"0\"><label class=\"wpforms-field-label\" for=\"wpforms-201-field_0\">Nome <span class=\"wpforms-required-label\">*<\/span><\/label><div class=\"wpforms-field-row wpforms-field-medium\"><div class=\"wpforms-field-row-block wpforms-first wpforms-one-half\"><input type=\"text\" id=\"wpforms-201-field_0\" class=\"wpforms-field-name-first wpforms-field-required\" name=\"wpforms[fields][0][first]\" required><label for=\"wpforms-201-field_0\" class=\"wpforms-field-sublabel after\">Nome<\/label><\/div><div class=\"wpforms-field-row-block wpforms-one-half\"><input type=\"text\" id=\"wpforms-201-field_0-last\" class=\"wpforms-field-name-last wpforms-field-required\" name=\"wpforms[fields][0][last]\" required><label for=\"wpforms-201-field_0-last\" class=\"wpforms-field-sublabel after\">Sobrenome<\/label><\/div><\/div><\/div><div id=\"wpforms-201-field_1-container\" class=\"wpforms-field wpforms-field-email\" data-field-id=\"1\"><label class=\"wpforms-field-label\" for=\"wpforms-201-field_1\">Email <span class=\"wpforms-required-label\">*<\/span><\/label><input type=\"email\" id=\"wpforms-201-field_1\" class=\"wpforms-field-medium wpforms-field-required\" name=\"wpforms[fields][1]\" spellcheck=\"false\" required><\/div><div id=\"wpforms-201-field_7-container\" class=\"wpforms-field wpforms-field-text\" data-field-id=\"7\"><label class=\"wpforms-field-label\" for=\"wpforms-201-field_7\">Telefone <span class=\"wpforms-required-label\">*<\/span><\/label><input type=\"text\" id=\"wpforms-201-field_7\" class=\"wpforms-field-medium wpforms-field-required\" name=\"wpforms[fields][7]\" required><\/div><div id=\"wpforms-201-field_8-container\" class=\"wpforms-field wpforms-field-text\" data-field-id=\"8\"><label class=\"wpforms-field-label\" for=\"wpforms-201-field_8\">Cidade e Estado <span class=\"wpforms-required-label\">*<\/span><\/label><input type=\"text\" id=\"wpforms-201-field_8\" class=\"wpforms-field-medium wpforms-field-required\" name=\"wpforms[fields][8]\" required><\/div><div id=\"wpforms-201-field_9-container\" class=\"wpforms-field wpforms-field-text\" data-field-id=\"9\"><label class=\"wpforms-field-label\" for=\"wpforms-201-field_9\">Idade das Vidas <span class=\"wpforms-required-label\">*<\/span><\/label><input type=\"text\" id=\"wpforms-201-field_9\" class=\"wpforms-field-medium wpforms-field-required\" name=\"wpforms[fields][9]\" required><\/div><div id=\"wpforms-201-field_11-container\" class=\"wpforms-field wpforms-field-text\" data-field-id=\"11\"><label class=\"wpforms-field-label\" for=\"wpforms-201-field_11\">Informar se \u00e9 plano empresarial ou pessoa f\u00edsica <span class=\"wpforms-required-label\">*<\/span><\/label><input type=\"text\" id=\"wpforms-201-field_11\" class=\"wpforms-field-medium wpforms-field-required\" name=\"wpforms[fields][11]\" required><\/div><div id=\"wpforms-201-field_2-container\" class=\"wpforms-field wpforms-field-textarea\" data-field-id=\"2\"><label class=\"wpforms-field-label\" for=\"wpforms-201-field_2\">Descreva suas necessidades e coment\u00e1rio <span class=\"wpforms-required-label\">*<\/span><\/label><textarea id=\"wpforms-201-field_2\" class=\"wpforms-field-medium wpforms-field-required\" name=\"wpforms[fields][2]\" required><\/textarea><\/div><\/div><!-- .wpforms-field-container --><div class=\"wpforms-submit-container\" ><input type=\"hidden\" name=\"wpforms[id]\" value=\"201\"><input type=\"hidden\" name=\"page_title\" value=\"\"><input type=\"hidden\" name=\"page_url\" value=\"https:\/\/consultvida.com.br\/blog\/wp-json\/wp\/v2\/posts\/1729\"><button type=\"submit\" name=\"wpforms[submit]\" id=\"wpforms-submit-201\" class=\"wpforms-submit\" data-alt-text=\"enviando...\" data-submit-text=\"Enviar\" aria-live=\"assertive\" value=\"wpforms-submit\">Enviar<\/button><img src=\"https:\/\/consultvida.com.br\/blog\/wp-content\/plugins\/wpforms-lite\/assets\/images\/submit-spin.svg\" class=\"wpforms-submit-spinner\" style=\"display: none;\" width=\"26\" height=\"26\" alt=\"Carregando\"><\/div><\/form><\/div>  <!-- .wpforms-container -->\n\n\n\n<h2 class=\"wp-block-heading\">Quais os melhores planos de sa\u00fade empresarial em Manaus?<\/h2>\n\n\n\n<ul>\n<li>Amil (linha S380)<\/li>\n\n\n\n<li>SulAm\u00e9rica (linha exato)<\/li>\n\n\n\n<li>Bradesco Sa\u00fade (linha efetivo)<\/li>\n\n\n\n<li>One (linha premium da Amil)<\/li>\n\n\n\n<li>Unimed Nacional (linha Estilo)<\/li>\n\n\n\n<li>Samel (linha Class)<\/li>\n\n\n\n<li>HapVida (entidade de classes)<\/li>\n\n\n\n<li>Qualicorp (planos coletivos)<\/li>\n<\/ul>\n\n\n\n<div class=\"wp-block-columns has-ice-grey-background-color has-background is-layout-flex wp-container-3\">\n<div class=\"wp-block-column is-layout-flow\" style=\"flex-basis:33.33%\">\n<figure class=\"wp-block-image size-full\"><img decoding=\"async\" loading=\"lazy\" width=\"500\" height=\"450\" src=\"https:\/\/consultvida.com.br\/blog\/wp-content\/uploads\/2022\/07\/planoempresas.jpg\" alt=\"Conv\u00eanios m\u00e9dicos em Manaus com coparticipa\u00e7\u00e3o\" class=\"wp-image-644\" srcset=\"https:\/\/consultvida.com.br\/blog\/wp-content\/uploads\/2022\/07\/planoempresas.jpg 500w, https:\/\/consultvida.com.br\/blog\/wp-content\/uploads\/2022\/07\/planoempresas-300x270.jpg 300w, https:\/\/consultvida.com.br\/blog\/wp-content\/uploads\/2022\/07\/planoempresas-370x333.jpg 370w\" sizes=\"(max-width: 500px) 100vw, 500px\" \/><\/figure>\n\n\n\n<p><\/p>\n<\/div>\n\n\n\n<div class=\"wp-block-column is-layout-flow\" style=\"flex-basis:66.66%\">\n<h3 class=\"wp-block-heading\">Conv\u00eanios m\u00e9dicos em Manaus com coparticipa\u00e7\u00e3o<\/h3>\n\n\n\n<p>Certamente, voc\u00ea j\u00e1 ouviu falar na op\u00e7\u00e3o de contratar planos de sa\u00fade em Manaus no formato com coparticipa\u00e7\u00e3o? Mas ser\u00e1 que vale a pena?<\/p>\n\n\n\n<p>Primeiramente, \u00e9 importante avaliar as suas necessidades de pre\u00e7o e utiliza\u00e7\u00e3o no conv\u00eanio m\u00e9dico em Manaus, mas podemos analisar junto com voc\u00ea as melhores op\u00e7\u00f5es.<\/p>\n<\/div>\n<\/div>\n\n\n\n<div class=\"wp-block-columns has-ice-grey-background-color has-background is-layout-flex wp-container-6\">\n<div class=\"wp-block-column is-layout-flow\" style=\"flex-basis:33.33%\">\n<figure class=\"wp-block-image size-full\"><img decoding=\"async\" loading=\"lazy\" width=\"500\" height=\"450\" src=\"https:\/\/consultvida.com.br\/blog\/wp-content\/uploads\/2022\/07\/planopessoafisica.jpg\" alt=\"Conv\u00eanios m\u00e9dicos em Manaus com reembolso\" class=\"wp-image-645\" srcset=\"https:\/\/consultvida.com.br\/blog\/wp-content\/uploads\/2022\/07\/planopessoafisica.jpg 500w, https:\/\/consultvida.com.br\/blog\/wp-content\/uploads\/2022\/07\/planopessoafisica-300x270.jpg 300w, https:\/\/consultvida.com.br\/blog\/wp-content\/uploads\/2022\/07\/planopessoafisica-370x333.jpg 370w\" sizes=\"(max-width: 500px) 100vw, 500px\" \/><\/figure>\n\n\n\n<p><\/p>\n<\/div>\n\n\n\n<div class=\"wp-block-column is-layout-flow\" style=\"flex-basis:66.66%\">\n<h3 class=\"wp-block-heading\">Conv\u00eanios m\u00e9dicos em Manaus com reembolso<\/h3>\n\n\n\n<p>O reembolso \u00e9 muito procurado por clientes que buscam benef\u00edcios nos planos de sa\u00fade em Manaus.<\/p>\n\n\n\n<p>Assim, com um alto valor de reembolso m\u00e9dico, voc\u00ea tem a livre escolha de poder utilizar m\u00e9dicos de sua confian\u00e7a.<\/p>\n<\/div>\n<\/div>\n\n\n\n<h2 class=\"wp-block-heading\">Planos de sa\u00fade em Manaus<\/h2>\n\n\n\n<p>Os planos de sa\u00fade em Manaus s\u00e3o uma forma de prote\u00e7\u00e3o e seguran\u00e7a a sua fam\u00edlia ou empresa, aderindo a uma sa\u00fade privada sem depender do SUS.<\/p>\n\n\n\n<p>Afinal, como \u00e9 bom poder proporcionar a nossa fam\u00edlia ou mesmo nossos funcion\u00e1rios, os cuidados certos a sa\u00fade, n\u00e3o \u00e9 mesmo?<\/p>\n\n\n\n<p>Isso \u00e9 poss\u00edvel, por exemplo, atrav\u00e9s de um aux\u00edlio de um consultor de sa\u00fade, para te orientar o modelo de conv\u00eanios m\u00e9dicos dispon\u00edveis em Manaus mais indicado as suas necessidades.<\/p>\n\n\n\n<p>Vamos conhecer algumas formas de planos de sa\u00fade em Manaus que voc\u00ea pode optar?<\/p>\n\n\n\n<h3 class=\"wp-block-heading has-sky-blue-color has-text-color\">Planos de sa\u00fade em Manaus individual<\/h3>\n\n\n\n<p>Esse \u00e9 um modelo de contrata\u00e7\u00e3o mais simples do mercado em planos de sa\u00fade, bastando um CPF para a contrata\u00e7\u00e3o.<\/p>\n\n\n\n<p>Antes de tudo, \u00e9 importante lembrar que por estar liberado para todos os p\u00fablicos, esse modelo de contrata\u00e7\u00e3o, possui pre\u00e7os mais elevados.<\/p>\n\n\n\n<p>Por isso, \u00e9 importante avaliar bem o seu perfil, afinal, ningu\u00e9m ter um alto custo com planos de sa\u00fade, n\u00e3o \u00e9 mesmo?<\/p>\n\n\n\n<h3 class=\"wp-block-heading has-sky-blue-color has-text-color\">Planos de sa\u00fade em Manaus coletivo<\/h3>\n\n\n\n<p>A boa not\u00edcia \u00e9 que mesmo voc\u00ea n\u00e3o tendo um CNPJ, \u00e9 poss\u00edvel aderir aos planos de sa\u00fade em Manaus no modelo coletivo, com a vantagem de ser mais em conta.<\/p>\n\n\n\n<p>Para essa contrata\u00e7\u00e3o, voc\u00ea vai precisar estar vinculado a uma entidade de classes, mas fique tranquilo, que nossa equipe vai te auxiliar.<\/p>\n\n\n\n<h3 class=\"wp-block-heading has-sky-blue-color has-text-color\">Planos de sa\u00fade em Manaus empresas<\/h3>\n\n\n\n<p>Quando falamos em planos de sa\u00fade em Manaus para empresas, estamos sem d\u00favida pensando em economia e benef\u00edcios.<\/p>\n\n\n\n<p>Sobretudo, por estarem no formato mais barato para se contratar um conv\u00eanio m\u00e9dico em Manaus.<\/p>\n\n\n\n<p>Bem como, o processo \u00e9 muito simples para sua contrata\u00e7\u00e3o, e basta ter um CNPJ ativo e pelo menos 2 vidas no contrato.<\/p>\n\n\n\n<h2 class=\"wp-block-heading\">Conv\u00eanios m\u00e9dicos empresarial em Manaus<\/h2>\n\n\n\n<p>Contratados a partir de 2 vidas com um CNPJ, podendo ser empresas MEI, os <strong><a href=\"https:\/\/consultvida.com.br\/\">conv\u00eanios m\u00e9dicos empresas<\/a><\/strong> s\u00e3o uma forma de aderir a uma sa\u00fade privada mais em conta.<\/p>\n\n\n\n<p>Al\u00e9m disso, os conv\u00eanios m\u00e9dicos em Manaus s\u00e3o bem flex\u00edveis na aceita\u00e7\u00e3o de dependentes e agregados, sendo muito importante para levar o bem estar e seguran\u00e7a a sua fam\u00edlia.<\/p>\n\n\n\n<h2 class=\"wp-block-heading\">O que devo avaliar nos planos de sa\u00fade empresarial em Manaus?<\/h2>\n\n\n\n<p>Certamente, sua empresa que chegou a nossa p\u00e1gina, est\u00e1 em busca de contratar um bom plano de sa\u00fade empresarial em Manaus, n\u00e3o \u00e9 mesmo?<\/p>\n\n\n\n<p>Mas para isso, vamos te explicar abaixo algumas dicas bem importantes, que acredito ser do interesse da sua empresa, avaliar conv\u00eanios com seguran\u00e7a.<\/p>\n\n\n\n<p>Vamos conhecer algumas an\u00e1lises importantes?<\/p>\n\n\n\n<h3 class=\"wp-block-heading has-sky-blue-color has-text-color\">Rede de atendimento<\/h3>\n\n\n\n<p>Avaliar a rede de atendimento \u00e9 o primeiro passo, onde seus funcion\u00e1rios dependem da sua avalia\u00e7\u00e3o, para encontrar boas op\u00e7\u00f5es de atendimento.<\/p>\n\n\n\n<p>Mas ser\u00e1 que sua empresa tem conhecimento suficiente para analisar sozinho as redes de atendimento dos planos de sa\u00fade em Manaus, sem uma ajuda profissional?<\/p>\n\n\n\n<p>Por exemplo, uma rede que consta atendimento a um Hospital somente com a sigla PS, significa que s\u00f3 daria atendimento em Pronto Socorro, n\u00e3o tendo cobertura para Interna\u00e7\u00f5es e Maternidade.<\/p>\n\n\n\n<p>Viu como n\u00e3o t\u00e3o simples entender de forma correta uma rede de atendimento? Por isso, sempre ajudamos nossos clientes a entender cada linha de plano de sa\u00fade.<\/p>\n\n\n\n<p>Outro detalhe importante, alguns planos de sa\u00fade empresarial em Manaus possuem op\u00e7\u00f5es de aditivos que garantem coberturas em outros Estados.<\/p>\n\n\n\n<p>Assim, seus funcion\u00e1rios estar\u00e3o seguros, mesmo numa viagem pela empresa fora da sua \u00e1rea de cobertura do seu plano de sa\u00fade em Manaus.<\/p>\n\n\n\n<h3 class=\"wp-block-heading has-sky-blue-color has-text-color\">Car\u00eancias<\/h3>\n\n\n\n<p>As car\u00eancias \u00e9 uma das an\u00e1lises mais relevantes numa contrata\u00e7\u00e3o para planos de sa\u00fade empresarial em Manaus.<\/p>\n\n\n\n<p>Assim, atrav\u00e9s de um suporte profissional, sua empresa poder\u00e1 encontrar linhas que possam atender seus colaboradores, sem aqueles longos tempos de car\u00eancias.<\/p>\n\n\n\n<p>Imagina numa emerg\u00eancia m\u00e9dica, seu colaborador n\u00e3o poder utilizar o plano de sa\u00fade? Mas em nossa corretora, o RH da sua empresa ter\u00e1 um suporte profissional.<\/p>\n\n\n\n<p>Certamente, podemos auxiliar sua empresa, ali\u00e1s, temos op\u00e7\u00f5es de linhas de planos de sa\u00fade em Manaus com car\u00eancias reduzidas, boa not\u00edcia n\u00e9?<\/p>\n\n\n\n<h3 class=\"wp-block-heading has-sky-blue-color has-text-color\">Facilidade na utiliza\u00e7\u00e3o<\/h3>\n\n\n\n<p>Esse \u00e9 um detalhe importante, pois n\u00e3o \u00e9 de hoje que vemos planos de sa\u00fade em Manaus, onde usu\u00e1rios ficam descontentes pela dificuldade numa libera\u00e7\u00e3o de interna\u00e7\u00e3o, terapias ou exames.<\/p>\n\n\n\n<p>Portanto, d\u00ea prefer\u00eancia a planos de sa\u00fade seguros e devidamente com seu registro ativo na ANS.<\/p>\n\n\n\n<p>Outro ponto importante \u00e9 avaliar na internet, e assim, verificar operadoras que possuem boas avalia\u00e7\u00f5es de seus clientes.<\/p>\n\n\n\n<h2 class=\"wp-block-heading\">Como contratar planos de sa\u00fade empresarial em Manaus?<\/h2>\n\n\n\n<p>Voc\u00ea precisa dar o primeiro passo, basta entrar em contato com a nossa corretora, temos uma equipe bem treinada e profissional para atender sua empresa.<\/p>\n\n\n\n<p>Al\u00e9m disso, damos todo apoio necess\u00e1rio ao setor de RH, para que sua empresa acerte na escolha, evitando uma contrata\u00e7\u00e3o de forma errada.<\/p>\n\n\n\n<p>Portanto, aguardamos seu contato, estamos aptos a ajudar sua empresa em Manaus.<\/p>\n\n\n\n<figure class=\"wp-block-image size-large\"><img decoding=\"async\" loading=\"lazy\" width=\"1024\" height=\"683\" src=\"https:\/\/consultvida.com.br\/blog\/wp-content\/uploads\/2023\/02\/saude-empresa11-1024x683.jpg\" alt=\"Conv\u00eanios m\u00e9dicos empresarial Manaus\" class=\"wp-image-1726\" srcset=\"https:\/\/consultvida.com.br\/blog\/wp-content\/uploads\/2023\/02\/saude-empresa11-1024x683.jpg 1024w, https:\/\/consultvida.com.br\/blog\/wp-content\/uploads\/2023\/02\/saude-empresa11-300x200.jpg 300w, https:\/\/consultvida.com.br\/blog\/wp-content\/uploads\/2023\/02\/saude-empresa11-768x513.jpg 768w, https:\/\/consultvida.com.br\/blog\/wp-content\/uploads\/2023\/02\/saude-empresa11-370x247.jpg 370w, https:\/\/consultvida.com.br\/blog\/wp-content\/uploads\/2023\/02\/saude-empresa11.jpg 1278w\" sizes=\"(max-width: 1024px) 100vw, 1024px\" \/><\/figure>\n\n\n\n<h2 class=\"wp-block-heading\">Como um plano de sa\u00fade empresarial em Manaus pode ajudar na sa\u00fade dos seus funcion\u00e1rios?<\/h2>\n\n\n\n<p>Um plano de sa\u00fade empresarial em Manaus pode trazer diversos benef\u00edcios para a sa\u00fade dos funcion\u00e1rios. Veja alguns exemplos:<\/p>\n\n\n\n<h3 class=\"wp-block-heading has-sky-blue-color has-text-color\">Atendimento r\u00e1pido e eficiente<\/h3>\n\n\n\n<p>Com um plano de sa\u00fade empresarial, os funcion\u00e1rios t\u00eam acesso a atendimento m\u00e9dico e hospitalar de qualidade e com maior rapidez.<\/p>\n\n\n\n<p>Assim, existe um bem estar e seguran\u00e7a da sua equipe, o que pode ser fundamental em casos de emerg\u00eancia ou situa\u00e7\u00f5es de maior gravidade.<\/p>\n\n\n\n<h3 class=\"wp-block-heading has-sky-blue-color has-text-color\">Preven\u00e7\u00e3o e cuidados com a sa\u00fade<\/h3>\n\n\n\n<p>Planos de sa\u00fade empresariais podem incluir programas de preven\u00e7\u00e3o e cuidados com a sa\u00fade, sendo muito importante nos cuidados a sa\u00fade integral.<\/p>\n\n\n\n<p>Por exemplo, exames de rotina, vacina\u00e7\u00e3o, consultas peri\u00f3dicas com especialistas e orienta\u00e7\u00f5es sobre alimenta\u00e7\u00e3o e atividades f\u00edsicas.<\/p>\n\n\n\n<h3 class=\"wp-block-heading has-sky-blue-color has-text-color\">Redu\u00e7\u00e3o de faltas e afastamentos<\/h3>\n\n\n\n<p>Com um plano de sa\u00fade empresarial em Manaus, os funcion\u00e1rios t\u00eam mais facilidade para cuidar da sua sa\u00fade e realizar tratamentos preventivos.<\/p>\n\n\n\n<p>Realmente \u00e9 uma grande diferen\u00e7a quando comparamos os atendimentos e falta de medidas preventivas no SUS.<\/p>\n\n\n\n<p>Assim, isso pode reduzir o n\u00famero de faltas e afastamentos por motivo de sa\u00fade.<\/p>\n\n\n\n<h3 class=\"wp-block-heading has-sky-blue-color has-text-color\">Aumento da satisfa\u00e7\u00e3o e motiva\u00e7\u00e3o<\/h3>\n\n\n\n<p>Os conv\u00eanios m\u00e9dicos em Manaus, podem ser vistos como um benef\u00edcio importante para os funcion\u00e1rios, o que pode aumentar a satisfa\u00e7\u00e3o e motiva\u00e7\u00e3o dos mesmos em rela\u00e7\u00e3o \u00e0 empresa.<\/p>\n\n\n\n<h3 class=\"wp-block-heading has-sky-blue-color has-text-color\">Atra\u00e7\u00e3o e reten\u00e7\u00e3o de talentos<\/h3>\n\n\n\n<p>Empresas que oferecem benef\u00edcios como um plano de sa\u00fade empresarial tendem a ser mais atrativas para profissionais talentosos e podem ajudar na reten\u00e7\u00e3o de funcion\u00e1rios que valorizam esse tipo de benef\u00edcio.<\/p>\n\n\n\n<p>Em resumo, um plano de sa\u00fade empresarial em Manaus pode contribuir para a sa\u00fade e bem-estar dos funcion\u00e1rios.<\/p>\n\n\n\n<p>Al\u00e9m de reduzir faltas e afastamentos, aumentar a satisfa\u00e7\u00e3o e motiva\u00e7\u00e3o dos mesmos, ajudar na atra\u00e7\u00e3o e reten\u00e7\u00e3o de talentos na empresa.<\/p>\n\n\n\n<h2 class=\"wp-block-heading\">Por que contratar seu conv\u00eanio m\u00e9dico empresarial em Manaus com uma corretora?<\/h2>\n\n\n\n<p>H\u00e1 diversas vantagens em contratar um conv\u00eanio m\u00e9dico empresarial em Manaus com uma corretora especializada. Veja algumas delas:<\/p>\n\n\n\n<h3 class=\"wp-block-heading has-sky-blue-color has-text-color\">Consultoria personalizada<\/h3>\n\n\n\n<p>Uma corretora especializada pode oferecer uma consultoria personalizada para ajudar a escolher o plano de sa\u00fade que melhor atende \u00e0s necessidades da empresa e dos funcion\u00e1rios, considerando aspectos como cobertura, rede credenciada, valores e benef\u00edcios adicionais.<\/p>\n\n\n\n<h3 class=\"wp-block-heading has-sky-blue-color has-text-color\">Amplia\u00e7\u00e3o das op\u00e7\u00f5es<\/h3>\n\n\n\n<p>Uma corretora pode oferecer diversas op\u00e7\u00f5es de planos de sa\u00fade empresariais em Manaus, de diferentes operadoras e com diferentes caracter\u00edsticas, o que aumenta as chances de encontrar o plano ideal para a empresa e seus funcion\u00e1rios.<\/p>\n\n\n\n<h3 class=\"wp-block-heading has-sky-blue-color has-text-color\">Economia de tempo e recursos<\/h3>\n\n\n\n<p>A contrata\u00e7\u00e3o de um plano de sa\u00fade empresarial em Manaus pode ser um processo complexo e demorado. <\/p>\n\n\n\n<p>Bom como, uma corretora especializada pode ajudar a empresa a economizar tempo e recursos nesse processo, al\u00e9m de oferecer suporte e assist\u00eancia em caso de d\u00favidas ou problemas.<\/p>\n\n\n\n<h3 class=\"wp-block-heading has-sky-blue-color has-text-color\">Acesso a benef\u00edcios adicionais<\/h3>\n\n\n\n<p>Al\u00e9m disso, muitas corretoras oferecem benef\u00edcios adicionais aos seus clientes, como descontos em farm\u00e1cias, assist\u00eancia viagem, telemedicina, que podem contribuir para a sa\u00fade e bem-estar dos funcion\u00e1rios.<\/p>\n\n\n\n<h3 class=\"wp-block-heading has-sky-blue-color has-text-color\">Acompanhamento e renova\u00e7\u00e3o<\/h3>\n\n\n\n<p>Assim, uma corretora especializada pode acompanhar o plano de sa\u00fade empresarial ao longo do tempo, oferecendo suporte e orienta\u00e7\u00e3o em caso de necessidade de renova\u00e7\u00e3o ou mudan\u00e7a de plano.<\/p>\n","protected":false},"excerpt":{"rendered":"<p>Saiba como contratar planos de sa\u00fade empresarial em Manaus, avaliando as op\u00e7\u00f5es com menor custo, [&hellip;]<\/p>\n","protected":false},"author":1,"featured_media":629,"comment_status":"closed","ping_status":"closed","sticky":false,"template":"","format":"standard","meta":[],"categories":[3],"tags":[145],"yoast_head":"<!-- This site is optimized with the Yoast SEO plugin v21.0 - https:\/\/yoast.com\/wordpress\/plugins\/seo\/ -->\n<title>Planos de sa\u00fade empresarial em Manaus - Conv\u00eanios M\u00e9dicos AM<\/title>\n<meta name=\"description\" content=\"Conhe\u00e7a os planos de sa\u00fade empresarial em Manaus mais vendidos com o menor custo, simule seu conv\u00eanio m\u00e9dico Manaus empresas.\" \/>\n<meta name=\"robots\" content=\"index, follow, max-snippet:-1, max-image-preview:large, max-video-preview:-1\" \/>\n<link rel=\"canonical\" href=\"https:\/\/consultvida.com.br\/blog\/planos-saude-empresarial-manaus\/\" \/>\n<meta property=\"og:locale\" content=\"pt_BR\" \/>\n<meta property=\"og:type\" content=\"article\" \/>\n<meta property=\"og:title\" content=\"Planos de sa\u00fade empresarial em Manaus - Conv\u00eanios M\u00e9dicos AM\" \/>\n<meta property=\"og:description\" content=\"Conhe\u00e7a os planos de sa\u00fade empresarial em Manaus mais vendidos com o menor custo, simule seu conv\u00eanio m\u00e9dico Manaus empresas.\" \/>\n<meta property=\"og:url\" content=\"https:\/\/consultvida.com.br\/blog\/planos-saude-empresarial-manaus\/\" \/>\n<meta property=\"og:site_name\" content=\"Planos de Sa\u00fade em S\u00e3o Paulo, Planos de Sa\u00fade SP\" \/>\n<meta property=\"article:published_time\" content=\"2023-02-22T17:58:04+00:00\" \/>\n<meta property=\"article:modified_time\" content=\"2023-08-03T22:01:45+00:00\" \/>\n<meta property=\"og:image\" content=\"https:\/\/consultvida.com.br\/blog\/wp-content\/uploads\/2022\/07\/brasilia2.jpg\" \/>\n\t<meta property=\"og:image:width\" content=\"282\" \/>\n\t<meta property=\"og:image:height\" content=\"189\" \/>\n\t<meta property=\"og:image:type\" content=\"image\/jpeg\" \/>\n<meta name=\"author\" content=\"saudeconsultvida\" \/>\n<meta name=\"twitter:card\" content=\"summary_large_image\" \/>\n<meta name=\"twitter:label1\" content=\"Escrito por\" \/>\n\t<meta name=\"twitter:data1\" content=\"saudeconsultvida\" \/>\n\t<meta name=\"twitter:label2\" content=\"Est. tempo de leitura\" \/>\n\t<meta name=\"twitter:data2\" content=\"12 minutos\" \/>\n<script type=\"application\/ld+json\" class=\"yoast-schema-graph\">{\"@context\":\"https:\/\/schema.org\",\"@graph\":[{\"@type\":\"Article\",\"@id\":\"https:\/\/consultvida.com.br\/blog\/planos-saude-empresarial-manaus\/#article\",\"isPartOf\":{\"@id\":\"https:\/\/consultvida.com.br\/blog\/planos-saude-empresarial-manaus\/\"},\"author\":{\"name\":\"saudeconsultvida\",\"@id\":\"https:\/\/consultvida.com.br\/blog\/#\/schema\/person\/82250e6ae90dcc5379de81d08e738f7c\"},\"headline\":\"Planos de sa\u00fade empresarial em Manaus\",\"datePublished\":\"2023-02-22T17:58:04+00:00\",\"dateModified\":\"2023-08-03T22:01:45+00:00\",\"mainEntityOfPage\":{\"@id\":\"https:\/\/consultvida.com.br\/blog\/planos-saude-empresarial-manaus\/\"},\"wordCount\":2072,\"publisher\":{\"@id\":\"https:\/\/consultvida.com.br\/blog\/#organization\"},\"keywords\":[\"Planos de sa\u00fade empresarial em Manaus\"],\"articleSection\":[\"planos de sa\u00fade\"],\"inLanguage\":\"pt-BR\"},{\"@type\":\"WebPage\",\"@id\":\"https:\/\/consultvida.com.br\/blog\/planos-saude-empresarial-manaus\/\",\"url\":\"https:\/\/consultvida.com.br\/blog\/planos-saude-empresarial-manaus\/\",\"name\":\"Planos de sa\u00fade empresarial em Manaus - Conv\u00eanios M\u00e9dicos AM\",\"isPartOf\":{\"@id\":\"https:\/\/consultvida.com.br\/blog\/#website\"},\"datePublished\":\"2023-02-22T17:58:04+00:00\",\"dateModified\":\"2023-08-03T22:01:45+00:00\",\"description\":\"Conhe\u00e7a os planos de sa\u00fade empresarial em Manaus mais vendidos com o menor custo, simule seu conv\u00eanio m\u00e9dico Manaus empresas.\",\"breadcrumb\":{\"@id\":\"https:\/\/consultvida.com.br\/blog\/planos-saude-empresarial-manaus\/#breadcrumb\"},\"inLanguage\":\"pt-BR\",\"potentialAction\":[{\"@type\":\"ReadAction\",\"target\":[\"https:\/\/consultvida.com.br\/blog\/planos-saude-empresarial-manaus\/\"]}]},{\"@type\":\"BreadcrumbList\",\"@id\":\"https:\/\/consultvida.com.br\/blog\/planos-saude-empresarial-manaus\/#breadcrumb\",\"itemListElement\":[{\"@type\":\"ListItem\",\"position\":1,\"name\":\"In\u00edcio\",\"item\":\"https:\/\/consultvida.com.br\/blog\/\"},{\"@type\":\"ListItem\",\"position\":2,\"name\":\"Planos de sa\u00fade empresarial em Manaus\"}]},{\"@type\":\"WebSite\",\"@id\":\"https:\/\/consultvida.com.br\/blog\/#website\",\"url\":\"https:\/\/consultvida.com.br\/blog\/\",\"name\":\"Planos de Sa\u00fade em S\u00e3o Paulo, Planos de Sa\u00fade SP\",\"description\":\"Simular Planos de Sa\u00fade em S\u00e3o Paulo\",\"publisher\":{\"@id\":\"https:\/\/consultvida.com.br\/blog\/#organization\"},\"potentialAction\":[{\"@type\":\"SearchAction\",\"target\":{\"@type\":\"EntryPoint\",\"urlTemplate\":\"https:\/\/consultvida.com.br\/blog\/?s={search_term_string}\"},\"query-input\":\"required name=search_term_string\"}],\"inLanguage\":\"pt-BR\"},{\"@type\":\"Organization\",\"@id\":\"https:\/\/consultvida.com.br\/blog\/#organization\",\"name\":\"Planos de Sa\u00fade em S\u00e3o Paulo, Planos de Sa\u00fade SP\",\"url\":\"https:\/\/consultvida.com.br\/blog\/\",\"logo\":{\"@type\":\"ImageObject\",\"inLanguage\":\"pt-BR\",\"@id\":\"https:\/\/consultvida.com.br\/blog\/#\/schema\/logo\/image\/\",\"url\":\"https:\/\/consultvida.com.br\/blog\/wp-content\/uploads\/2024\/10\/logo-15anos.jpg\",\"contentUrl\":\"https:\/\/consultvida.com.br\/blog\/wp-content\/uploads\/2024\/10\/logo-15anos.jpg\",\"width\":317,\"height\":115,\"caption\":\"Planos de Sa\u00fade em S\u00e3o Paulo, Planos de Sa\u00fade SP\"},\"image\":{\"@id\":\"https:\/\/consultvida.com.br\/blog\/#\/schema\/logo\/image\/\"}},{\"@type\":\"Person\",\"@id\":\"https:\/\/consultvida.com.br\/blog\/#\/schema\/person\/82250e6ae90dcc5379de81d08e738f7c\",\"name\":\"saudeconsultvida\",\"image\":{\"@type\":\"ImageObject\",\"inLanguage\":\"pt-BR\",\"@id\":\"https:\/\/consultvida.com.br\/blog\/#\/schema\/person\/image\/\",\"url\":\"https:\/\/secure.gravatar.com\/avatar\/ed1677e671fcc8fb0ce8b05b9a2d754b?s=96&d=mm&r=g\",\"contentUrl\":\"https:\/\/secure.gravatar.com\/avatar\/ed1677e671fcc8fb0ce8b05b9a2d754b?s=96&d=mm&r=g\",\"caption\":\"saudeconsultvida\"},\"description\":\"A Consult Vida \u00e9 uma corretora de benef\u00edcios especializada em Conv\u00eanios M\u00e9dicos Empresarial e PF, Odontol\u00f3gicos e Seguros de Vida. Somos credenciados nas operadoras de planos de sa\u00fade com os melhores custos do mercado.\",\"sameAs\":[\"https:\/\/consultvida.com.br\"],\"url\":\"https:\/\/consultvida.com.br\/blog\/author\/saudeconsultvida\/\"}]}<\/script>\n<!-- \/ Yoast SEO plugin. -->","yoast_head_json":{"title":"Planos de sa\u00fade empresarial em Manaus - Conv\u00eanios M\u00e9dicos AM","description":"Conhe\u00e7a os planos de sa\u00fade empresarial em Manaus mais vendidos com o menor custo, simule seu conv\u00eanio m\u00e9dico Manaus empresas.","robots":{"index":"index","follow":"follow","max-snippet":"max-snippet:-1","max-image-preview":"max-image-preview:large","max-video-preview":"max-video-preview:-1"},"canonical":"https:\/\/consultvida.com.br\/blog\/planos-saude-empresarial-manaus\/","og_locale":"pt_BR","og_type":"article","og_title":"Planos de sa\u00fade empresarial em Manaus - Conv\u00eanios M\u00e9dicos AM","og_description":"Conhe\u00e7a os planos de sa\u00fade empresarial em Manaus mais vendidos com o menor custo, simule seu conv\u00eanio m\u00e9dico Manaus empresas.","og_url":"https:\/\/consultvida.com.br\/blog\/planos-saude-empresarial-manaus\/","og_site_name":"Planos de Sa\u00fade em S\u00e3o Paulo, Planos de Sa\u00fade SP","article_published_time":"2023-02-22T17:58:04+00:00","article_modified_time":"2023-08-03T22:01:45+00:00","og_image":[{"width":282,"height":189,"url":"https:\/\/consultvida.com.br\/blog\/wp-content\/uploads\/2022\/07\/brasilia2.jpg","type":"image\/jpeg"}],"author":"saudeconsultvida","twitter_card":"summary_large_image","twitter_misc":{"Escrito por":"saudeconsultvida","Est. tempo de leitura":"12 minutos"},"schema":{"@context":"https:\/\/schema.org","@graph":[{"@type":"Article","@id":"https:\/\/consultvida.com.br\/blog\/planos-saude-empresarial-manaus\/#article","isPartOf":{"@id":"https:\/\/consultvida.com.br\/blog\/planos-saude-empresarial-manaus\/"},"author":{"name":"saudeconsultvida","@id":"https:\/\/consultvida.com.br\/blog\/#\/schema\/person\/82250e6ae90dcc5379de81d08e738f7c"},"headline":"Planos de sa\u00fade empresarial em Manaus","datePublished":"2023-02-22T17:58:04+00:00","dateModified":"2023-08-03T22:01:45+00:00","mainEntityOfPage":{"@id":"https:\/\/consultvida.com.br\/blog\/planos-saude-empresarial-manaus\/"},"wordCount":2072,"publisher":{"@id":"https:\/\/consultvida.com.br\/blog\/#organization"},"keywords":["Planos de sa\u00fade empresarial em Manaus"],"articleSection":["planos de sa\u00fade"],"inLanguage":"pt-BR"},{"@type":"WebPage","@id":"https:\/\/consultvida.com.br\/blog\/planos-saude-empresarial-manaus\/","url":"https:\/\/consultvida.com.br\/blog\/planos-saude-empresarial-manaus\/","name":"Planos de sa\u00fade empresarial em Manaus - Conv\u00eanios M\u00e9dicos AM","isPartOf":{"@id":"https:\/\/consultvida.com.br\/blog\/#website"},"datePublished":"2023-02-22T17:58:04+00:00","dateModified":"2023-08-03T22:01:45+00:00","description":"Conhe\u00e7a os planos de sa\u00fade empresarial em Manaus mais vendidos com o menor custo, simule seu conv\u00eanio m\u00e9dico Manaus empresas.","breadcrumb":{"@id":"https:\/\/consultvida.com.br\/blog\/planos-saude-empresarial-manaus\/#breadcrumb"},"inLanguage":"pt-BR","potentialAction":[{"@type":"ReadAction","target":["https:\/\/consultvida.com.br\/blog\/planos-saude-empresarial-manaus\/"]}]},{"@type":"BreadcrumbList","@id":"https:\/\/consultvida.com.br\/blog\/planos-saude-empresarial-manaus\/#breadcrumb","itemListElement":[{"@type":"ListItem","position":1,"name":"In\u00edcio","item":"https:\/\/consultvida.com.br\/blog\/"},{"@type":"ListItem","position":2,"name":"Planos de sa\u00fade empresarial em Manaus"}]},{"@type":"WebSite","@id":"https:\/\/consultvida.com.br\/blog\/#website","url":"https:\/\/consultvida.com.br\/blog\/","name":"Planos de Sa\u00fade em S\u00e3o Paulo, Planos de Sa\u00fade SP","description":"Simular Planos de Sa\u00fade em S\u00e3o Paulo","publisher":{"@id":"https:\/\/consultvida.com.br\/blog\/#organization"},"potentialAction":[{"@type":"SearchAction","target":{"@type":"EntryPoint","urlTemplate":"https:\/\/consultvida.com.br\/blog\/?s={search_term_string}"},"query-input":"required name=search_term_string"}],"inLanguage":"pt-BR"},{"@type":"Organization","@id":"https:\/\/consultvida.com.br\/blog\/#organization","name":"Planos de Sa\u00fade em S\u00e3o Paulo, Planos de Sa\u00fade SP","url":"https:\/\/consultvida.com.br\/blog\/","logo":{"@type":"ImageObject","inLanguage":"pt-BR","@id":"https:\/\/consultvida.com.br\/blog\/#\/schema\/logo\/image\/","url":"https:\/\/consultvida.com.br\/blog\/wp-content\/uploads\/2024\/10\/logo-15anos.jpg","contentUrl":"https:\/\/consultvida.com.br\/blog\/wp-content\/uploads\/2024\/10\/logo-15anos.jpg","width":317,"height":115,"caption":"Planos de Sa\u00fade em S\u00e3o Paulo, Planos de Sa\u00fade SP"},"image":{"@id":"https:\/\/consultvida.com.br\/blog\/#\/schema\/logo\/image\/"}},{"@type":"Person","@id":"https:\/\/consultvida.com.br\/blog\/#\/schema\/person\/82250e6ae90dcc5379de81d08e738f7c","name":"saudeconsultvida","image":{"@type":"ImageObject","inLanguage":"pt-BR","@id":"https:\/\/consultvida.com.br\/blog\/#\/schema\/person\/image\/","url":"https:\/\/secure.gravatar.com\/avatar\/ed1677e671fcc8fb0ce8b05b9a2d754b?s=96&d=mm&r=g","contentUrl":"https:\/\/secure.gravatar.com\/avatar\/ed1677e671fcc8fb0ce8b05b9a2d754b?s=96&d=mm&r=g","caption":"saudeconsultvida"},"description":"A Consult Vida \u00e9 uma corretora de benef\u00edcios especializada em Conv\u00eanios M\u00e9dicos Empresarial e PF, Odontol\u00f3gicos e Seguros de Vida. Somos credenciados nas operadoras de planos de sa\u00fade com os melhores custos do mercado.","sameAs":["https:\/\/consultvida.com.br"],"url":"https:\/\/consultvida.com.br\/blog\/author\/saudeconsultvida\/"}]}},"_links":{"self":[{"href":"https:\/\/consultvida.com.br\/blog\/wp-json\/wp\/v2\/posts\/1729"}],"collection":[{"href":"https:\/\/consultvida.com.br\/blog\/wp-json\/wp\/v2\/posts"}],"about":[{"href":"https:\/\/consultvida.com.br\/blog\/wp-json\/wp\/v2\/types\/post"}],"author":[{"embeddable":true,"href":"https:\/\/consultvida.com.br\/blog\/wp-json\/wp\/v2\/users\/1"}],"replies":[{"embeddable":true,"href":"https:\/\/consultvida.com.br\/blog\/wp-json\/wp\/v2\/comments?post=1729"}],"version-history":[{"count":11,"href":"https:\/\/consultvida.com.br\/blog\/wp-json\/wp\/v2\/posts\/1729\/revisions"}],"predecessor-version":[{"id":3177,"href":"https:\/\/consultvida.com.br\/blog\/wp-json\/wp\/v2\/posts\/1729\/revisions\/3177"}],"wp:featuredmedia":[{"embeddable":true,"href":"https:\/\/consultvida.com.br\/blog\/wp-json\/wp\/v2\/media\/629"}],"wp:attachment":[{"href":"https:\/\/consultvida.com.br\/blog\/wp-json\/wp\/v2\/media?parent=1729"}],"wp:term":[{"taxonomy":"category","embeddable":true,"href":"https:\/\/consultvida.com.br\/blog\/wp-json\/wp\/v2\/categories?post=1729"},{"taxonomy":"post_tag","embeddable":true,"href":"https:\/\/consultvida.com.br\/blog\/wp-json\/wp\/v2\/tags?post=1729"}],"curies":[{"name":"wp","href":"https:\/\/api.w.org\/{rel}","templated":true}]}}