{"id":1974,"date":"2023-05-11T01:19:32","date_gmt":"2023-05-11T04:19:32","guid":{"rendered":"https:\/\/consultvida.com.br\/blog\/?p=1974"},"modified":"2023-05-28T15:20:46","modified_gmt":"2023-05-28T18:20:46","slug":"amil-valores","status":"publish","type":"post","link":"https:\/\/consultvida.com.br\/blog\/amil-valores\/","title":{"rendered":"Amil Valores"},"content":{"rendered":"\n<p>Para voc\u00ea que est\u00e1 procurando um bom plano de sa\u00fade, conhe\u00e7a a Amil Valores, e saiba como contratar.<\/p>\n\n\n\n<p>Primeiramente, vamos auxiliar sua empresa ou fam\u00edlia, avaliando sempre as linhas com valores mais acess\u00edveis.<\/p>\n\n\n\n<p>Afinal, nada melhor que poder contar com uma ajuda profissional na contrata\u00e7\u00e3o dos planos de sa\u00fade da Amil, n\u00e3o \u00e9 mesmo?<\/p>\n\n\n\n<p>Assim, seus funcion\u00e1rios ou s\u00f3cios atrav\u00e9s de atendimento personalizado, conseguimos entender suas necessidades na sa\u00fade privada e direcionar o plano de sa\u00fade mais indicado.<\/p>\n\n\n\n<p>Al\u00e9m disso, trabalhamos com todas as linhas Amil, com op\u00e7\u00e3o de contratar a Amil com valores que cabem no seu bolso.<\/p>\n\n\n\n<figure class=\"wp-block-image size-large\"><img decoding=\"async\" loading=\"lazy\" width=\"1024\" height=\"682\" src=\"https:\/\/consultvida.com.br\/blog\/wp-content\/uploads\/2022\/07\/amil-saude-1024x682.jpg\" alt=\"Amil Valores\" class=\"wp-image-834\" srcset=\"https:\/\/consultvida.com.br\/blog\/wp-content\/uploads\/2022\/07\/amil-saude-1024x682.jpg 1024w, https:\/\/consultvida.com.br\/blog\/wp-content\/uploads\/2022\/07\/amil-saude-300x200.jpg 300w, https:\/\/consultvida.com.br\/blog\/wp-content\/uploads\/2022\/07\/amil-saude-768x512.jpg 768w, https:\/\/consultvida.com.br\/blog\/wp-content\/uploads\/2022\/07\/amil-saude-370x247.jpg 370w, https:\/\/consultvida.com.br\/blog\/wp-content\/uploads\/2022\/07\/amil-saude.jpg 1280w\" sizes=\"(max-width: 1024px) 100vw, 1024px\" \/><\/figure>\n\n\n\n<h2 class=\"wp-block-heading\">Simular planos de sa\u00fade Amil<\/h2>\n\n\n\n<figure class=\"wp-block-image size-full\"><a href=\"https:\/\/api.whatsapp.com\/send?phone=5511969670055&amp;text=cotar-plano-saude\"><img decoding=\"async\" loading=\"lazy\" width=\"800\" height=\"451\" src=\"https:\/\/consultvida.com.br\/blog\/wp-content\/uploads\/2022\/07\/whatsapp.jpg\" alt=\"Simular Planos de sa\u00fade em Ribeir\u00e3o Preto\" class=\"wp-image-915\" srcset=\"https:\/\/consultvida.com.br\/blog\/wp-content\/uploads\/2022\/07\/whatsapp.jpg 800w, https:\/\/consultvida.com.br\/blog\/wp-content\/uploads\/2022\/07\/whatsapp-300x169.jpg 300w, https:\/\/consultvida.com.br\/blog\/wp-content\/uploads\/2022\/07\/whatsapp-768x433.jpg 768w, https:\/\/consultvida.com.br\/blog\/wp-content\/uploads\/2022\/07\/whatsapp-304x170.jpg 304w, https:\/\/consultvida.com.br\/blog\/wp-content\/uploads\/2022\/07\/whatsapp-370x209.jpg 370w\" sizes=\"(max-width: 800px) 100vw, 800px\" \/><\/a><\/figure>\n\n\n\n<p>Preencha o formul\u00e1rio abaixo, e receba em seu e-mail em poucos minutos, as tabelas de pre\u00e7os dos planos de sa\u00fade Amil.<\/p>\n\n\n\n<p class=\"has-full-white-background-color has-background\"><div class=\"wpforms-container wpforms-container-full\" id=\"wpforms-201\"><form id=\"wpforms-form-201\" class=\"wpforms-validate wpforms-form wpforms-ajax-form\" data-formid=\"201\" method=\"post\" enctype=\"multipart\/form-data\" action=\"\/blog\/wp-json\/wp\/v2\/posts\/1974\" data-token=\"2500eb9109e3bfa6b53987efc720ede6\" data-token-time=\"1777226502\"><noscript class=\"wpforms-error-noscript\">Ative o JavaScript no seu navegador para preencher este formul\u00e1rio.<\/noscript><div class=\"wpforms-field-container\"><div id=\"wpforms-201-field_0-container\" class=\"wpforms-field wpforms-field-name\" data-field-id=\"0\"><label class=\"wpforms-field-label\" for=\"wpforms-201-field_0\">Nome <span class=\"wpforms-required-label\">*<\/span><\/label><div class=\"wpforms-field-row wpforms-field-medium\"><div class=\"wpforms-field-row-block wpforms-first wpforms-one-half\"><input type=\"text\" id=\"wpforms-201-field_0\" class=\"wpforms-field-name-first wpforms-field-required\" name=\"wpforms[fields][0][first]\" required><label for=\"wpforms-201-field_0\" class=\"wpforms-field-sublabel after\">Nome<\/label><\/div><div class=\"wpforms-field-row-block wpforms-one-half\"><input type=\"text\" id=\"wpforms-201-field_0-last\" class=\"wpforms-field-name-last wpforms-field-required\" name=\"wpforms[fields][0][last]\" required><label for=\"wpforms-201-field_0-last\" class=\"wpforms-field-sublabel after\">Sobrenome<\/label><\/div><\/div><\/div><div id=\"wpforms-201-field_1-container\" class=\"wpforms-field wpforms-field-email\" data-field-id=\"1\"><label class=\"wpforms-field-label\" for=\"wpforms-201-field_1\">Email <span class=\"wpforms-required-label\">*<\/span><\/label><input type=\"email\" id=\"wpforms-201-field_1\" class=\"wpforms-field-medium wpforms-field-required\" name=\"wpforms[fields][1]\" spellcheck=\"false\" required><\/div><div id=\"wpforms-201-field_7-container\" class=\"wpforms-field wpforms-field-text\" data-field-id=\"7\"><label class=\"wpforms-field-label\" for=\"wpforms-201-field_7\">Telefone <span class=\"wpforms-required-label\">*<\/span><\/label><input type=\"text\" id=\"wpforms-201-field_7\" class=\"wpforms-field-medium wpforms-field-required\" name=\"wpforms[fields][7]\" required><\/div><div id=\"wpforms-201-field_8-container\" class=\"wpforms-field wpforms-field-text\" data-field-id=\"8\"><label class=\"wpforms-field-label\" for=\"wpforms-201-field_8\">Cidade e Estado <span class=\"wpforms-required-label\">*<\/span><\/label><input type=\"text\" id=\"wpforms-201-field_8\" class=\"wpforms-field-medium wpforms-field-required\" name=\"wpforms[fields][8]\" required><\/div><div id=\"wpforms-201-field_9-container\" class=\"wpforms-field wpforms-field-text\" data-field-id=\"9\"><label class=\"wpforms-field-label\" for=\"wpforms-201-field_9\">Idade das Vidas <span class=\"wpforms-required-label\">*<\/span><\/label><input type=\"text\" id=\"wpforms-201-field_9\" class=\"wpforms-field-medium wpforms-field-required\" name=\"wpforms[fields][9]\" required><\/div><div id=\"wpforms-201-field_11-container\" class=\"wpforms-field wpforms-field-text\" data-field-id=\"11\"><label class=\"wpforms-field-label\" for=\"wpforms-201-field_11\">Informar se \u00e9 plano empresarial ou pessoa f\u00edsica <span class=\"wpforms-required-label\">*<\/span><\/label><input type=\"text\" id=\"wpforms-201-field_11\" class=\"wpforms-field-medium wpforms-field-required\" name=\"wpforms[fields][11]\" required><\/div><div id=\"wpforms-201-field_2-container\" class=\"wpforms-field wpforms-field-textarea\" data-field-id=\"2\"><label class=\"wpforms-field-label\" for=\"wpforms-201-field_2\">Descreva suas necessidades e coment\u00e1rio <span class=\"wpforms-required-label\">*<\/span><\/label><textarea id=\"wpforms-201-field_2\" class=\"wpforms-field-medium wpforms-field-required\" name=\"wpforms[fields][2]\" required><\/textarea><\/div><\/div><!-- .wpforms-field-container --><div class=\"wpforms-submit-container\" ><input type=\"hidden\" name=\"wpforms[id]\" value=\"201\"><input type=\"hidden\" name=\"page_title\" value=\"\"><input type=\"hidden\" name=\"page_url\" value=\"https:\/\/consultvida.com.br\/blog\/wp-json\/wp\/v2\/posts\/1974\"><button type=\"submit\" name=\"wpforms[submit]\" id=\"wpforms-submit-201\" class=\"wpforms-submit\" data-alt-text=\"enviando...\" data-submit-text=\"Enviar\" aria-live=\"assertive\" value=\"wpforms-submit\">Enviar<\/button><img src=\"https:\/\/consultvida.com.br\/blog\/wp-content\/plugins\/wpforms-lite\/assets\/images\/submit-spin.svg\" class=\"wpforms-submit-spinner\" style=\"display: none;\" width=\"26\" height=\"26\" alt=\"Carregando\"><\/div><\/form><\/div>  <!-- .wpforms-container --><\/p>\n\n\n\n<h2 class=\"wp-block-heading\">Amil valores<\/h2>\n\n\n\n<p>Vamos conhecer os valores das linhas de entrada na Amil na sua cidade? Veja abaixo a tabela de pre\u00e7os da Amil<\/p>\n\n\n\n<table id=\"tablepress-4\" class=\"tablepress tablepress-id-4\">\n<thead>\n<tr class=\"row-1 odd\">\n\t<th class=\"column-1\">Idades<\/th><th class=\"column-2\">Amil S40 SP<\/th><th class=\"column-3\">Amil S40 GRU<\/th><th class=\"column-4\">Amil S40 RJ<\/th>\n<\/tr>\n<\/thead>\n<tbody class=\"row-hover\">\n<tr class=\"row-2 even\">\n\t<td class=\"column-1\">0 a 18 anos<\/td><td class=\"column-2\">R$ 95,12<\/td><td class=\"column-3\">R$ 93,80<\/td><td class=\"column-4\">R$ 96,90<\/td>\n<\/tr>\n<tr class=\"row-3 odd\">\n\t<td class=\"column-1\">19 a 23 anos<\/td><td class=\"column-2\">R$ 129,19<\/td><td class=\"column-3\">R$ 127,37<\/td><td class=\"column-4\">R$ 131,59<\/td>\n<\/tr>\n<tr class=\"row-4 even\">\n\t<td class=\"column-1\">24 a 28 anos<\/td><td class=\"column-2\">R$ 151,65<\/td><td class=\"column-3\">R$ 149,53<\/td><td class=\"column-4\">R$ 154,47<\/td>\n<\/tr>\n<tr class=\"row-5 odd\">\n\t<td class=\"column-1\">29 a 33 anos<\/td><td class=\"column-2\">R$ 151,65<\/td><td class=\"column-3\">R$ 149,53<\/td><td class=\"column-4\">R$ 154,47<\/td>\n<\/tr>\n<tr class=\"row-6 even\">\n\t<td class=\"column-1\">34 a 38 anos<\/td><td class=\"column-2\">R$ 151,65<\/td><td class=\"column-3\">R$ 149,53<\/td><td class=\"column-4\">R$ 154,47<\/td>\n<\/tr>\n<tr class=\"row-7 odd\">\n\t<td class=\"column-1\">39 a 43 anos<\/td><td class=\"column-2\">R$ 169,39<\/td><td class=\"column-3\">R$ 167,03<\/td><td class=\"column-4\">R$ 172,53<\/td>\n<\/tr>\n<tr class=\"row-8 even\">\n\t<td class=\"column-1\">44 a 48 anos<\/td><td class=\"column-2\">R$ 233,93<\/td><td class=\"column-3\">R$ 230,66<\/td><td class=\"column-4\">R$ 238,27<\/td>\n<\/tr>\n<tr class=\"row-9 odd\">\n\t<td class=\"column-1\">49 a 53 anos<\/td><td class=\"column-2\">R$ 279,32<\/td><td class=\"column-3\">R$ 275,40<\/td><td class=\"column-4\">R$ 284,50<\/td>\n<\/tr>\n<tr class=\"row-10 even\">\n\t<td class=\"column-1\">54 a 58 anos<\/td><td class=\"column-2\">R$ 401,66<\/td><td class=\"column-3\">R$ 396,03<\/td><td class=\"column-4\">R$ 409,11<\/td>\n<\/tr>\n<tr class=\"row-11 odd\">\n\t<td class=\"column-1\">59 anos ou mais<\/td><td class=\"column-2\">R$ 569,55<\/td><td class=\"column-3\">R$ 561,57<\/td><td class=\"column-4\">R$ 580,12<\/td>\n<\/tr>\n<\/tbody>\n<\/table>\n<!-- #tablepress-4 from cache -->\n\n\n<h3 class=\"wp-block-heading has-sky-blue-color has-text-color\">Como contratar a Amil com valores mais em conta?<\/h3>\n\n\n\n<p>Existem algumas maneiras de contratar um plano de sa\u00fade da Amil com valores mais em conta. Veja algumas dicas:<\/p>\n\n\n\n<p>Pesquise os diferentes tipos de planos oferecidos pela Amil e escolha aquele que melhor atenda \u00e0s suas necessidades.<\/p>\n\n\n\n<p>Quanto mais servi\u00e7os e coberturas inclu\u00eddos no plano, maior ser\u00e1 o valor mensal.<\/p>\n\n\n\n<p>Opte por um plano com coparticipa\u00e7\u00e3o, onde o valor das consultas e procedimentos \u00e9 dividido entre o usu\u00e1rio e a operadora do plano.<\/p>\n\n\n\n<p>Isso pode reduzir o valor mensal do plano, mas \u00e9 importante lembrar que voc\u00ea precisar\u00e1 pagar uma parte dos custos sempre que utilizar algum servi\u00e7o m\u00e9dico.<\/p>\n\n\n\n<p>Negocie com um corretor de seguros para obter descontos ou promo\u00e7\u00f5es especiais na contrata\u00e7\u00e3o do plano.<\/p>\n\n\n\n<p>Por isso, os corretores podem ter informa\u00e7\u00f5es sobre planos com pre\u00e7os mais acess\u00edveis ou pacotes promocionais.<\/p>\n\n\n\n<p>Verifique se a Amil oferece descontos para grupos ou empresas.<\/p>\n\n\n\n<p>Se voc\u00ea faz parte de um grupo de pessoas que deseja contratar um plano de sa\u00fade, \u00e9 poss\u00edvel obter descontos na contrata\u00e7\u00e3o.<\/p>\n\n\n\n<p>Bem como, fa\u00e7a uma pesquisa de mercado para comparar os pre\u00e7os e benef\u00edcios oferecidos pelos planos de outras operadoras de sa\u00fade.<\/p>\n\n\n\n<p>Isso pode ajud\u00e1-lo a escolher o plano mais adequado ao seu or\u00e7amento e necessidades.<\/p>\n\n\n\n<p>Considere contratar um plano com cobertura regional, que \u00e9 mais restrita do que um plano nacional.<\/p>\n\n\n\n<p>Planos regionais tendem a ser mais baratos do que os planos nacionais, pois oferecem cobertura apenas para uma determinada regi\u00e3o geogr\u00e1fica.<\/p>\n\n\n\n<p>Lembre-se de que, ao contratar um plano de sa\u00fade, \u00e9 importante considerar n\u00e3o apenas o valor mensal, mas tamb\u00e9m a qualidade dos servi\u00e7os prestados, a rede credenciada e as coberturas oferecidas.<\/p>\n\n\n\n<p>Bem como, certifique-se de ler atentamente o contrato antes de assinar e esclare\u00e7a todas as suas d\u00favidas com a operadora do plano.<\/p>\n\n\n\n<h3 class=\"wp-block-heading has-sky-blue-color has-text-color\">Como \u00e9 feito o c\u00e1lculo dos valores para os planos de sa\u00fade da Amil?<\/h3>\n\n\n\n<p>A Amil possui seus valores, que s\u00e3o oferecidos em suas linhas de planos de sa\u00fade para empresas, que podem variar de acordo com alguns detalhes abaixo.<\/p>\n\n\n\n<ul>\n<li>Cidade da sua empresa<\/li>\n\n\n\n<li>Modelo compuls\u00f3rio ou livre ades\u00e3o<\/li>\n\n\n\n<li>Idade das vidas<\/li>\n\n\n\n<li>Valor de reembolso<\/li>\n<\/ul>\n\n\n\n<h3 class=\"wp-block-heading has-sky-blue-color has-text-color\">Como \u00e9 calculado o reajuste dos valores na Amil?<\/h3>\n\n\n\n<p>O reajuste dos valores na Amil \u00e9 regulado pela Ag\u00eancia Nacional de Sa\u00fade Suplementar (ANS) e \u00e9 calculado com base em alguns fatores, tais como:<\/p>\n\n\n\n<p>Varia\u00e7\u00e3o dos custos m\u00e9dico-hospitalares: o principal fator que influencia o reajuste dos valores \u00e9 a varia\u00e7\u00e3o dos custos m\u00e9dico-hospitalares, que representa os gastos que a operadora tem com os servi\u00e7os de sa\u00fade prestados aos seus benefici\u00e1rios.<\/p>\n\n\n\n<p>Ainda assim, a ANS define um \u00edndice m\u00e1ximo para essa varia\u00e7\u00e3o, que \u00e9 divulgado anualmente.<\/p>\n\n\n\n<p>Faixa et\u00e1ria: outro fator que influencia o reajuste dos valores na Amil \u00e9 a mudan\u00e7a de faixa et\u00e1ria dos benefici\u00e1rios.<\/p>\n\n\n\n<p>Bem como, a ANS determina uma tabela com as diferentes faixas et\u00e1rias e os percentuais de reajuste que podem ser aplicados em cada uma delas.<\/p>\n\n\n\n<p>Infla\u00e7\u00e3o: o \u00edndice de infla\u00e7\u00e3o tamb\u00e9m pode influenciar o reajuste dos valores na Amil, pois afeta os custos de manuten\u00e7\u00e3o e opera\u00e7\u00e3o da empresa.<\/p>\n\n\n\n<p>Performance da carteira de benefici\u00e1rios: a Amil tamb\u00e9m pode considerar a performance da sua carteira de benefici\u00e1rios, ou seja, o resultado financeiro dos planos de sa\u00fade.<\/p>\n\n\n\n<p>\u00c9 importante ressaltar que a ANS define um \u00edndice m\u00e1ximo de reajuste que pode ser aplicado em cada ano, e que esse \u00edndice pode ser diferente para cada operadora de sa\u00fade.<\/p>\n\n\n\n<p>Al\u00e9m disso, o reajuste dos valores \u00e9 calculado de acordo com a data de anivers\u00e1rio do contrato, ou seja, na data em que o contrato foi assinado ou renovado.<\/p>\n\n\n\n<h3 class=\"wp-block-heading has-sky-blue-color has-text-color\">Voc\u00ea sabia que uma corretora experiente em Amil pode te ajudar a encontrar valor mais em conta?<\/h3>\n\n\n\n<p>Certamente, uma corretora com experi\u00eancia em Amil pode auxiliar sua empresa ou fam\u00edlia, numa escolha com menor custo x benef\u00edcio.<\/p>\n\n\n\n<p>Assim, \u00e9 importante entender suas necessidades na \u00e1rea da sa\u00fade privada, e poder encontrar a linha Amil mais indicada.<\/p>\n\n\n\n<figure class=\"wp-block-image size-large\"><img decoding=\"async\" loading=\"lazy\" width=\"1024\" height=\"682\" src=\"https:\/\/consultvida.com.br\/blog\/wp-content\/uploads\/2022\/07\/plano-saude9-1024x682.jpg\" alt=\"Plano de sa\u00fade Amil\" class=\"wp-image-1026\" srcset=\"https:\/\/consultvida.com.br\/blog\/wp-content\/uploads\/2022\/07\/plano-saude9-1024x682.jpg 1024w, https:\/\/consultvida.com.br\/blog\/wp-content\/uploads\/2022\/07\/plano-saude9-300x200.jpg 300w, https:\/\/consultvida.com.br\/blog\/wp-content\/uploads\/2022\/07\/plano-saude9-768x512.jpg 768w, https:\/\/consultvida.com.br\/blog\/wp-content\/uploads\/2022\/07\/plano-saude9-370x247.jpg 370w, https:\/\/consultvida.com.br\/blog\/wp-content\/uploads\/2022\/07\/plano-saude9.jpg 1280w\" sizes=\"(max-width: 1024px) 100vw, 1024px\" \/><\/figure>\n\n\n\n<h3 class=\"wp-block-heading has-sky-blue-color has-text-color\">Plano de sa\u00fade Amil: Categorias<\/h3>\n\n\n\n<p>Na Amil voc\u00ea encontra diferentes categorias de planos, tanto para empresas quanto para pessoas f\u00edsicas \u2014 com op\u00e7\u00f5es individuais ou para toda a fam\u00edlia.<\/p>\n\n\n\n<p>Os planos oferecidos pela <strong>Amil<\/strong> e <strong><a href=\"https:\/\/consultvida.com.br\/blog\/amil-one\/\">Amil One<\/a><\/strong> s\u00e3o:<\/p>\n\n\n\n<ul>\n<li>Amil F\u00e1cil S40<\/li>\n\n\n\n<li>Amil F\u00e1cil S60<\/li>\n\n\n\n<li>Amil F\u00e1cil S80<\/li>\n\n\n\n<li>Amil One S1500<\/li>\n\n\n\n<li>Amil One S2500<\/li>\n\n\n\n<li>Amil S6500 Black<\/li>\n\n\n\n<li>Amil S380<\/li>\n\n\n\n<li>Amil S450<\/li>\n\n\n\n<li>Amil S580<\/li>\n\n\n\n<li>Amil S750<\/li>\n<\/ul>\n\n\n\n<h3 class=\"wp-block-heading has-sky-blue-color has-text-color\">Modalidades de planos de sa\u00fade Amil<\/h3>\n\n\n\n<p>Escolher a modalidade certa na contrata\u00e7\u00e3o da Amil faz toda a diferen\u00e7a, ainda mais quando pensamos em aderir a linhas com valores mais em conta.<\/p>\n\n\n\n<p>Assim, vamos entender onde voc\u00ea pode contratar a Amil com o menor custo. Vamos conhecer?<\/p>\n\n\n\n<ul>\n<li>Plano de sa\u00fade Amil empresarial<\/li>\n\n\n\n<li>Plano de sa\u00fade Amil pessoa f\u00edsica (por ades\u00e3o)<\/li>\n\n\n\n<li>Plano de sa\u00fade Amil pessoa f\u00edsica (individual ou familiar)<\/li>\n<\/ul>\n\n\n\n<p>Ali\u00e1s, a Amil, uma das maiores e mais respeitadas empresas do setor de sa\u00fade, oferece ao mercado uma variedade de planos m\u00e9dicos para empresas e pessoas f\u00edsicas.<\/p>\n\n\n\n<p>Est\u00e1 esperando o que? Entre em contato e simule hoje mesmo as linhas de planos de sa\u00fade da Amil.<\/p>\n\n\n\n<h3 class=\"wp-block-heading has-sky-blue-color has-text-color\">Os valores praticados na Amil s\u00e3o justos?<\/h3>\n\n\n\n<p>A avalia\u00e7\u00e3o da justi\u00e7a dos valores praticados pela Amil \u00e9 subjetiva e depende de diversos fatores, como a qualidade dos servi\u00e7os oferecidos, a rede credenciada, as coberturas inclu\u00eddas no plano, entre outros.<\/p>\n\n\n\n<p>Em geral, a Amil \u00e9 uma operadora de sa\u00fade conhecida por oferecer planos com cobertura ampla e servi\u00e7os de qualidade, o que pode resultar em valores mais altos em compara\u00e7\u00e3o com outras operadoras.<\/p>\n\n\n\n<p>No entanto, \u00e9 importante considerar que a sa\u00fade \u00e9 um investimento importante e que a escolha de um plano deve ser baseada nas necessidades individuais de cada pessoa.<\/p>\n\n\n\n<p>Al\u00e9m disso, \u00e9 poss\u00edvel encontrar op\u00e7\u00f5es de planos mais acess\u00edveis na Amil, como os planos com coparticipa\u00e7\u00e3o ou com cobertura regional.<\/p>\n\n\n\n<p>Assim, a negocia\u00e7\u00e3o com corretores de seguros e a pesquisa de mercado tamb\u00e9m podem ajudar a encontrar valores mais justos na contrata\u00e7\u00e3o de um plano de sa\u00fade.<\/p>\n\n\n\n<p>Em resumo, a justi\u00e7a dos valores praticados pela Amil pode ser avaliada individualmente e depende de diversos fatores, mas \u00e9 poss\u00edvel encontrar op\u00e7\u00f5es de planos mais acess\u00edveis e que atendam \u00e0s necessidades de cada pessoa.<\/p>\n\n\n\n<h2 class=\"wp-block-heading\">Como contratar a Amil com valores mais acess\u00edveis?<\/h2>\n\n\n\n<p>Primeiramente, \u00e9 importante quando sua empresa ou fam\u00edlia estiver analisando as linhas da Amil, atender realmente o que seria importante no seu conv\u00eanio m\u00e9dico.<\/p>\n\n\n\n<p>Nesse sentido, poder analisar os valores da Amil, e assim, identificar a linha que possa prestar os cuidados integral a sua sa\u00fade.<\/p>\n\n\n\n<p>Em outras palavras, \u00e9 verificar modelos de contrata\u00e7\u00e3o com valores mais acess\u00edveis na Amil, sem impactar na sua necessidade na sa\u00fade privada.<\/p>\n\n\n\n<p>Antecipadamente, vamos entender o que pode impactar em valores mais reduzidos na Amil. Continue a leitura!<\/p>\n\n\n\n<h3 class=\"wp-block-heading has-sky-blue-color has-text-color\">Valores dos planos Amil abrang\u00eancia regional<\/h3>\n\n\n\n<p>A Amil possui para algumas cidades do Brasil, as linhas conhecidas como Amil F\u00e1cil, voc\u00ea j\u00e1 ouviu falar?<\/p>\n\n\n\n<p>Para entender melhor a Amil F\u00e1cil, s\u00e3o linhas regionais que possuem uma rede de atendimento selecionada a dedo para a sua localidade. Sobretudo, para quem n\u00e3o precisa de uma cobertura nacional.<\/p>\n\n\n\n<p>Bem como, seus valores s\u00e3o bem acess\u00edveis, justamente por ter uma cobertura regionalizada.<\/p>\n\n\n\n<p>Incr\u00edvel n\u00e9? Poder contratar as linhas de planos renomadas da Amil, sem impactar o seu or\u00e7amento. Est\u00e1 esperando o que? Simule a Amil f\u00e1cil em nosso site.<\/p>\n\n\n\n<h3 class=\"wp-block-heading has-sky-blue-color has-text-color\">Valores dos planos Amil com coparticipa\u00e7\u00e3o<\/h3>\n\n\n\n<p>Os planos com coparticipa\u00e7\u00e3o na Amil s\u00e3o aqueles em que o benefici\u00e1rio paga uma parte do valor de cada procedimento ou consulta realizada, al\u00e9m do valor da mensalidade.<\/p>\n\n\n\n<p>Essa modalidade de plano de sa\u00fade na Amil \u00e9 indicada para quem faz um uso menos frequente do plano e busca reduzir os custos mensais, pois a mensalidade costuma ser mais baixa do que a dos planos sem coparticipa\u00e7\u00e3o.<\/p>\n\n\n\n<p>Na Amil, os planos com coparticipa\u00e7\u00e3o oferecem aos benefici\u00e1rios a possibilidade de pagar uma taxa adicional a cada utiliza\u00e7\u00e3o de servi\u00e7os m\u00e9dicos ou hospitalares.<\/p>\n\n\n\n<p>Essa taxa varia de acordo com o tipo de procedimento ou consulta realizada e \u00e9 limitada a um valor m\u00e1ximo por m\u00eas, de acordo com o plano contratado.<\/p>\n\n\n\n<p>Os planos com coparticipa\u00e7\u00e3o podem ser uma op\u00e7\u00e3o vantajosa para quem n\u00e3o utiliza o plano com muita frequ\u00eancia ou para quem prefere pagar apenas pelos servi\u00e7os utilizados.<\/p>\n\n\n\n<p>Quem j\u00e1 fez uma pesquisa sobre os valores da Amil no modelo de coparticipa\u00e7\u00e3o, sabe que a economia pode chegar a 40% mais em conta.<\/p>\n\n\n\n<h3 class=\"wp-block-heading has-sky-blue-color has-text-color\">Valores dos planos Amil modelo compuls\u00f3rio<\/h3>\n\n\n\n<p>Essa \u00e9 uma palavra que dificilmente os clientes conhecem numa contrata\u00e7\u00e3o de planos de sa\u00fade Amil, vamos entender porque o modelo compuls\u00f3rio \u00e9 mais indicado.<\/p>\n\n\n\n<p>Contratado para empresas com 100% da massa de s\u00f3cios ou mesmo funcion\u00e1rios, a Amil possui uma tabela de pre\u00e7os bem mais em conta, para empresas nessa contrata\u00e7\u00e3o.<\/p>\n\n\n\n<p>Assim, somente por sua empresa entrar no modelo compuls\u00f3rio, j\u00e1 ter\u00e1 um valor na Amil mais acess\u00edvel.<\/p>\n\n\n\n<h3 class=\"wp-block-heading has-sky-blue-color has-text-color\">Valores dos planos Amil pelo reembolso<\/h3>\n\n\n\n<p>Algumas linhas da Amil, especialmente as com cobertura nacional, possui a op\u00e7\u00e3o de contratar com n\u00edveis diferentes de reembolso m\u00e9dico.<\/p>\n\n\n\n<p>Por isso, se sua empresa n\u00e3o necessita de um alto valor de reembolso, pode conseguir valores na Amil mais baixo, contratando a op\u00e7\u00e3o com o primeiro n\u00edvel de reembolso da linha que voc\u00ea optou.<\/p>\n\n\n\n<p>Por fim, n\u00e3o podemos deixar de falar sobre a import\u00e2ncia da sua empresa ter uma boa corretora para te auxiliar em todo processo, ajudando na contrata\u00e7\u00e3o da Amil com melhor custo.<\/p>\n\n\n\n<h2 class=\"wp-block-heading\">Pesquisou no Google pelo termo: Amil Valores?<\/h2>\n\n\n\n<p>Temos notado muitas consultas em nosso site, pela pesquisa no Google pela palavra chave \u201cAmil Valores\u201d.<\/p>\n\n\n\n<p>Isso mostra que a operadora possui uma alta procura na medicina privada, principalmente pela sua qualidade e uma das melhores avalia\u00e7\u00f5es do mercado.<\/p>\n\n\n\n<p>Em outras palavras, sem d\u00favida \u00e9 uma \u00f3tima op\u00e7\u00e3o de plano de sa\u00fade para sua empresa ou fam\u00edlia que est\u00e1 em busca de uma medicina de ponta no Brasil.<\/p>\n\n\n\n<p>Ao passo que, nossa corretora possui anos de experi\u00eancia na comercializa\u00e7\u00e3o das linhas Amil, ajudando a empresas e fam\u00edlias na escolha com menor custo x benef\u00edcio.<\/p>\n\n\n\n<figure class=\"wp-block-image size-full\"><img decoding=\"async\" loading=\"lazy\" width=\"1024\" height=\"683\" src=\"https:\/\/consultvida.com.br\/blog\/wp-content\/uploads\/2023\/05\/empresas-mei.jpg\" alt=\"Amil Valores e Benef\u00edcios\" class=\"wp-image-2017\" srcset=\"https:\/\/consultvida.com.br\/blog\/wp-content\/uploads\/2023\/05\/empresas-mei.jpg 1024w, https:\/\/consultvida.com.br\/blog\/wp-content\/uploads\/2023\/05\/empresas-mei-300x200.jpg 300w, https:\/\/consultvida.com.br\/blog\/wp-content\/uploads\/2023\/05\/empresas-mei-768x512.jpg 768w\" sizes=\"(max-width: 1024px) 100vw, 1024px\" \/><\/figure>\n\n\n\n<h2 class=\"wp-block-heading\">Os valores do Amil One s\u00e3o acess\u00edveis?<\/h2>\n\n\n\n<p>Os valores do plano Amil One podem variar dependendo do perfil do benefici\u00e1rio e das coberturas escolhidas.<\/p>\n\n\n\n<p>Geralmente, os planos da Amil One s\u00e3o considerados planos de sa\u00fade premium, com uma ampla rede credenciada e servi\u00e7os diferenciados. Isso significa que os valores podem ser mais altos em compara\u00e7\u00e3o com outros planos de sa\u00fade mais b\u00e1sicos.<\/p>\n\n\n\n<p>No entanto, \u00e9 importante ressaltar que a acessibilidade dos valores \u00e9 relativa e depende da capacidade financeira de cada indiv\u00edduo. <\/p>\n\n\n\n<p>Recomenda-se entrar em contato diretamente com a Amil para obter informa\u00e7\u00f5es detalhadas sobre os planos e os valores praticados.<\/p>\n\n\n\n<h2 class=\"wp-block-heading\">Valores Amil na pessoa f\u00edsica, consigo bons pre\u00e7os?<\/h2>\n\n\n\n<p>Os valores dos planos da Amil para pessoa f\u00edsica podem variar dependendo de diversos fatores, como a faixa et\u00e1ria, regi\u00e3o de resid\u00eancia, coberturas contratadas e tipo de plano escolhido.<\/p>\n\n\n\n<p>Bem como, a Amil oferece uma variedade de planos para atender \u00e0s diferentes necessidades e or\u00e7amentos dos benefici\u00e1rios.<\/p>\n\n\n\n<p>Para obter bons pre\u00e7os, \u00e9 recomend\u00e1vel comparar as op\u00e7\u00f5es dispon\u00edveis no mercado, considerando os benef\u00edcios e coberturas oferecidas por cada plano.<\/p>\n\n\n\n<p>Al\u00e9m disso, \u00e9 v\u00e1lido entrar em contato diretamente com a Amil ou com um corretor autorizado da empresa para solicitar uma cota\u00e7\u00e3o personalizada, levando em considera\u00e7\u00e3o suas caracter\u00edsticas espec\u00edficas.<\/p>\n\n\n\n<p>Lembrando que a acessibilidade dos pre\u00e7os pode variar de acordo com a disponibilidade de planos e a negocia\u00e7\u00e3o individual. \u00c9 importante avaliar cuidadosamente as op\u00e7\u00f5es dispon\u00edveis e escolher um plano que atenda \u00e0s suas necessidades de sa\u00fade e ao seu or\u00e7amento.<\/p>\n\n\n\n<h2 class=\"wp-block-heading\">Como simular os valores Amil para minha empresa?<\/h2>\n\n\n\n<p>Para simular os valores dos planos da Amil para a sua empresa, voc\u00ea pode seguir os seguintes passos:<\/p>\n\n\n\n<p>Entre em contato com a central de atendimento da nossa corretora para uma simula\u00e7\u00e3o dos valores Amil para sua empresa. Nossa equipe de consultores est\u00e1 apta a te auxiliar no melhor custo.<\/p>\n\n\n\n<p>Informe os dados da sua empresa, como CNPJ, n\u00famero de funcion\u00e1rios e localiza\u00e7\u00e3o. Essas informa\u00e7\u00f5es ajudar\u00e3o a determinar os planos dispon\u00edveis para o seu perfil.<\/p>\n\n\n\n<p>Indique as coberturas e servi\u00e7os desejados. A Amil oferece diferentes op\u00e7\u00f5es de planos, com varia\u00e7\u00f5es de coberturas, rede credenciada e servi\u00e7os adicionais. Selecione aquelas que melhor atendam \u00e0s necessidades da sua empresa e dos seus colaboradores.<\/p>\n\n\n\n<p>Agende uma reuni\u00e3o com nossos consultores Amil para discutir a simula\u00e7\u00e3o. Eles poder\u00e3o apresentar as op\u00e7\u00f5es dispon\u00edveis, os valores correspondentes e responder a quaisquer d\u00favidas que voc\u00ea possa ter.<\/p>\n\n\n\n<p>Analise os valores e as coberturas oferecidas para tomar uma decis\u00e3o informada. Considere o custo-benef\u00edcio dos planos, levando em conta a qualidade da rede credenciada, os servi\u00e7os adicionais, o suporte ao cliente e outros fatores relevantes.<\/p>\n\n\n\n<p>Lembre-se de que a simula\u00e7\u00e3o de valores pode variar de acordo com as caracter\u00edsticas espec\u00edficas da sua empresa e a negocia\u00e7\u00e3o realizada.<\/p>\n\n\n\n<p>Portanto, \u00e9 recomend\u00e1vel uma consultoria e avalia\u00e7\u00e3o das necessidades da sua empresa.<\/p>\n\n\n\n<h2 class=\"wp-block-heading\">Os valores da Amil s\u00e3o tabelados ou possuem negocia\u00e7\u00e3o?<\/h2>\n\n\n\n<p>Os valores dos planos da Amil podem variar e, em muitos casos, h\u00e1 espa\u00e7o para negocia\u00e7\u00e3o. Embora a Amil tenha uma tabela de pre\u00e7os base, os valores finais podem ser influenciados por diferentes fatores, como o tamanho da empresa, o n\u00famero de benefici\u00e1rios, as coberturas contratadas e a negocia\u00e7\u00e3o individual.<\/p>\n\n\n\n<p>Em geral, para empresas com um n\u00famero significativo de funcion\u00e1rios, \u00e9 poss\u00edvel negociar condi\u00e7\u00f5es especiais e descontos nos valores dos planos.<\/p>\n\n\n\n<p>Assim, essa negocia\u00e7\u00e3o pode envolver uma an\u00e1lise mais detalhada das necessidades da empresa, o alinhamento das coberturas desejadas e a busca por uma proposta que se adeque ao or\u00e7amento dispon\u00edvel.<\/p>\n\n\n\n<p>Recomenda-se entrar em contato com um corretor autorizado da empresa para obter informa\u00e7\u00f5es mais precisas sobre a negocia\u00e7\u00e3o de valores e as possibilidades de personaliza\u00e7\u00e3o dos planos de acordo com as necessidades da sua empresa.<\/p>\n","protected":false},"excerpt":{"rendered":"<p>Para voc\u00ea que est\u00e1 procurando um bom plano de sa\u00fade, conhe\u00e7a a Amil Valores, e [&hellip;]<\/p>\n","protected":false},"author":1,"featured_media":835,"comment_status":"closed","ping_status":"closed","sticky":false,"template":"","format":"standard","meta":[],"categories":[125],"tags":[169],"yoast_head":"<!-- This site is optimized with the Yoast SEO plugin v21.0 - https:\/\/yoast.com\/wordpress\/plugins\/seo\/ -->\n<title>Amil Valores - Simule aqui os valores Amil CNPJ ou PF<\/title>\n<meta name=\"description\" content=\"Amil Valores, consulte os benef\u00edcios, modalidades de contrata\u00e7\u00e3o e a tabela de pre\u00e7os dos planos de sa\u00fade da Amil, simule aqui.\" \/>\n<meta name=\"robots\" content=\"index, follow, max-snippet:-1, max-image-preview:large, max-video-preview:-1\" \/>\n<link rel=\"canonical\" href=\"https:\/\/consultvida.com.br\/blog\/amil-valores\/\" \/>\n<meta property=\"og:locale\" content=\"pt_BR\" \/>\n<meta property=\"og:type\" content=\"article\" \/>\n<meta property=\"og:title\" content=\"Amil Valores - Simule aqui os valores Amil CNPJ ou PF\" \/>\n<meta property=\"og:description\" content=\"Amil Valores, consulte os benef\u00edcios, modalidades de contrata\u00e7\u00e3o e a tabela de pre\u00e7os dos planos de sa\u00fade da Amil, simule aqui.\" \/>\n<meta property=\"og:url\" content=\"https:\/\/consultvida.com.br\/blog\/amil-valores\/\" \/>\n<meta property=\"og:site_name\" content=\"Planos de Sa\u00fade em S\u00e3o Paulo, Planos de Sa\u00fade SP\" \/>\n<meta property=\"article:published_time\" content=\"2023-05-11T04:19:32+00:00\" \/>\n<meta property=\"article:modified_time\" content=\"2023-05-28T18:20:46+00:00\" \/>\n<meta property=\"og:image\" content=\"https:\/\/consultvida.com.br\/blog\/wp-content\/uploads\/2022\/07\/amil-saudep.jpg\" \/>\n\t<meta property=\"og:image:width\" content=\"282\" \/>\n\t<meta property=\"og:image:height\" content=\"189\" \/>\n\t<meta property=\"og:image:type\" content=\"image\/jpeg\" \/>\n<meta name=\"author\" content=\"saudeconsultvida\" \/>\n<meta name=\"twitter:card\" content=\"summary_large_image\" \/>\n<meta name=\"twitter:label1\" content=\"Escrito por\" \/>\n\t<meta name=\"twitter:data1\" content=\"saudeconsultvida\" \/>\n\t<meta name=\"twitter:label2\" content=\"Est. tempo de leitura\" \/>\n\t<meta name=\"twitter:data2\" content=\"15 minutos\" \/>\n<script type=\"application\/ld+json\" class=\"yoast-schema-graph\">{\"@context\":\"https:\/\/schema.org\",\"@graph\":[{\"@type\":\"Article\",\"@id\":\"https:\/\/consultvida.com.br\/blog\/amil-valores\/#article\",\"isPartOf\":{\"@id\":\"https:\/\/consultvida.com.br\/blog\/amil-valores\/\"},\"author\":{\"name\":\"saudeconsultvida\",\"@id\":\"https:\/\/consultvida.com.br\/blog\/#\/schema\/person\/82250e6ae90dcc5379de81d08e738f7c\"},\"headline\":\"Amil Valores\",\"datePublished\":\"2023-05-11T04:19:32+00:00\",\"dateModified\":\"2023-05-28T18:20:46+00:00\",\"mainEntityOfPage\":{\"@id\":\"https:\/\/consultvida.com.br\/blog\/amil-valores\/\"},\"wordCount\":2643,\"publisher\":{\"@id\":\"https:\/\/consultvida.com.br\/blog\/#organization\"},\"keywords\":[\"Amil Valores\"],\"articleSection\":[\"Amil empresa\"],\"inLanguage\":\"pt-BR\"},{\"@type\":\"WebPage\",\"@id\":\"https:\/\/consultvida.com.br\/blog\/amil-valores\/\",\"url\":\"https:\/\/consultvida.com.br\/blog\/amil-valores\/\",\"name\":\"Amil Valores - Simule aqui os valores Amil CNPJ ou PF\",\"isPartOf\":{\"@id\":\"https:\/\/consultvida.com.br\/blog\/#website\"},\"datePublished\":\"2023-05-11T04:19:32+00:00\",\"dateModified\":\"2023-05-28T18:20:46+00:00\",\"description\":\"Amil Valores, consulte os benef\u00edcios, modalidades de contrata\u00e7\u00e3o e a tabela de pre\u00e7os dos planos de sa\u00fade da Amil, simule aqui.\",\"breadcrumb\":{\"@id\":\"https:\/\/consultvida.com.br\/blog\/amil-valores\/#breadcrumb\"},\"inLanguage\":\"pt-BR\",\"potentialAction\":[{\"@type\":\"ReadAction\",\"target\":[\"https:\/\/consultvida.com.br\/blog\/amil-valores\/\"]}]},{\"@type\":\"BreadcrumbList\",\"@id\":\"https:\/\/consultvida.com.br\/blog\/amil-valores\/#breadcrumb\",\"itemListElement\":[{\"@type\":\"ListItem\",\"position\":1,\"name\":\"In\u00edcio\",\"item\":\"https:\/\/consultvida.com.br\/blog\/\"},{\"@type\":\"ListItem\",\"position\":2,\"name\":\"Amil Valores\"}]},{\"@type\":\"WebSite\",\"@id\":\"https:\/\/consultvida.com.br\/blog\/#website\",\"url\":\"https:\/\/consultvida.com.br\/blog\/\",\"name\":\"Planos de Sa\u00fade em S\u00e3o Paulo, Planos de Sa\u00fade SP\",\"description\":\"Simular Planos de Sa\u00fade em S\u00e3o Paulo\",\"publisher\":{\"@id\":\"https:\/\/consultvida.com.br\/blog\/#organization\"},\"potentialAction\":[{\"@type\":\"SearchAction\",\"target\":{\"@type\":\"EntryPoint\",\"urlTemplate\":\"https:\/\/consultvida.com.br\/blog\/?s={search_term_string}\"},\"query-input\":\"required name=search_term_string\"}],\"inLanguage\":\"pt-BR\"},{\"@type\":\"Organization\",\"@id\":\"https:\/\/consultvida.com.br\/blog\/#organization\",\"name\":\"Planos de Sa\u00fade em S\u00e3o Paulo, Planos de Sa\u00fade SP\",\"url\":\"https:\/\/consultvida.com.br\/blog\/\",\"logo\":{\"@type\":\"ImageObject\",\"inLanguage\":\"pt-BR\",\"@id\":\"https:\/\/consultvida.com.br\/blog\/#\/schema\/logo\/image\/\",\"url\":\"https:\/\/consultvida.com.br\/blog\/wp-content\/uploads\/2024\/10\/logo-15anos.jpg\",\"contentUrl\":\"https:\/\/consultvida.com.br\/blog\/wp-content\/uploads\/2024\/10\/logo-15anos.jpg\",\"width\":317,\"height\":115,\"caption\":\"Planos de Sa\u00fade em S\u00e3o Paulo, Planos de Sa\u00fade SP\"},\"image\":{\"@id\":\"https:\/\/consultvida.com.br\/blog\/#\/schema\/logo\/image\/\"}},{\"@type\":\"Person\",\"@id\":\"https:\/\/consultvida.com.br\/blog\/#\/schema\/person\/82250e6ae90dcc5379de81d08e738f7c\",\"name\":\"saudeconsultvida\",\"image\":{\"@type\":\"ImageObject\",\"inLanguage\":\"pt-BR\",\"@id\":\"https:\/\/consultvida.com.br\/blog\/#\/schema\/person\/image\/\",\"url\":\"https:\/\/secure.gravatar.com\/avatar\/ed1677e671fcc8fb0ce8b05b9a2d754b?s=96&d=mm&r=g\",\"contentUrl\":\"https:\/\/secure.gravatar.com\/avatar\/ed1677e671fcc8fb0ce8b05b9a2d754b?s=96&d=mm&r=g\",\"caption\":\"saudeconsultvida\"},\"description\":\"A Consult Vida \u00e9 uma corretora de benef\u00edcios especializada em Conv\u00eanios M\u00e9dicos Empresarial e PF, Odontol\u00f3gicos e Seguros de Vida. Somos credenciados nas operadoras de planos de sa\u00fade com os melhores custos do mercado.\",\"sameAs\":[\"https:\/\/consultvida.com.br\"],\"url\":\"https:\/\/consultvida.com.br\/blog\/author\/saudeconsultvida\/\"}]}<\/script>\n<!-- \/ Yoast SEO plugin. -->","yoast_head_json":{"title":"Amil Valores - Simule aqui os valores Amil CNPJ ou PF","description":"Amil Valores, consulte os benef\u00edcios, modalidades de contrata\u00e7\u00e3o e a tabela de pre\u00e7os dos planos de sa\u00fade da Amil, simule aqui.","robots":{"index":"index","follow":"follow","max-snippet":"max-snippet:-1","max-image-preview":"max-image-preview:large","max-video-preview":"max-video-preview:-1"},"canonical":"https:\/\/consultvida.com.br\/blog\/amil-valores\/","og_locale":"pt_BR","og_type":"article","og_title":"Amil Valores - Simule aqui os valores Amil CNPJ ou PF","og_description":"Amil Valores, consulte os benef\u00edcios, modalidades de contrata\u00e7\u00e3o e a tabela de pre\u00e7os dos planos de sa\u00fade da Amil, simule aqui.","og_url":"https:\/\/consultvida.com.br\/blog\/amil-valores\/","og_site_name":"Planos de Sa\u00fade em S\u00e3o Paulo, Planos de Sa\u00fade SP","article_published_time":"2023-05-11T04:19:32+00:00","article_modified_time":"2023-05-28T18:20:46+00:00","og_image":[{"width":282,"height":189,"url":"https:\/\/consultvida.com.br\/blog\/wp-content\/uploads\/2022\/07\/amil-saudep.jpg","type":"image\/jpeg"}],"author":"saudeconsultvida","twitter_card":"summary_large_image","twitter_misc":{"Escrito por":"saudeconsultvida","Est. tempo de leitura":"15 minutos"},"schema":{"@context":"https:\/\/schema.org","@graph":[{"@type":"Article","@id":"https:\/\/consultvida.com.br\/blog\/amil-valores\/#article","isPartOf":{"@id":"https:\/\/consultvida.com.br\/blog\/amil-valores\/"},"author":{"name":"saudeconsultvida","@id":"https:\/\/consultvida.com.br\/blog\/#\/schema\/person\/82250e6ae90dcc5379de81d08e738f7c"},"headline":"Amil Valores","datePublished":"2023-05-11T04:19:32+00:00","dateModified":"2023-05-28T18:20:46+00:00","mainEntityOfPage":{"@id":"https:\/\/consultvida.com.br\/blog\/amil-valores\/"},"wordCount":2643,"publisher":{"@id":"https:\/\/consultvida.com.br\/blog\/#organization"},"keywords":["Amil Valores"],"articleSection":["Amil empresa"],"inLanguage":"pt-BR"},{"@type":"WebPage","@id":"https:\/\/consultvida.com.br\/blog\/amil-valores\/","url":"https:\/\/consultvida.com.br\/blog\/amil-valores\/","name":"Amil Valores - Simule aqui os valores Amil CNPJ ou PF","isPartOf":{"@id":"https:\/\/consultvida.com.br\/blog\/#website"},"datePublished":"2023-05-11T04:19:32+00:00","dateModified":"2023-05-28T18:20:46+00:00","description":"Amil Valores, consulte os benef\u00edcios, modalidades de contrata\u00e7\u00e3o e a tabela de pre\u00e7os dos planos de sa\u00fade da Amil, simule aqui.","breadcrumb":{"@id":"https:\/\/consultvida.com.br\/blog\/amil-valores\/#breadcrumb"},"inLanguage":"pt-BR","potentialAction":[{"@type":"ReadAction","target":["https:\/\/consultvida.com.br\/blog\/amil-valores\/"]}]},{"@type":"BreadcrumbList","@id":"https:\/\/consultvida.com.br\/blog\/amil-valores\/#breadcrumb","itemListElement":[{"@type":"ListItem","position":1,"name":"In\u00edcio","item":"https:\/\/consultvida.com.br\/blog\/"},{"@type":"ListItem","position":2,"name":"Amil Valores"}]},{"@type":"WebSite","@id":"https:\/\/consultvida.com.br\/blog\/#website","url":"https:\/\/consultvida.com.br\/blog\/","name":"Planos de Sa\u00fade em S\u00e3o Paulo, Planos de Sa\u00fade SP","description":"Simular Planos de Sa\u00fade em S\u00e3o Paulo","publisher":{"@id":"https:\/\/consultvida.com.br\/blog\/#organization"},"potentialAction":[{"@type":"SearchAction","target":{"@type":"EntryPoint","urlTemplate":"https:\/\/consultvida.com.br\/blog\/?s={search_term_string}"},"query-input":"required name=search_term_string"}],"inLanguage":"pt-BR"},{"@type":"Organization","@id":"https:\/\/consultvida.com.br\/blog\/#organization","name":"Planos de Sa\u00fade em S\u00e3o Paulo, Planos de Sa\u00fade SP","url":"https:\/\/consultvida.com.br\/blog\/","logo":{"@type":"ImageObject","inLanguage":"pt-BR","@id":"https:\/\/consultvida.com.br\/blog\/#\/schema\/logo\/image\/","url":"https:\/\/consultvida.com.br\/blog\/wp-content\/uploads\/2024\/10\/logo-15anos.jpg","contentUrl":"https:\/\/consultvida.com.br\/blog\/wp-content\/uploads\/2024\/10\/logo-15anos.jpg","width":317,"height":115,"caption":"Planos de Sa\u00fade em S\u00e3o Paulo, Planos de Sa\u00fade SP"},"image":{"@id":"https:\/\/consultvida.com.br\/blog\/#\/schema\/logo\/image\/"}},{"@type":"Person","@id":"https:\/\/consultvida.com.br\/blog\/#\/schema\/person\/82250e6ae90dcc5379de81d08e738f7c","name":"saudeconsultvida","image":{"@type":"ImageObject","inLanguage":"pt-BR","@id":"https:\/\/consultvida.com.br\/blog\/#\/schema\/person\/image\/","url":"https:\/\/secure.gravatar.com\/avatar\/ed1677e671fcc8fb0ce8b05b9a2d754b?s=96&d=mm&r=g","contentUrl":"https:\/\/secure.gravatar.com\/avatar\/ed1677e671fcc8fb0ce8b05b9a2d754b?s=96&d=mm&r=g","caption":"saudeconsultvida"},"description":"A Consult Vida \u00e9 uma corretora de benef\u00edcios especializada em Conv\u00eanios M\u00e9dicos Empresarial e PF, Odontol\u00f3gicos e Seguros de Vida. Somos credenciados nas operadoras de planos de sa\u00fade com os melhores custos do mercado.","sameAs":["https:\/\/consultvida.com.br"],"url":"https:\/\/consultvida.com.br\/blog\/author\/saudeconsultvida\/"}]}},"_links":{"self":[{"href":"https:\/\/consultvida.com.br\/blog\/wp-json\/wp\/v2\/posts\/1974"}],"collection":[{"href":"https:\/\/consultvida.com.br\/blog\/wp-json\/wp\/v2\/posts"}],"about":[{"href":"https:\/\/consultvida.com.br\/blog\/wp-json\/wp\/v2\/types\/post"}],"author":[{"embeddable":true,"href":"https:\/\/consultvida.com.br\/blog\/wp-json\/wp\/v2\/users\/1"}],"replies":[{"embeddable":true,"href":"https:\/\/consultvida.com.br\/blog\/wp-json\/wp\/v2\/comments?post=1974"}],"version-history":[{"count":7,"href":"https:\/\/consultvida.com.br\/blog\/wp-json\/wp\/v2\/posts\/1974\/revisions"}],"predecessor-version":[{"id":2050,"href":"https:\/\/consultvida.com.br\/blog\/wp-json\/wp\/v2\/posts\/1974\/revisions\/2050"}],"wp:featuredmedia":[{"embeddable":true,"href":"https:\/\/consultvida.com.br\/blog\/wp-json\/wp\/v2\/media\/835"}],"wp:attachment":[{"href":"https:\/\/consultvida.com.br\/blog\/wp-json\/wp\/v2\/media?parent=1974"}],"wp:term":[{"taxonomy":"category","embeddable":true,"href":"https:\/\/consultvida.com.br\/blog\/wp-json\/wp\/v2\/categories?post=1974"},{"taxonomy":"post_tag","embeddable":true,"href":"https:\/\/consultvida.com.br\/blog\/wp-json\/wp\/v2\/tags?post=1974"}],"curies":[{"name":"wp","href":"https:\/\/api.w.org\/{rel}","templated":true}]}}