{"id":4420,"date":"2025-01-19T14:01:41","date_gmt":"2025-01-19T17:01:41","guid":{"rendered":"https:\/\/consultvida.com.br\/blog\/?p=4420"},"modified":"2025-01-19T14:01:44","modified_gmt":"2025-01-19T17:01:44","slug":"planos-saude-rio-janeiro","status":"publish","type":"post","link":"https:\/\/consultvida.com.br\/blog\/planos-saude-rio-janeiro\/","title":{"rendered":"Planos de sa\u00fade Rio de Janeiro (9 melhores planos de sa\u00fade RJ)"},"content":{"rendered":"\n<p class=\"has-medium-font-size\">Para sua empresa ou fam\u00edlia que busca por bons <strong>planos de sa\u00fade Rio de Janeiro<\/strong>, voc\u00ea est\u00e1 no lugar certo, uma corretora com foco a sa\u00fade e excel\u00eancia no atendimento.<\/p>\n\n\n\n<p class=\"has-medium-font-size\">A sa\u00fade dos cariocas \u00e9 uma prioridade, e a utiliza\u00e7\u00e3o de <strong>planos de sa\u00fade RJ<\/strong> privados de alta qualidade \u00e9 essencial para garantir um atendimento m\u00e9dico eficiente e de confian\u00e7a. <\/p>\n\n\n\n<p class=\"has-medium-font-size\">Assim, no Rio de Janeiro, hospitais renomados como o Copa Star e o Samaritano s\u00e3o refer\u00eancias em excel\u00eancia m\u00e9dica, oferecendo servi\u00e7os de ponta e tecnologia avan\u00e7ada.<\/p>\n\n\n\n<h3 class=\"wp-block-heading has-dark-blue-color has-text-color\">Variedade de planos de sa\u00fade Rio de Janeiro<\/h3>\n\n\n\n<p class=\"has-medium-font-size\">A diversidade de planos de sa\u00fade dispon\u00edveis no Rio de Janeiro permite que os cariocas escolham a op\u00e7\u00e3o que melhor se adapta \u00e0s suas necessidades e or\u00e7amento.<\/p>\n\n\n\n<p class=\"has-medium-font-size\">Desde planos regionais, que oferecem uma cobertura adequada a um custo mais acess\u00edvel, at\u00e9 planos com cobertura em rede nacional, garantindo atendimento em qualquer parte do Brasil. <\/p>\n\n\n\n<h2 class=\"wp-block-heading\">Planos de sa\u00fade no Rio de Janeiro (o que \u00e9?)<\/h2>\n\n\n\n<p class=\"has-medium-font-size\">Um <strong>plano de sa\u00fade no Rio de Janeiro<\/strong> \u00e9 do que uma contrata\u00e7\u00e3o por CPF ou CNPJ, atrav\u00e9s de uma operadora de sa\u00fade privada no Brasil, onde sua fam\u00edlia ou empresa ter\u00e3o acesso a uma rede credenciada na linha escolhida de hospitais, laborat\u00f3rios e cl\u00ednicas, sem depender do SUS.<\/p>\n\n\n\n<p class=\"has-medium-font-size\">Ou seja, a op\u00e7\u00e3o de cuidar da sua sa\u00fade com uma rede m\u00e9dica privada de qualidade, al\u00e9m de poder fazer seus exames e consultas preventivas, sem esperar a demora de um atendimento como acontece hoje no SUS.<\/p>\n\n\n\n<div class=\"wp-block-columns has-background is-layout-flex wp-container-3\" style=\"border-top-left-radius:20px;border-top-right-radius:20px;border-bottom-left-radius:20px;border-bottom-right-radius:20px;background-color:#1d4894\">\n<div class=\"wp-block-column is-layout-flow\" style=\"flex-basis:35%\">\n<iframe loading=\"lazy\" width=\"250\" height=\"444\" src=\"https:\/\/www.youtube.com\/embed\/oP73_4iBR90\" title=\"Planos de Sa\u00fade no Rio de Janeiro (empresarial e familiar)\" frameborder=\"0\" allow=\"accelerometer; autoplay; clipboard-write; encrypted-media; gyroscope; picture-in-picture; web-share\" referrerpolicy=\"strict-origin-when-cross-origin\" allowfullscreen><\/iframe>\n<\/div>\n\n\n\n<div class=\"wp-block-column is-layout-flow\" style=\"flex-basis:65%\">\n<h3 class=\"wp-block-heading has-text-align-left has-background-color has-text-color has-link-color wp-elements-8cc281dacfe79296ef5f98ea341234e6\" style=\"margin-top:var(--wp--preset--spacing--40);margin-bottom:var(--wp--preset--spacing--40)\">Sa\u00fade \u00e9 prioridade. Escolha um plano de sa\u00fade RJ que cuida de voc\u00ea!<\/h3>\n\n\n\n<p class=\"has-background-color has-text-color has-link-color has-medium-font-size wp-elements-11ef29b8e004514b2ee52c7088f51fe6\">Quando se trata de cuidar da sua sa\u00fade e bem-estar, a escolha do plano de sa\u00fade \u00e9 crucial. E \u00e9 por isso que a Consult Vida pode ajudar sua empresa ou fam\u00edlia na escolha mais assertiva.<\/p>\n\n\n\n<p class=\"has-background-color has-text-color has-link-color has-medium-font-size wp-elements-2c0c951db104a0fac157f66eb70b3ce4\">Assim, com operadoras que possuem uma vasta rede de hospitais, cl\u00ednicas e profissionais altamente qualificados, um atendimento de excel\u00eancia em todas as situa\u00e7\u00f5es.<\/p>\n\n\n\n<h3 class=\"wp-block-heading has-background-color has-text-color has-link-color wp-elements-ad6979ec8ba3d03da6694b2b21d13c6d\" style=\"margin-top:var(--wp--preset--spacing--40);margin-bottom:var(--wp--preset--spacing--40)\">Solicite abaixo uma simula\u00e7\u00e3o para o Rio de Janeiro!<\/h3>\n<\/div>\n<\/div>\n\n\n\n<h2 class=\"wp-block-heading\">Planos de sa\u00fade no Rio de Janeiro (simule em minutos)<\/h2>\n\n\n\n<figure class=\"wp-block-image size-full has-custom-border\"><a href=\"https:\/\/api.whatsapp.com\/send?phone=5511969670055&amp;text=Simular Planos de Sa\u00fade no Rio de Janeiro\"><img decoding=\"async\" loading=\"lazy\" width=\"1000\" height=\"667\" src=\"https:\/\/consultvida.com.br\/blog\/wp-content\/uploads\/2023\/06\/sirio-einstein.jpg\" alt=\"Planos de Sa\u00fade no Rio de Janeiro\" class=\"wp-image-2283\" style=\"border-top-left-radius:20px;border-top-right-radius:20px;border-bottom-left-radius:20px;border-bottom-right-radius:20px\" srcset=\"https:\/\/consultvida.com.br\/blog\/wp-content\/uploads\/2023\/06\/sirio-einstein.jpg 1000w, https:\/\/consultvida.com.br\/blog\/wp-content\/uploads\/2023\/06\/sirio-einstein-300x200.jpg 300w, https:\/\/consultvida.com.br\/blog\/wp-content\/uploads\/2023\/06\/sirio-einstein-768x512.jpg 768w\" sizes=\"(max-width: 1000px) 100vw, 1000px\" \/><\/a><\/figure>\n\n\n\n<p class=\"has-medium-font-size\">Preencha o formul\u00e1rio abaixo, e receba em seu e-mail em poucos minutos, as tabelas de pre\u00e7os dos <strong>planos de sa\u00fade<\/strong>.<\/p>\n\n\n\n<p class=\"has-full-white-background-color has-background\"><div class=\"wpforms-container wpforms-container-full\" id=\"wpforms-201\"><form id=\"wpforms-form-201\" class=\"wpforms-validate wpforms-form wpforms-ajax-form\" data-formid=\"201\" method=\"post\" enctype=\"multipart\/form-data\" action=\"\/blog\/wp-json\/wp\/v2\/posts\/4420\" data-token=\"2500eb9109e3bfa6b53987efc720ede6\" data-token-time=\"1777226506\"><noscript class=\"wpforms-error-noscript\">Ative o JavaScript no seu navegador para preencher este formul\u00e1rio.<\/noscript><div class=\"wpforms-field-container\"><div id=\"wpforms-201-field_0-container\" class=\"wpforms-field wpforms-field-name\" data-field-id=\"0\"><label class=\"wpforms-field-label\" for=\"wpforms-201-field_0\">Nome <span class=\"wpforms-required-label\">*<\/span><\/label><div class=\"wpforms-field-row wpforms-field-medium\"><div class=\"wpforms-field-row-block wpforms-first wpforms-one-half\"><input type=\"text\" id=\"wpforms-201-field_0\" class=\"wpforms-field-name-first wpforms-field-required\" name=\"wpforms[fields][0][first]\" required><label for=\"wpforms-201-field_0\" class=\"wpforms-field-sublabel after\">Nome<\/label><\/div><div class=\"wpforms-field-row-block wpforms-one-half\"><input type=\"text\" id=\"wpforms-201-field_0-last\" class=\"wpforms-field-name-last wpforms-field-required\" name=\"wpforms[fields][0][last]\" required><label for=\"wpforms-201-field_0-last\" class=\"wpforms-field-sublabel after\">Sobrenome<\/label><\/div><\/div><\/div><div id=\"wpforms-201-field_1-container\" class=\"wpforms-field wpforms-field-email\" data-field-id=\"1\"><label class=\"wpforms-field-label\" for=\"wpforms-201-field_1\">Email <span class=\"wpforms-required-label\">*<\/span><\/label><input type=\"email\" id=\"wpforms-201-field_1\" class=\"wpforms-field-medium wpforms-field-required\" name=\"wpforms[fields][1]\" spellcheck=\"false\" required><\/div><div id=\"wpforms-201-field_7-container\" class=\"wpforms-field wpforms-field-text\" data-field-id=\"7\"><label class=\"wpforms-field-label\" for=\"wpforms-201-field_7\">Telefone <span class=\"wpforms-required-label\">*<\/span><\/label><input type=\"text\" id=\"wpforms-201-field_7\" class=\"wpforms-field-medium wpforms-field-required\" name=\"wpforms[fields][7]\" required><\/div><div id=\"wpforms-201-field_8-container\" class=\"wpforms-field wpforms-field-text\" data-field-id=\"8\"><label class=\"wpforms-field-label\" for=\"wpforms-201-field_8\">Cidade e Estado <span class=\"wpforms-required-label\">*<\/span><\/label><input type=\"text\" id=\"wpforms-201-field_8\" class=\"wpforms-field-medium wpforms-field-required\" name=\"wpforms[fields][8]\" required><\/div><div id=\"wpforms-201-field_9-container\" class=\"wpforms-field wpforms-field-text\" data-field-id=\"9\"><label class=\"wpforms-field-label\" for=\"wpforms-201-field_9\">Idade das Vidas <span class=\"wpforms-required-label\">*<\/span><\/label><input type=\"text\" id=\"wpforms-201-field_9\" class=\"wpforms-field-medium wpforms-field-required\" name=\"wpforms[fields][9]\" required><\/div><div id=\"wpforms-201-field_11-container\" class=\"wpforms-field wpforms-field-text\" data-field-id=\"11\"><label class=\"wpforms-field-label\" for=\"wpforms-201-field_11\">Informar se \u00e9 plano empresarial ou pessoa f\u00edsica <span class=\"wpforms-required-label\">*<\/span><\/label><input type=\"text\" id=\"wpforms-201-field_11\" class=\"wpforms-field-medium wpforms-field-required\" name=\"wpforms[fields][11]\" required><\/div><div id=\"wpforms-201-field_2-container\" class=\"wpforms-field wpforms-field-textarea\" data-field-id=\"2\"><label class=\"wpforms-field-label\" for=\"wpforms-201-field_2\">Descreva suas necessidades e coment\u00e1rio <span class=\"wpforms-required-label\">*<\/span><\/label><textarea id=\"wpforms-201-field_2\" class=\"wpforms-field-medium wpforms-field-required\" name=\"wpforms[fields][2]\" required><\/textarea><\/div><\/div><!-- .wpforms-field-container --><div class=\"wpforms-submit-container\" ><input type=\"hidden\" name=\"wpforms[id]\" value=\"201\"><input type=\"hidden\" name=\"page_title\" value=\"\"><input type=\"hidden\" name=\"page_url\" value=\"https:\/\/consultvida.com.br\/blog\/wp-json\/wp\/v2\/posts\/4420\"><button type=\"submit\" name=\"wpforms[submit]\" id=\"wpforms-submit-201\" class=\"wpforms-submit\" data-alt-text=\"enviando...\" data-submit-text=\"Enviar\" aria-live=\"assertive\" value=\"wpforms-submit\">Enviar<\/button><img src=\"https:\/\/consultvida.com.br\/blog\/wp-content\/plugins\/wpforms-lite\/assets\/images\/submit-spin.svg\" class=\"wpforms-submit-spinner\" style=\"display: none;\" width=\"26\" height=\"26\" alt=\"Carregando\"><\/div><\/form><\/div>  <!-- .wpforms-container --><\/p>\n\n\n\n<h2 class=\"wp-block-heading\">Quais os pre\u00e7os dos planos de sa\u00fade no Rio de Janeiro &#8211; RJ?<\/h2>\n\n\n\n<p class=\"has-medium-font-size\">Segue abaixo, valores dos <strong>planos de sa\u00fade empresariais no Rio de Janeiro<\/strong> (Amil S75 e NotreDame Interm\u00e9dica Smart 150 &#8211; a partir de 2 vidas pelo CNPJ).<\/p>\n\n\n\n\n<table id=\"tablepress-57\" class=\"tablepress tablepress-id-57\">\n<thead>\n<tr class=\"row-1 odd\">\n\t<th class=\"column-1\">Idades<\/th><th class=\"column-2\">Interm\u00e9dica<\/th><th class=\"column-3\">Amil<\/th>\n<\/tr>\n<\/thead>\n<tbody class=\"row-hover\">\n<tr class=\"row-2 even\">\n\t<td class=\"column-1\">0 a 18 anos<\/td><td class=\"column-2\">R$ 101,24<\/td><td class=\"column-3\">R$ 154,96<\/td>\n<\/tr>\n<tr class=\"row-3 odd\">\n\t<td class=\"column-1\">19 a 23 anos<\/td><td class=\"column-2\">R$ 137,48<\/td><td class=\"column-3\">R$ 181,31<\/td>\n<\/tr>\n<tr class=\"row-4 even\">\n\t<td class=\"column-1\">24 a 28 anos<\/td><td class=\"column-2\">R$ 151,23<\/td><td class=\"column-3\">R$ 221,20<\/td>\n<\/tr>\n<tr class=\"row-5 odd\">\n\t<td class=\"column-1\">29 a 33 anos<\/td><td class=\"column-2\">R$ 164,84<\/td><td class=\"column-3\">R$ 265,44<\/td>\n<\/tr>\n<tr class=\"row-6 even\">\n\t<td class=\"column-1\">34 a 38 anos<\/td><td class=\"column-2\">R$ 167,31<\/td><td class=\"column-3\">R$ 278,71<\/td>\n<\/tr>\n<tr class=\"row-7 odd\">\n\t<td class=\"column-1\">39 a 43 anos<\/td><td class=\"column-2\">R$ 175,68<\/td><td class=\"column-3\">R$ 306,58<\/td>\n<\/tr>\n<tr class=\"row-8 even\">\n\t<td class=\"column-1\">44 a 48 anos<\/td><td class=\"column-2\">R$ 248,94<\/td><td class=\"column-3\">R$ 383,23<\/td>\n<\/tr>\n<tr class=\"row-9 odd\">\n\t<td class=\"column-1\">49 a 53 anos<\/td><td class=\"column-2\">R$ 336,07<\/td><td class=\"column-3\">R$ 421,55<\/td>\n<\/tr>\n<tr class=\"row-10 even\">\n\t<td class=\"column-1\">54 a 58 anos<\/td><td class=\"column-2\">R$ 403,28<\/td><td class=\"column-3\">R$ 526,94<\/td>\n<\/tr>\n<tr class=\"row-11 odd\">\n\t<td class=\"column-1\">59 anos ou mais<\/td><td class=\"column-2\">R$ 607,34<\/td><td class=\"column-3\">R$ 922,15<\/td>\n<\/tr>\n<\/tbody>\n<\/table>\n<!-- #tablepress-57 from cache -->\n\n\n\n<div class=\"wp-block-columns has-input-field-background-color has-background is-layout-flex wp-container-6\">\n<div class=\"wp-block-column is-layout-flow\" style=\"flex-basis:33.33%\">\n<figure class=\"wp-block-image size-full\"><img decoding=\"async\" loading=\"lazy\" width=\"500\" height=\"450\" src=\"https:\/\/consultvida.com.br\/blog\/wp-content\/uploads\/2022\/07\/planoempresas.jpg\" alt=\"Conv\u00eanios m\u00e9dicos para empresas no Rio de Janeiro\" class=\"wp-image-644\" srcset=\"https:\/\/consultvida.com.br\/blog\/wp-content\/uploads\/2022\/07\/planoempresas.jpg 500w, https:\/\/consultvida.com.br\/blog\/wp-content\/uploads\/2022\/07\/planoempresas-300x270.jpg 300w, https:\/\/consultvida.com.br\/blog\/wp-content\/uploads\/2022\/07\/planoempresas-370x333.jpg 370w\" sizes=\"(max-width: 500px) 100vw, 500px\" \/><\/figure>\n\n\n\n<p><\/p>\n<\/div>\n\n\n\n<div class=\"wp-block-column is-layout-flow\" style=\"flex-basis:66.66%\">\n<h3 class=\"wp-block-heading\">Conv\u00eanios m\u00e9dicos para empresas no Rio de Janeiro RJ<\/h3>\n\n\n\n<p class=\"has-medium-font-size\">Consultoria para empresas no Rio de Janeiro &#8211; RJ de pequeno a grande porte, avaliando conv\u00eanios que alinham qualidade e bom custo (seja ele para s\u00f3cios ou funcion\u00e1rios).<\/p>\n<\/div>\n<\/div>\n\n\n\n<div class=\"wp-block-columns has-input-field-background-color has-background is-layout-flex wp-container-9\">\n<div class=\"wp-block-column is-layout-flow\" style=\"flex-basis:33.33%\">\n<figure class=\"wp-block-image size-full\"><img decoding=\"async\" loading=\"lazy\" width=\"500\" height=\"450\" src=\"https:\/\/consultvida.com.br\/blog\/wp-content\/uploads\/2022\/07\/planopessoafisica.jpg\" alt=\"Conv\u00eanios m\u00e9dicos individual no Rio de Janeiro\" class=\"wp-image-645\" srcset=\"https:\/\/consultvida.com.br\/blog\/wp-content\/uploads\/2022\/07\/planopessoafisica.jpg 500w, https:\/\/consultvida.com.br\/blog\/wp-content\/uploads\/2022\/07\/planopessoafisica-300x270.jpg 300w, https:\/\/consultvida.com.br\/blog\/wp-content\/uploads\/2022\/07\/planopessoafisica-370x333.jpg 370w\" sizes=\"(max-width: 500px) 100vw, 500px\" \/><\/figure>\n\n\n\n<p><\/p>\n<\/div>\n\n\n\n<div class=\"wp-block-column is-layout-flow\" style=\"flex-basis:66.66%\">\n<h3 class=\"wp-block-heading\">Conv\u00eanios m\u00e9dicos individual no Rio de Janeiro RJ<\/h3>\n\n\n\n<p class=\"has-medium-font-size\">Na Consult Vida prezamos pela sa\u00fade da sua fam\u00edlia, com uma variedade de planos e uma equipe preparada, solicite uma cota\u00e7\u00e3o (consultoria profissional e transparente).<\/p>\n<\/div>\n<\/div>\n\n\n\n<h2 class=\"wp-block-heading\">Quais planos de sa\u00fade mais vendidos no Rio de Janeiro?<\/h2>\n\n\n\n<ul>\n<li class=\"has-medium-font-size\">Amil S750 (hospitais da rede D\u00b4Or no Rio de Janeiro)<\/li>\n\n\n\n<li class=\"has-medium-font-size\">Porto Seguro (variedade de linhas no RJ)<\/li>\n\n\n\n<li class=\"has-medium-font-size\">SulAm\u00e9rica Especial (cobertura no Samaritano no RJ)<\/li>\n\n\n\n<li class=\"has-medium-font-size\">Bradesco TNP4 (cobertura no Copa Star RJ)<\/li>\n\n\n\n<li class=\"has-medium-font-size\">NotreDame Interm\u00e9dica (plano regional no RJ com baixo custo)<\/li>\n\n\n\n<li class=\"has-medium-font-size\">Amil One S2500 (alto reembolso e rede premium no RJ)<\/li>\n\n\n\n<li class=\"has-medium-font-size\">MedS\u00eanior (plano para terceira idade no RJ)<\/li>\n\n\n\n<li class=\"has-medium-font-size\">Assim (linhas no RJ com \u00f3timo custo x benef\u00edcio)<\/li>\n\n\n\n<li class=\"has-medium-font-size\">Omint C19 (linha premium a sa\u00fade)<\/li>\n<\/ul>\n\n\n\n<h2 class=\"wp-block-heading\">Planos de sa\u00fade empresarial no Rio de Janeiro<\/h2>\n\n\n\n<p class=\"has-medium-font-size\">Nos \u00faltimos anos, a procura por <strong>planos de sa\u00fade empresarial no Rio de Janeiro<\/strong> tem crescido significativamente. <\/p>\n\n\n\n<p class=\"has-medium-font-size\">Esse aumento \u00e9 impulsionado tanto por empresas de grande porte quanto por Microempreendedores Individuais (MEIs).<\/p>\n\n\n\n<p class=\"has-medium-font-size\">Al\u00e9m disso, muitas empresas est\u00e3o descobrindo que investir em sa\u00fade privada pode resultar em uma redu\u00e7\u00e3o de custos a longo prazo, ao diminuir a necessidade de afastamentos por problemas de sa\u00fade e aumentar a satisfa\u00e7\u00e3o dos funcion\u00e1rios.<\/p>\n\n\n\n<p class=\"has-medium-font-size\">Essa tend\u00eancia reflete a crescente conscientiza\u00e7\u00e3o sobre a import\u00e2ncia da sa\u00fade e do bem-estar dos colaboradores.<\/p>\n\n\n\n<p class=\"has-medium-font-size\">A seguir, detalhamos tr\u00eas t\u00f3picos cruciais sobre a import\u00e2ncia dos <strong>planos de sa\u00fade empresariais no Rio de Janeiro<\/strong>.<\/p>\n\n\n\n<h3 class=\"wp-block-heading has-dark-blue-color has-text-color\">1. Reten\u00e7\u00e3o de talentos na empresa<\/h3>\n\n\n\n<p class=\"has-medium-font-size\">A oferta de planos de sa\u00fade empresariais \u00e9 um fator determinante para a reten\u00e7\u00e3o de talentos.<\/p>\n\n\n\n<p class=\"has-medium-font-size\">Ou seja, funcion\u00e1rios valorizam empresas que se preocupam com seu bem-estar e sa\u00fade, e um bom plano de sa\u00fade \u00e9 frequentemente visto como um benef\u00edcio indispens\u00e1vel.<\/p>\n\n\n\n<p class=\"has-medium-font-size\">Assim, ao proporcionar um ambiente de trabalho que valoriza a sa\u00fade dos colaboradores, as empresas aumentam a lealdade e a satisfa\u00e7\u00e3o. <\/p>\n\n\n\n<p class=\"has-medium-font-size\">Al\u00e9m disso, reduzindo a rotatividade e os custos associados ao recrutamento e treinamento de novos funcion\u00e1rios.<\/p>\n\n\n\n<h3 class=\"wp-block-heading has-dark-blue-color has-text-color\">2. Busca por planos regionais com menor custo<\/h3>\n\n\n\n<p class=\"has-medium-font-size\">Empresas no Rio de Janeiro est\u00e3o cada vez mais optando por planos de sa\u00fade regionais que oferecem uma cobertura adequada a um custo mais acess\u00edvel. <\/p>\n\n\n\n<p class=\"has-medium-font-size\">Assim, essa estrat\u00e9gia permite que as empresas ofere\u00e7am benef\u00edcios de sa\u00fade sem comprometer significativamente o or\u00e7amento.<\/p>\n\n\n\n<p class=\"has-medium-font-size\">Por isso, os planos regionais s\u00e3o especialmente vantajosos para empresas que operam localmente, garantindo que os colaboradores tenham acesso a uma rede de atendimento de qualidade na regi\u00e3o onde trabalham e vivem.<\/p>\n\n\n\n<h3 class=\"wp-block-heading has-dark-blue-color has-text-color\">3. Aumento da produtividade na equipe<\/h3>\n\n\n\n<p class=\"has-medium-font-size\">Investir em planos de sa\u00fade empresariais tamb\u00e9m resulta em um aumento da produtividade.<\/p>\n\n\n\n<p class=\"has-medium-font-size\">Assim, colaboradores saud\u00e1veis e satisfeitos tendem a ser mais engajados e eficientes em suas fun\u00e7\u00f5es. Ao assegurar que os colaboradores tenham acesso a cuidados de sa\u00fade de qualidade, as empresas promovem um ambiente de trabalho mais produtivo e harmonioso.<\/p>\n\n\n\n<p class=\"has-medium-font-size\">Em resumo, a crescente demanda por <strong>planos de sa\u00fade empresariais no Rio de Janeiro<\/strong> reflete a import\u00e2ncia da sa\u00fade e do bem-estar dos colaboradores para o sucesso das empresas. <\/p>\n\n\n\n<figure class=\"wp-block-image size-full has-custom-border\"><img decoding=\"async\" loading=\"lazy\" width=\"900\" height=\"600\" src=\"https:\/\/consultvida.com.br\/blog\/wp-content\/uploads\/2024\/08\/planodesaude2.jpg\" alt=\"Planos de Sa\u00fade Rio de Janeiro\" class=\"wp-image-4233\" style=\"border-top-left-radius:20px;border-top-right-radius:20px;border-bottom-left-radius:20px;border-bottom-right-radius:20px\" srcset=\"https:\/\/consultvida.com.br\/blog\/wp-content\/uploads\/2024\/08\/planodesaude2.jpg 900w, https:\/\/consultvida.com.br\/blog\/wp-content\/uploads\/2024\/08\/planodesaude2-300x200.jpg 300w, https:\/\/consultvida.com.br\/blog\/wp-content\/uploads\/2024\/08\/planodesaude2-768x512.jpg 768w\" sizes=\"(max-width: 900px) 100vw, 900px\" \/><\/figure>\n\n\n\n<h2 class=\"wp-block-heading\">Planos de sa\u00fade Rio de Janeiro (sua sa\u00fade \u00e9 nossa prioridade)<\/h2>\n\n\n\n<p class=\"has-medium-font-size\">Encontrar o <strong>plano de sa\u00fade ideal no Rio de Janeiro<\/strong> pode ser um desafio, tanto para empresas quanto para fam\u00edlias. <\/p>\n\n\n\n<p class=\"has-medium-font-size\">A Consult Vida se destaca por oferecer uma consultoria transparente e profissional, ajudando seus clientes a navegar pelas diversas op\u00e7\u00f5es dispon\u00edveis no mercado. <\/p>\n\n\n\n<p class=\"has-medium-font-size\">Assim, com um profundo conhecimento das necessidades locais e das ofertas de planos de sa\u00fade, a Consult Vida garante que voc\u00ea encontre a melhor cobertura para suas necessidades espec\u00edficas.<\/p>\n\n\n\n<h3 class=\"wp-block-heading has-dark-blue-color has-text-color\">Plano de sa\u00fade RJ para empresas<\/h3>\n\n\n\n<p class=\"has-medium-font-size\">Para empresas, a Consult Vida oferece uma an\u00e1lise detalhada das op\u00e7\u00f5es de <strong>planos de sa\u00fade RJ empresariais<\/strong>, considerando fatores como custo-benef\u00edcio, cobertura regional e nacional, e benef\u00edcios adicionais. <\/p>\n\n\n\n<p class=\"has-medium-font-size\">Por isso, essa abordagem personalizada permite que as empresas selecionem planos que n\u00e3o apenas atendam \u00e0s necessidades de seus colaboradores, mas tamb\u00e9m contribuam para a reten\u00e7\u00e3o de talentos e a melhoria da produtividade. <\/p>\n\n\n\n<p class=\"has-medium-font-size\">A Consult Vida trabalha com transpar\u00eancia, assegurando que as empresas fa\u00e7am escolhas informadas e estrat\u00e9gicas.<\/p>\n\n\n\n<h3 class=\"wp-block-heading has-dark-blue-color has-text-color\">Plano de sa\u00fade RJ para fam\u00edlias<\/h3>\n\n\n\n<p class=\"has-medium-font-size\">Fam\u00edlias tamb\u00e9m podem se beneficiar da expertise da Consult Vida na escolha de <strong>planos de sa\u00fade no RJ<\/strong>. <\/p>\n\n\n\n<p class=\"has-medium-font-size\">A consultoria profissional oferecida ajuda a identificar planos que proporcionem a melhor cobertura m\u00e9dica, incluindo cuidados preventivos e emergenciais.<\/p>\n\n\n\n<p class=\"has-medium-font-size\">Por isso, com uma abordagem centrada no cliente, a Consult Vida garante que cada fam\u00edlia receba um plano que combine qualidade e acessibilidade, proporcionando tranquilidade e seguran\u00e7a para todos os membros.<\/p>\n\n\n\n<h2 class=\"wp-block-heading\">Quais os 9 melhores planos de sa\u00fade no Rio de Janeiro RJ?<\/h2>\n\n\n\n<figure class=\"wp-block-image size-large has-custom-border\"><img decoding=\"async\" loading=\"lazy\" width=\"1024\" height=\"350\" src=\"https:\/\/consultvida.com.br\/blog\/wp-content\/uploads\/2024\/08\/amilone-1024x350.jpg\" alt=\"Amil One no Rio de Janeiro\" class=\"wp-image-4410\" style=\"border-top-left-radius:20px;border-top-right-radius:20px;border-bottom-left-radius:20px;border-bottom-right-radius:20px\" srcset=\"https:\/\/consultvida.com.br\/blog\/wp-content\/uploads\/2024\/08\/amilone-1024x350.jpg 1024w, https:\/\/consultvida.com.br\/blog\/wp-content\/uploads\/2024\/08\/amilone-300x103.jpg 300w, https:\/\/consultvida.com.br\/blog\/wp-content\/uploads\/2024\/08\/amilone-768x263.jpg 768w, https:\/\/consultvida.com.br\/blog\/wp-content\/uploads\/2024\/08\/amilone.jpg 1170w\" sizes=\"(max-width: 1024px) 100vw, 1024px\" \/><\/figure>\n\n\n\n<h3 class=\"wp-block-heading\">1) Amil One no Rio de Janeiro<\/h3>\n\n\n\n<p class=\"has-medium-font-size\">A&nbsp;<strong><a href=\"https:\/\/consultvida.com.br\/blog\/amil-one\/\">Amil One<\/a><\/strong>&nbsp;\u00e9 uma operadora de sa\u00fade privada no Brasil contratada a partir de 2 vidas pelo CNPJ. Sua principal finalidade por ser uma linha premium, \u00e9 atender a clientes que visam cobertura completa nos hospitais Copa Star e Samaritano.<\/p>\n\n\n\n<p class=\"has-medium-font-size\">Por isso, os conv\u00eanios m\u00e9dicos Amil One s\u00e3o amplamente reconhecidos como um dos mais desejados do Brasil. Isso se deve \u00e0 sua combina\u00e7\u00e3o de seguran\u00e7a e uma rede premium de hospitais.<\/p>\n\n\n\n<figure class=\"wp-block-image size-large has-custom-border\"><img decoding=\"async\" loading=\"lazy\" width=\"1024\" height=\"350\" src=\"https:\/\/consultvida.com.br\/blog\/wp-content\/uploads\/2024\/08\/omint-1024x350.jpg\" alt=\"Omint no Rio de Janeiro\" class=\"wp-image-4411\" style=\"border-top-left-radius:20px;border-top-right-radius:20px;border-bottom-left-radius:20px;border-bottom-right-radius:20px\" srcset=\"https:\/\/consultvida.com.br\/blog\/wp-content\/uploads\/2024\/08\/omint-1024x350.jpg 1024w, https:\/\/consultvida.com.br\/blog\/wp-content\/uploads\/2024\/08\/omint-300x103.jpg 300w, https:\/\/consultvida.com.br\/blog\/wp-content\/uploads\/2024\/08\/omint-768x263.jpg 768w, https:\/\/consultvida.com.br\/blog\/wp-content\/uploads\/2024\/08\/omint.jpg 1170w\" sizes=\"(max-width: 1024px) 100vw, 1024px\" \/><\/figure>\n\n\n\n<h3 class=\"wp-block-heading\">2) Omint no Rio de Janeiro<\/h3>\n\n\n\n<p class=\"has-medium-font-size\">A Omint sa\u00fade \u00e9 uma operadora reconhecida e respeitada no ramo de planos de sa\u00fade no Brasil. Omint, l\u00edder de vendas no segmento premium a sa\u00fade privada.<\/p>\n\n\n\n<p class=\"has-medium-font-size\">Assim, com uma trajet\u00f3ria s\u00f3lida e experi\u00eancia de mais de 30 anos, a&nbsp;<strong><a href=\"https:\/\/consultvida.com.br\/blog\/omint-saude\/\">Omint<\/a><\/strong>&nbsp;se destaca por oferecer servi\u00e7os de qualidade e atendimento personalizado aos seus benefici\u00e1rios.<\/p>\n\n\n\n<figure class=\"wp-block-image size-large has-custom-border\"><img decoding=\"async\" loading=\"lazy\" width=\"1024\" height=\"350\" src=\"https:\/\/consultvida.com.br\/blog\/wp-content\/uploads\/2022\/06\/amil-1024x350.jpg\" alt=\"Amil no Rio de Janeiro\" class=\"wp-image-216\" style=\"border-top-left-radius:20px;border-top-right-radius:20px;border-bottom-left-radius:20px;border-bottom-right-radius:20px\" srcset=\"https:\/\/consultvida.com.br\/blog\/wp-content\/uploads\/2022\/06\/amil-1024x350.jpg 1024w, https:\/\/consultvida.com.br\/blog\/wp-content\/uploads\/2022\/06\/amil-300x103.jpg 300w, https:\/\/consultvida.com.br\/blog\/wp-content\/uploads\/2022\/06\/amil-768x263.jpg 768w, https:\/\/consultvida.com.br\/blog\/wp-content\/uploads\/2022\/06\/amil-370x126.jpg 370w, https:\/\/consultvida.com.br\/blog\/wp-content\/uploads\/2022\/06\/amil.jpg 1170w\" sizes=\"(max-width: 1024px) 100vw, 1024px\" \/><\/figure>\n\n\n\n<h3 class=\"wp-block-heading\">3) Amil no Rio de Janeiro<\/h3>\n\n\n\n<p class=\"has-medium-font-size\">Os <strong>planos de sa\u00fade da Amil no Rio de Janeiro<\/strong> s\u00e3o a escolha ideal para quem busca um conv\u00eanio m\u00e9dico de alta qualidade. Contratados a partir de 2 vidas pelo seu CNPJ, podendo ser empresas MEI.<\/p>\n\n\n\n<p class=\"has-medium-font-size\">Assim, com uma reputa\u00e7\u00e3o consolidada, a Amil oferece atendimento de excel\u00eancia e est\u00e1 associada aos principais hospitais e laborat\u00f3rios da regi\u00e3o, garantindo um cuidado completo e eficiente para sua empresa.<\/p>\n\n\n\n<p class=\"has-medium-font-size\">N\u00e3o perca tempo! Garanta j\u00e1 o seu plano de sa\u00fade Amil e desfrute de todos os benef\u00edcios que essa renomada operadora tem a oferecer.<\/p>\n\n\n\n<figure class=\"wp-block-image size-large has-custom-border\"><img decoding=\"async\" loading=\"lazy\" width=\"1024\" height=\"350\" src=\"https:\/\/consultvida.com.br\/blog\/wp-content\/uploads\/2022\/06\/intermedica-1024x350.jpg\" alt=\"Interm\u00e9dica no Rio de Janeiro\" class=\"wp-image-243\" style=\"border-top-left-radius:20px;border-top-right-radius:20px;border-bottom-left-radius:20px;border-bottom-right-radius:20px\" srcset=\"https:\/\/consultvida.com.br\/blog\/wp-content\/uploads\/2022\/06\/intermedica-1024x350.jpg 1024w, https:\/\/consultvida.com.br\/blog\/wp-content\/uploads\/2022\/06\/intermedica-300x103.jpg 300w, https:\/\/consultvida.com.br\/blog\/wp-content\/uploads\/2022\/06\/intermedica-768x263.jpg 768w, https:\/\/consultvida.com.br\/blog\/wp-content\/uploads\/2022\/06\/intermedica-370x126.jpg 370w, https:\/\/consultvida.com.br\/blog\/wp-content\/uploads\/2022\/06\/intermedica.jpg 1170w\" sizes=\"(max-width: 1024px) 100vw, 1024px\" \/><\/figure>\n\n\n\n<h3 class=\"wp-block-heading\">4) Interm\u00e9dica no Rio de Janeiro<\/h3>\n\n\n\n<p class=\"has-medium-font-size\">O <strong>plano de sa\u00fade Interm\u00e9dica no Rio de Janeiro<\/strong> \u00e9 a principal escolha para quem busca op\u00e7\u00f5es regionais de alta qualidade.<\/p>\n\n\n\n<p class=\"has-medium-font-size\">Entre as alternativas dispon\u00edveis, o Smart 150 RJ se destaca na cidade por contar com uma rede pr\u00f3pria, oferecendo uma excelente rela\u00e7\u00e3o custo-benef\u00edcio.<\/p>\n\n\n\n<p class=\"has-medium-font-size\">Al\u00e9m disso, um dos benef\u00edcios \u00e9 a inclus\u00e3o do plano odontol\u00f3gico sem custo adicional, permitindo que os benefici\u00e1rios cuidem da sa\u00fade bucal sem despesas extras.<\/p>\n\n\n\n<figure class=\"wp-block-image size-large has-custom-border\"><img decoding=\"async\" loading=\"lazy\" width=\"1024\" height=\"350\" src=\"https:\/\/consultvida.com.br\/blog\/wp-content\/uploads\/2024\/08\/sulamerica-1024x350.jpg\" alt=\"SulAm\u00e9rica no Rio de Janeiro\" class=\"wp-image-4271\" style=\"border-top-left-radius:20px;border-top-right-radius:20px;border-bottom-left-radius:20px;border-bottom-right-radius:20px\" srcset=\"https:\/\/consultvida.com.br\/blog\/wp-content\/uploads\/2024\/08\/sulamerica-1024x350.jpg 1024w, https:\/\/consultvida.com.br\/blog\/wp-content\/uploads\/2024\/08\/sulamerica-300x103.jpg 300w, https:\/\/consultvida.com.br\/blog\/wp-content\/uploads\/2024\/08\/sulamerica-768x263.jpg 768w, https:\/\/consultvida.com.br\/blog\/wp-content\/uploads\/2024\/08\/sulamerica.jpg 1170w\" sizes=\"(max-width: 1024px) 100vw, 1024px\" \/><\/figure>\n\n\n\n<h3 class=\"wp-block-heading\">5) SulAm\u00e9rica no Rio de Janeiro<\/h3>\n\n\n\n<p class=\"has-medium-font-size\">O <strong>plano de sa\u00fade SulAm\u00e9rica no Rio de Janeiro<\/strong> \u00e9 uma \u00f3tima op\u00e7\u00e3o para quem busca seguran\u00e7a e qualidade.<\/p>\n\n\n\n<p class=\"has-medium-font-size\">Conhecida por sua qualidade, a SulAm\u00e9rica oferece planos que proporcionam acesso a uma vasta rede de hospitais, incluindo os renomados hospitais da rede D&#8217;Or.<\/p>\n\n\n\n<p class=\"has-medium-font-size\">Assim, a rede D&#8217;Or, reconhecida pela excel\u00eancia em servi\u00e7os m\u00e9dicos e infraestrutura moderna, \u00e9 uma das principais coberturas, assegurando um atendimento de primeira linha para seus benefici\u00e1rios.<\/p>\n\n\n\n<figure class=\"wp-block-image size-large has-custom-border\"><img decoding=\"async\" loading=\"lazy\" width=\"1024\" height=\"350\" src=\"https:\/\/consultvida.com.br\/blog\/wp-content\/uploads\/2024\/08\/bradescosaude-1024x350.jpg\" alt=\"Bradesco no Rio de Janeiro\" class=\"wp-image-4273\" style=\"border-top-left-radius:20px;border-top-right-radius:20px;border-bottom-left-radius:20px;border-bottom-right-radius:20px\" srcset=\"https:\/\/consultvida.com.br\/blog\/wp-content\/uploads\/2024\/08\/bradescosaude-1024x350.jpg 1024w, https:\/\/consultvida.com.br\/blog\/wp-content\/uploads\/2024\/08\/bradescosaude-300x103.jpg 300w, https:\/\/consultvida.com.br\/blog\/wp-content\/uploads\/2024\/08\/bradescosaude-768x263.jpg 768w, https:\/\/consultvida.com.br\/blog\/wp-content\/uploads\/2024\/08\/bradescosaude.jpg 1170w\" sizes=\"(max-width: 1024px) 100vw, 1024px\" \/><\/figure>\n\n\n\n<h3 class=\"wp-block-heading\">6) Bradesco no Rio de Janeiro<\/h3>\n\n\n\n<p class=\"has-medium-font-size\">O <strong>plano de sa\u00fade Bradesco no Rio de Janeiro<\/strong> \u00e9 uma op\u00e7\u00e3o segura e confi\u00e1vel para quem busca excel\u00eancia em atendimento m\u00e9dico. <\/p>\n\n\n\n<p class=\"has-medium-font-size\">Reconhecido como um dos <strong><a href=\"https:\/\/consultvida.com.br\/blog\/\">planos de sa\u00fade<\/a><\/strong> mais bem avaliados no Brasil, o Bradesco Sa\u00fade oferece aos seus benefici\u00e1rios acesso a uma ampla rede de hospitais de ponta em todo o pa\u00eds.<\/p>\n\n\n\n<p class=\"has-medium-font-size\">Por isso, com cobertura nacional, os clientes podem contar com servi\u00e7os m\u00e9dicos de alta qualidade, independentemente de onde estejam. <\/p>\n\n\n\n<figure class=\"wp-block-image size-large has-custom-border\"><img decoding=\"async\" loading=\"lazy\" width=\"1024\" height=\"350\" src=\"https:\/\/consultvida.com.br\/blog\/wp-content\/uploads\/2024\/08\/portoseguro-1024x350.jpg\" alt=\"Porto Seguro no Rio de Janeiro\" class=\"wp-image-4274\" style=\"border-top-left-radius:20px;border-top-right-radius:20px;border-bottom-left-radius:20px;border-bottom-right-radius:20px\" srcset=\"https:\/\/consultvida.com.br\/blog\/wp-content\/uploads\/2024\/08\/portoseguro-1024x350.jpg 1024w, https:\/\/consultvida.com.br\/blog\/wp-content\/uploads\/2024\/08\/portoseguro-300x103.jpg 300w, https:\/\/consultvida.com.br\/blog\/wp-content\/uploads\/2024\/08\/portoseguro-768x263.jpg 768w, https:\/\/consultvida.com.br\/blog\/wp-content\/uploads\/2024\/08\/portoseguro.jpg 1170w\" sizes=\"(max-width: 1024px) 100vw, 1024px\" \/><\/figure>\n\n\n\n<h3 class=\"wp-block-heading\">7) Porto Seguro no Rio de Janeiro<\/h3>\n\n\n\n<p class=\"has-medium-font-size\">O <strong>plano de sa\u00fade Porto Seguro no Rio de Janeiro<\/strong> \u00e9 uma excelente op\u00e7\u00e3o para quem busca qualidade e economia na \u00e1rea da sa\u00fade privada.<\/p>\n\n\n\n<p class=\"has-medium-font-size\">Embora a Porto Seguro seja tradicionalmente conhecida por sua forte presen\u00e7a no mercado de seguros de autom\u00f3veis, a empresa tem investido significativamente na \u00e1rea da sa\u00fade, oferecendo planos com \u00f3timo custo-benef\u00edcio. <\/p>\n\n\n\n<p class=\"has-medium-font-size\">Assim, com uma ampla rede credenciada, os benefici\u00e1rios t\u00eam acesso a uma vasta gama de hospitais, cl\u00ednicas e laborat\u00f3rios.<\/p>\n\n\n\n<p class=\"has-medium-font-size\">Em outras palavras, a <strong>Porto Seguro Sa\u00fade no Rio de Janeiro<\/strong> se destaca pela sua capacidade de combinar um atendimento eficiente com pre\u00e7os competitivos.<\/p>\n\n\n\n<figure class=\"wp-block-image size-large has-custom-border\"><img decoding=\"async\" loading=\"lazy\" width=\"1024\" height=\"350\" src=\"https:\/\/consultvida.com.br\/blog\/wp-content\/uploads\/2024\/08\/assim-1024x350.jpg\" alt=\"Assim no Rio de Janeiro\" class=\"wp-image-4434\" style=\"border-top-left-radius:20px;border-top-right-radius:20px;border-bottom-left-radius:20px;border-bottom-right-radius:20px\" srcset=\"https:\/\/consultvida.com.br\/blog\/wp-content\/uploads\/2024\/08\/assim-1024x350.jpg 1024w, https:\/\/consultvida.com.br\/blog\/wp-content\/uploads\/2024\/08\/assim-300x103.jpg 300w, https:\/\/consultvida.com.br\/blog\/wp-content\/uploads\/2024\/08\/assim-768x263.jpg 768w, https:\/\/consultvida.com.br\/blog\/wp-content\/uploads\/2024\/08\/assim.jpg 1170w\" sizes=\"(max-width: 1024px) 100vw, 1024px\" \/><\/figure>\n\n\n\n<h3 class=\"wp-block-heading\">8) Assim no Rio de Janeiro<\/h3>\n\n\n\n<p class=\"has-medium-font-size\">O <strong>Plano de Sa\u00fade RJ<\/strong> da Assim \u00e9 uma das principais op\u00e7\u00f5es para quem busca atendimento m\u00e9dico de qualidade no Rio de Janeiro. <\/p>\n\n\n\n<p class=\"has-medium-font-size\">Assim, com uma vasta rede de hospitais, cl\u00ednicas e laborat\u00f3rios credenciados, o Assim oferece uma cobertura abrangente que atende \u00e0s necessidades de sa\u00fade de toda a fam\u00edlia.<\/p>\n\n\n\n<p class=\"has-medium-font-size\">Por exemplo, seja para consultas de rotina, exames preventivos ou procedimentos mais complexos, o Plano de Sa\u00fade Assim garante acesso r\u00e1pido e eficiente a servi\u00e7os m\u00e9dicos de alta qualidade.<\/p>\n\n\n\n<p class=\"has-medium-font-size\">Al\u00e9m disso, a operadora se destaca pelo excelente atendimento ao cliente, proporcionando suporte cont\u00ednuo e personalizado para seus benefici\u00e1rios.<\/p>\n\n\n\n<p class=\"has-medium-font-size\">Por isso, escolher o <strong>Plano de Sa\u00fade Assim no Rio de Janeiro<\/strong> \u00e9 optar por uma vida mais saud\u00e1vel e segura.<\/p>\n\n\n\n<figure class=\"wp-block-image size-large has-custom-border\"><img decoding=\"async\" loading=\"lazy\" width=\"1024\" height=\"350\" src=\"https:\/\/consultvida.com.br\/blog\/wp-content\/uploads\/2024\/08\/medsenior-1-1024x350.jpg\" alt=\"Plano de sa\u00fade MedS\u00eanior no Rio de Janeiro\" class=\"wp-image-4515\" style=\"border-top-left-radius:20px;border-top-right-radius:20px;border-bottom-left-radius:20px;border-bottom-right-radius:20px\" srcset=\"https:\/\/consultvida.com.br\/blog\/wp-content\/uploads\/2024\/08\/medsenior-1-1024x350.jpg 1024w, https:\/\/consultvida.com.br\/blog\/wp-content\/uploads\/2024\/08\/medsenior-1-300x103.jpg 300w, https:\/\/consultvida.com.br\/blog\/wp-content\/uploads\/2024\/08\/medsenior-1-768x263.jpg 768w, https:\/\/consultvida.com.br\/blog\/wp-content\/uploads\/2024\/08\/medsenior-1.jpg 1170w\" sizes=\"(max-width: 1024px) 100vw, 1024px\" \/><\/figure>\n\n\n\n<h3 class=\"wp-block-heading\">9) MedS\u00eanior no Rio de Janeiro<\/h3>\n\n\n\n<p class=\"has-medium-font-size\">Encontrar um plano de sa\u00fade de qualidade para idosos no Rio de Janeiro pode ser um desafio. No entanto, voc\u00ea j\u00e1 conhece a MedS\u00eanior, a mais recente novidade no mercado?<\/p>\n\n\n\n<p class=\"has-medium-font-size\">A MedS\u00eanior tem como miss\u00e3o promover o envelhecimento saud\u00e1vel, destacando-se como o melhor plano de sa\u00fade s\u00eanior no Rio de Janeiro para pessoas com 49 anos ou mais. Com uma equipe multidisciplinar altamente especializada e uma infraestrutura robusta, a MedS\u00eanior foca em inova\u00e7\u00e3o e excel\u00eancia no atendimento ao cliente.<\/p>\n\n\n\n<p class=\"has-medium-font-size\">Por isso, sua fam\u00edlia agora poder\u00e1 contar com um conv\u00eanio m\u00e9dico RJ exclusivo para a terceira idade.<\/p>\n\n\n\n<figure class=\"wp-block-image size-full has-custom-border\"><img decoding=\"async\" loading=\"lazy\" width=\"900\" height=\"900\" src=\"https:\/\/consultvida.com.br\/blog\/wp-content\/uploads\/2025\/01\/medsenior-black.jpg\" alt=\"MedS\u00eanior plano de sa\u00fade\" class=\"wp-image-5438\" style=\"border-top-left-radius:20px;border-top-right-radius:20px;border-bottom-left-radius:20px;border-bottom-right-radius:20px\" srcset=\"https:\/\/consultvida.com.br\/blog\/wp-content\/uploads\/2025\/01\/medsenior-black.jpg 900w, https:\/\/consultvida.com.br\/blog\/wp-content\/uploads\/2025\/01\/medsenior-black-300x300.jpg 300w, https:\/\/consultvida.com.br\/blog\/wp-content\/uploads\/2025\/01\/medsenior-black-768x768.jpg 768w\" sizes=\"(max-width: 900px) 100vw, 900px\" \/><\/figure>\n\n\n\n<h2 class=\"wp-block-heading\"><a href=\"https:\/\/consultvida.com.br\/blog\/medsenior\/\">MedS\u00eanior plano de sa\u00fade<\/a><\/h2>\n\n\n\n<p>A MedS\u00eanior \u00e9 um plano de sa\u00fade voltado especificamente para o p\u00fablico 49+. Al\u00e9m de ser SEM COPARTICIPA\u00c7\u00c3O, outro diferencial do plano \u00e9 o conceito da Medicina Preventiva, com cuidado personalizado.<\/p>\n\n\n\n<p>Por isso, em busca de solu\u00e7\u00f5es para proporcionar a seguran\u00e7a de viver bem e tranquilo, para aqueles que sabem que podem contar com o plano de sa\u00fade <strong><a href=\"https:\/\/consultvida.com.br\/blog\/medsenior-rio-de-janeiro\/\">MedS\u00eanior RJ<\/a><\/strong>, especializado no seu Bem Envelhecer.<\/p>\n\n\n\n<p>Ou seja, a crescente demanda por cuidados de sa\u00fade especializados, especialmente em uma cidade como Rio de Janeiro, onde a popula\u00e7\u00e3o idosa est\u00e1 em constante aumento, a MedS\u00eanior se compromete a fornecer servi\u00e7os de alta qualidade com foco no atendimento humanizado e na excel\u00eancia m\u00e9dica.<\/p>\n\n\n\n<figure class=\"wp-block-image size-full has-custom-border\"><img decoding=\"async\" loading=\"lazy\" width=\"900\" height=\"593\" src=\"https:\/\/consultvida.com.br\/blog\/wp-content\/uploads\/2024\/07\/planodesaude3.jpg\" alt=\"Planos  de Sa\u00fade RJ\" class=\"wp-image-4187\" style=\"border-top-left-radius:20px;border-top-right-radius:20px;border-bottom-left-radius:20px;border-bottom-right-radius:20px\" srcset=\"https:\/\/consultvida.com.br\/blog\/wp-content\/uploads\/2024\/07\/planodesaude3.jpg 900w, https:\/\/consultvida.com.br\/blog\/wp-content\/uploads\/2024\/07\/planodesaude3-300x198.jpg 300w, https:\/\/consultvida.com.br\/blog\/wp-content\/uploads\/2024\/07\/planodesaude3-350x230.jpg 350w, https:\/\/consultvida.com.br\/blog\/wp-content\/uploads\/2024\/07\/planodesaude3-768x506.jpg 768w\" sizes=\"(max-width: 900px) 100vw, 900px\" \/><\/figure>\n\n\n\n<h2 class=\"wp-block-heading\">Planos de sa\u00fade RJ (qual sua necessidade?)<\/h2>\n\n\n\n<p class=\"has-medium-font-size\">Primeiramente, n\u00e3o importa a sua necessidade na busca por <strong>planos de sa\u00fade no Rio de Janeiro<\/strong> pois nossa corretora tem expertise em sa\u00fade.<\/p>\n\n\n\n<p class=\"has-medium-font-size\">Ou seja, priorizamos um atendimento personalizado e transparente. Vamos conhecer alguns perfis de clientes da Consult Vida? Continue a leitura e fique conosco!<\/p>\n\n\n\n<h3 class=\"wp-block-heading has-dark-blue-color has-text-color\">Planos de sa\u00fade RJ (s\u00f3cios de empresas)<\/h3>\n\n\n\n<p class=\"has-medium-font-size\">No Rio de Janeiro, a escolha de um plano de sa\u00fade adequado para s\u00f3cios de empresas \u00e9 essencial para garantir o bem-estar e a satisfa\u00e7\u00e3o dos l\u00edderes empresariais. <\/p>\n\n\n\n<p class=\"has-medium-font-size\">Por isso, nossa consultoria se destaca por oferecer um atendimento personalizado, onde o contato \u00e9 direto com os s\u00f3cios.<\/p>\n\n\n\n<p class=\"has-medium-font-size\">Assim, nossos consultores especializados alinham os interesses de cobertura e as necessidades espec\u00edficas de cada s\u00f3cio, garantindo que as op\u00e7\u00f5es apresentadas sejam as mais indicadas e vantajosas. <\/p>\n\n\n\n<p class=\"has-medium-font-size\">Essa abordagem personalizada assegura que os s\u00f3cios tenham acesso a <strong>planos de sa\u00fade RJ<\/strong> que proporcionem a melhor prote\u00e7\u00e3o e tranquilidade.<\/p>\n\n\n\n<h3 class=\"wp-block-heading has-dark-blue-color has-text-color\">Planos de sa\u00fade RJ (funcion\u00e1rios)<\/h3>\n\n\n\n<p class=\"has-medium-font-size\">No Rio de Janeiro, a escolha de <strong>planos de sa\u00fade RJ<\/strong> para funcion\u00e1rios \u00e9 uma decis\u00e3o estrat\u00e9gica que impacta diretamente a satisfa\u00e7\u00e3o e a produtividade da equipe. <\/p>\n\n\n\n<p class=\"has-medium-font-size\">Por isso, nossa consultoria oferece um suporte abrangente ao departamento de Recursos Humanos (RH) da sua empresa.<\/p>\n\n\n\n<p class=\"has-medium-font-size\">Assim, apresentando um estudo completo e detalhado das melhores op\u00e7\u00f5es de planos de sa\u00fade dispon\u00edveis no mercado. Para isso, utilizamos gr\u00e1ficos e an\u00e1lises comparativas para proporcionar uma vis\u00e3o clara e objetiva, facilitando a tomada de decis\u00e3o tanto para o RH quanto para a Diretoria.<\/p>\n\n\n\n<p class=\"has-medium-font-size\">Com nosso apoio, o RH da sua empresa no Rio de Janeiro pode contar com uma consultoria especializada que entende as necessidades espec\u00edficas dos colaboradores.<\/p>\n\n\n\n<h3 class=\"wp-block-heading has-dark-blue-color has-text-color\">Planos de sa\u00fade RJ (quem est\u00e1 voltando do exterior)<\/h3>\n\n\n\n<p class=\"has-medium-font-size\">Se voc\u00ea est\u00e1 retornando do exterior e precisa de um <strong>plano de sa\u00fade no Rio de Janeiro<\/strong>, nossos consultores est\u00e3o prontos para te auxiliar. <\/p>\n\n\n\n<p class=\"has-medium-font-size\">Primeiramente, com uma an\u00e1lise detalhada e antecipada do cen\u00e1rio da sa\u00fade privada no Brasil, oferecemos uma consultoria especializada para garantir que voc\u00ea encontre a melhor cobertura para suas necessidades. <\/p>\n\n\n\n<p class=\"has-medium-font-size\">Ou seja, entendemos que a transi\u00e7\u00e3o pode ser desafiadora, e estamos aqui para facilitar esse processo, apresentando op\u00e7\u00f5es de <strong>planos de sa\u00fade RJ<\/strong> que oferecem cobertura completa e atendimento de qualidade.<\/p>\n\n\n\n<p class=\"has-medium-font-size\">Nossos consultores possuem um profundo conhecimento das melhores op\u00e7\u00f5es de planos de sa\u00fade no RJ, incluindo hospitais renomados e servi\u00e7os m\u00e9dicos de ponta.<\/p>\n\n\n\n<h3 class=\"wp-block-heading has-dark-blue-color has-text-color\">Planos de sa\u00fade RJ (familiares)<\/h3>\n\n\n\n<p class=\"has-medium-font-size\">Se voc\u00ea est\u00e1 em busca de um <strong>plano de sa\u00fade no Rio de Janeiro<\/strong> para sua fam\u00edlia e n\u00e3o possui CNPJ, contar com uma consultoria especializada \u00e9 essencial. <\/p>\n\n\n\n<p class=\"has-medium-font-size\">Isso porque, os pre\u00e7os dos planos de sa\u00fade para pessoa f\u00edsica tendem a ser mais altos, e nossa equipe est\u00e1 preparada para ajudar voc\u00ea a encontrar uma op\u00e7\u00e3o que n\u00e3o comprometa sua renda familiar. <\/p>\n\n\n\n<p class=\"has-medium-font-size\">Assim, com uma an\u00e1lise detalhada das suas necessidades e do mercado, nossos consultores apresentam as melhores alternativas, garantindo uma cobertura adequada e acess\u00edvel.<\/p>\n\n\n\n<p class=\"has-medium-font-size\">Nossa consultoria foca em identificar planos de sa\u00fade que ofere\u00e7am um excelente custo-benef\u00edcio, proporcionando seguran\u00e7a e tranquilidade para toda a fam\u00edlia.<\/p>\n\n\n\n<figure class=\"wp-block-image size-full has-custom-border\"><img decoding=\"async\" loading=\"lazy\" width=\"800\" height=\"533\" src=\"https:\/\/consultvida.com.br\/blog\/wp-content\/uploads\/2023\/07\/convenios9.jpg\" alt=\"Planos de Sa\u00fade empresarial RJ\" class=\"wp-image-3014\" style=\"border-top-left-radius:20px;border-top-right-radius:20px;border-bottom-left-radius:20px;border-bottom-right-radius:20px\" srcset=\"https:\/\/consultvida.com.br\/blog\/wp-content\/uploads\/2023\/07\/convenios9.jpg 800w, https:\/\/consultvida.com.br\/blog\/wp-content\/uploads\/2023\/07\/convenios9-300x200.jpg 300w, https:\/\/consultvida.com.br\/blog\/wp-content\/uploads\/2023\/07\/convenios9-768x512.jpg 768w\" sizes=\"(max-width: 800px) 100vw, 800px\" \/><\/figure>\n\n\n\n<h2 class=\"wp-block-heading\">Como aderir a planos de sa\u00fade empresarial no Rio de Janeiro<\/h2>\n\n\n\n<p class=\"has-medium-font-size\">Os <strong>planos de sa\u00fade empresarial no Rio de Janeiro<\/strong> s\u00e3o uma alternativa econ\u00f4mica para empresas e indiv\u00edduos com CNPJ ativo, especialmente em um cen\u00e1rio onde as op\u00e7\u00f5es de planos individuais est\u00e3o cada vez mais restritas.<\/p>\n\n\n\n<p class=\"has-medium-font-size\">Fique conosco e continue a leitura para entender e se beneficiar dos planos de sa\u00fade empresariais no Rio de Janeiro.<\/p>\n\n\n\n<h3 class=\"wp-block-heading has-dark-blue-color has-text-color\">Transforma\u00e7\u00f5es no mercado de planos de sa\u00fade no Rio de Janeiro<\/h3>\n\n\n\n<p class=\"has-medium-font-size\">Nos \u00faltimos anos, o mercado de planos de sa\u00fade no Rio de Janeiro passou por significativas mudan\u00e7as.<\/p>\n\n\n\n<p class=\"has-medium-font-size\">Com a retirada de muitos planos individuais por operadoras tradicionais, as op\u00e7\u00f5es para quem n\u00e3o possui CNPJ se tornaram limitadas. <\/p>\n\n\n\n<p class=\"has-medium-font-size\">Ou seja, isso faz dos <strong>planos empresariais RJ<\/strong> uma escolha atraente para quem busca acesso a redes de hospitais e laborat\u00f3rios de alta qualidade.<\/p>\n\n\n\n<h3 class=\"wp-block-heading has-dark-blue-color has-text-color\">Planos de sa\u00fade empresarial RJ para s\u00f3cios de empresas<\/h3>\n\n\n\n<p class=\"has-medium-font-size\">No Rio de Janeiro, \u00e9 poss\u00edvel contratar um plano de sa\u00fade empresarial exclusivamente para os s\u00f3cios de uma empresa, sem a necessidade de incluir funcion\u00e1rios registrados. <\/p>\n\n\n\n<p class=\"has-medium-font-size\">Por isso, essa flexibilidade permite que o quadro societ\u00e1rio aproveite os benef\u00edcios do plano de sa\u00fade, incluindo a possibilidade de adicionar dependentes, conforme as regras de cada operadora.<\/p>\n\n\n\n<h3 class=\"wp-block-heading has-dark-blue-color has-text-color\">Planos de sa\u00fade empresarial RJ para funcion\u00e1rios<\/h3>\n\n\n\n<p class=\"has-medium-font-size\">Empresas podem oferecer planos de sa\u00fade para seus funcion\u00e1rios registrados sob o regime CLT. Para aquelas que operam com profissionais PJ, \u00e9 necess\u00e1ria uma an\u00e1lise detalhada, pois algumas operadoras possuem restri\u00e7\u00f5es espec\u00edficas. <\/p>\n\n\n\n<p class=\"has-medium-font-size\">Ainda assim, oferecer um plano de sa\u00fade pode melhorar a produtividade e ajudar na reten\u00e7\u00e3o de talentos dentro da empresa.<\/p>\n\n\n\n<h3 class=\"wp-block-heading has-dark-blue-color has-text-color\">Planos de sa\u00fade empresarial RJ para empresas MEI<\/h3>\n\n\n\n<p class=\"has-medium-font-size\">A procura por planos de sa\u00fade por empresas MEI no Rio de Janeiro \u00e9 alta. De acordo com a ANS (Ag\u00eancia Nacional de Sa\u00fade), empresas MEI precisam ter pelo menos 6 meses de atividade para contratar um plano. <\/p>\n\n\n\n<p class=\"has-medium-font-size\">Ainda assim, essa modalidade permite a inclus\u00e3o de familiares como dependentes, garantindo uma cobertura acess\u00edvel e de qualidade para todos.<\/p>\n\n\n\n<h3 class=\"wp-block-heading has-dark-blue-color has-text-color\">Contrata\u00e7\u00e3o segura de planos de sa\u00fade empresarial no Rio de Janeiro<\/h3>\n\n\n\n<p class=\"has-medium-font-size\">A Consult Vida \u00e9 especializada em atender empresas de diversos portes, oferecendo consultoria personalizada para encontrar o plano de sa\u00fade ideal no Rio de Janeiro. <\/p>\n\n\n\n<p class=\"has-medium-font-size\">Por isso, nossa equipe de especialistas avalia cada caso individualmente, garantindo a melhor rela\u00e7\u00e3o custo-benef\u00edcio para sua empresa.<\/p>\n\n\n\n<figure class=\"wp-block-image size-full has-custom-border\"><img decoding=\"async\" loading=\"lazy\" width=\"900\" height=\"600\" src=\"https:\/\/consultvida.com.br\/blog\/wp-content\/uploads\/2024\/07\/planosaude3.jpg\" alt=\"plano de sa\u00fade no Rio de Janeiro\" class=\"wp-image-4067\" style=\"border-top-left-radius:20px;border-top-right-radius:20px;border-bottom-left-radius:20px;border-bottom-right-radius:20px\" srcset=\"https:\/\/consultvida.com.br\/blog\/wp-content\/uploads\/2024\/07\/planosaude3.jpg 900w, https:\/\/consultvida.com.br\/blog\/wp-content\/uploads\/2024\/07\/planosaude3-300x200.jpg 300w, https:\/\/consultvida.com.br\/blog\/wp-content\/uploads\/2024\/07\/planosaude3-768x512.jpg 768w\" sizes=\"(max-width: 900px) 100vw, 900px\" \/><\/figure>\n\n\n\n<h2 class=\"wp-block-heading\">Acerte na escolha do seu plano de sa\u00fade no Rio de Janeiro<\/h2>\n\n\n\n<p class=\"has-medium-font-size\">Fico muito feliz que voc\u00ea chegou at\u00e9 aqui em nossa p\u00e1gina, continue a leitura que vamos abordar alguns temas importantes para voc\u00ea que busca por <strong>planos de sa\u00fade no Rio de Janeiro<\/strong>.<\/p>\n\n\n\n<h3 class=\"wp-block-heading has-dark-blue-color has-text-color\">Como escolher o melhor plano de sa\u00fade no Rio de Janeiro<\/h3>\n\n\n\n<p class=\"has-medium-font-size\">Procurando um plano de sa\u00fade no Rio de Janeiro? Veja como acertar na escolha, seja para cobertura regional ou nacional.<\/p>\n\n\n\n<p class=\"has-medium-font-size\">Al\u00e9m disso, vamos te explicar sobre a implanta\u00e7\u00e3o, reajuste, car\u00eancias e reembolso nos planos de sa\u00fade RJ.<\/p>\n\n\n\n<h3 class=\"wp-block-heading has-dark-blue-color has-text-color\">Planos de sa\u00fade regionais no Rio de Janeiro<\/h3>\n\n\n\n<p class=\"has-medium-font-size\">Se voc\u00ea busca um <strong>plano de sa\u00fade regional no Rio de Janeiro<\/strong>, os planos empresariais com cobertura local s\u00e3o uma excelente escolha. <\/p>\n\n\n\n<p class=\"has-medium-font-size\">Eles oferecem custos acess\u00edveis e s\u00e3o ideais para quem n\u00e3o precisa de uma rede nacional. Apesar de regionais, esses planos garantem uma ampla rede credenciada e seguran\u00e7a, pois seguem as normas da Ag\u00eancia Nacional de Sa\u00fade Suplementar (ANS).<\/p>\n\n\n\n<p class=\"has-medium-font-size\">Por exemplo, alguns dos planos mais populares incluem Amil F\u00e1cil, NotreDame Interm\u00e9dica Smart 200 RJ e Assim Regional. <\/p>\n\n\n\n<p class=\"has-medium-font-size\">Com a crise econ\u00f4mica, a demanda por esses planos cresceu significativamente, permitindo que empresas mantenham benef\u00edcios de sa\u00fade de qualidade sem comprometer o or\u00e7amento.<\/p>\n\n\n\n<p class=\"has-medium-font-size\">Por isso, nossa consultoria personalizada pode ajudar sua empresa a escolher o melhor <strong>plano de sa\u00fade RJ<\/strong>. Entre em contato para encontrar a solu\u00e7\u00e3o ideal.<\/p>\n\n\n\n<h3 class=\"wp-block-heading has-dark-blue-color has-text-color\">Planos de sa\u00fade nacionais no Rio de Janeiro<\/h3>\n\n\n\n<p class=\"has-medium-font-size\">Os planos de sa\u00fade nacionais oferecem benef\u00edcios adicionais, como uma rede credenciada ampliada, atendimento em hospitais de refer\u00eancia e op\u00e7\u00f5es de reembolso. <\/p>\n\n\n\n<p class=\"has-medium-font-size\">Ou seja, eles s\u00e3o ideais para empresas que buscam atendimento m\u00e9dico em rede nacional de ponta e diferenciado.<\/p>\n\n\n\n<p class=\"has-medium-font-size\">Destaques como SulAm\u00e9rica Especial e Bradesco Sa\u00fade Nacional oferecem qualidade superior aos planos tradicionais. Esses planos tamb\u00e9m podem incluir benef\u00edcios extras al\u00e9m do rol da ANS.<\/p>\n\n\n\n<h3 class=\"wp-block-heading has-dark-blue-color has-text-color\">Car\u00eancias e implanta\u00e7\u00e3o dos planos de sa\u00fade RJ<\/h3>\n\n\n\n<p class=\"has-medium-font-size\">Dependendo do porte da empresa, os benefici\u00e1rios podem estar sujeitos a car\u00eancias contratuais. No entanto, h\u00e1 op\u00e7\u00f5es de redu\u00e7\u00e3o de car\u00eancias em caso de migra\u00e7\u00e3o de planos. <\/p>\n\n\n\n<p class=\"has-medium-font-size\">Por isso, nossa equipe pode ajudar a verificar as condi\u00e7\u00f5es de car\u00eancia para cada operadora.<\/p>\n\n\n\n<p class=\"has-medium-font-size\">O prazo de implanta\u00e7\u00e3o de um plano de sa\u00fade RJ varia, mas geralmente \u00e9 r\u00e1pido devido aos processos online. \u00c9 crucial que a documenta\u00e7\u00e3o da empresa esteja completa para evitar atrasos.<\/p>\n\n\n\n<h3 class=\"wp-block-heading has-dark-blue-color has-text-color\">Reembolso e reajustes nos planos de sa\u00fade RJ<\/h3>\n\n\n\n<p class=\"has-medium-font-size\">A maioria dos <strong>planos de sa\u00fade empresariais no Rio de Janeiro<\/strong> oferecem a op\u00e7\u00e3o de reembolso, principalmente aqueles com abrang\u00eancia nacional. <\/p>\n\n\n\n<p class=\"has-medium-font-size\">Bem como, quanto aos reajustes, conforme a ANS, eles ocorrem anualmente no m\u00eas de anivers\u00e1rio do contrato e em caso de mudan\u00e7a de faixa et\u00e1ria.<\/p>\n\n\n\n<p class=\"has-medium-font-size\">Assim, para mais informa\u00e7\u00f5es sobre como escolher o melhor plano de sa\u00fade no Rio de Janeiro, entre em contato com nossos consultores especializados.<\/p>\n\n\n\n<figure class=\"wp-block-image size-full has-custom-border\"><img decoding=\"async\" loading=\"lazy\" width=\"900\" height=\"600\" src=\"https:\/\/consultvida.com.br\/blog\/wp-content\/uploads\/2024\/07\/planodesaude4.jpg\" alt=\"Planos de sa\u00fade no Rio de Janeiro\" class=\"wp-image-4196\" style=\"border-top-left-radius:20px;border-top-right-radius:20px;border-bottom-left-radius:20px;border-bottom-right-radius:20px\" srcset=\"https:\/\/consultvida.com.br\/blog\/wp-content\/uploads\/2024\/07\/planodesaude4.jpg 900w, https:\/\/consultvida.com.br\/blog\/wp-content\/uploads\/2024\/07\/planodesaude4-300x200.jpg 300w, https:\/\/consultvida.com.br\/blog\/wp-content\/uploads\/2024\/07\/planodesaude4-768x512.jpg 768w\" sizes=\"(max-width: 900px) 100vw, 900px\" \/><\/figure>\n\n\n\n<h2 class=\"wp-block-heading\">Planos de sa\u00fade no Rio de Janeiro (como a Consult Vida pode te ajudar?)<\/h2>\n\n\n\n<p class=\"has-medium-font-size\">No cen\u00e1rio atual de <strong>planos de sa\u00fade no Rio de Janeiro<\/strong>, contar com uma corretora especializada pode fazer toda a diferen\u00e7a na escolha do plano ideal. <\/p>\n\n\n\n<p class=\"has-medium-font-size\">Assim, a Consult Vida tem se destacado por seu compromisso em ajudar empresas e fam\u00edlias a reduzirem seus custos com sa\u00fade, oferecendo solu\u00e7\u00f5es personalizadas que se ajustam \u00e0s necessidades espec\u00edficas de cada cliente. <\/p>\n\n\n\n<p class=\"has-medium-font-size\">Com uma vasta experi\u00eancia no mercado, a Consult Vida entende as particularidades dos planos dispon\u00edveis e trabalha para encontrar a melhor rela\u00e7\u00e3o custo-benef\u00edcio, garantindo que voc\u00ea tenha acesso a uma cobertura de qualidade sem comprometer o or\u00e7amento.<\/p>\n\n\n\n<p class=\"has-medium-font-size\">Assim, nossa equipe de p\u00f3s-venda est\u00e1 sempre dispon\u00edvel para prestar assist\u00eancia, tornando o processo de utiliza\u00e7\u00e3o do <strong>plano de sa\u00fade RJ<\/strong> mais simples e eficiente. Essa aten\u00e7\u00e3o ao cliente \u00e9 um dos diferenciais que fazem da Consult Vida uma refer\u00eancia no setor.<\/p>\n\n\n\n<figure class=\"wp-block-image size-full has-custom-border\"><img decoding=\"async\" loading=\"lazy\" width=\"900\" height=\"600\" src=\"https:\/\/consultvida.com.br\/blog\/wp-content\/uploads\/2024\/08\/copa-star-RJ.jpg\" alt=\"planos de sa\u00fade premium no Rio de Janeiro\" class=\"wp-image-4530\" style=\"border-top-left-radius:20px;border-top-right-radius:20px;border-bottom-left-radius:20px;border-bottom-right-radius:20px\" srcset=\"https:\/\/consultvida.com.br\/blog\/wp-content\/uploads\/2024\/08\/copa-star-RJ.jpg 900w, https:\/\/consultvida.com.br\/blog\/wp-content\/uploads\/2024\/08\/copa-star-RJ-300x200.jpg 300w, https:\/\/consultvida.com.br\/blog\/wp-content\/uploads\/2024\/08\/copa-star-RJ-768x512.jpg 768w\" sizes=\"(max-width: 900px) 100vw, 900px\" \/><\/figure>\n\n\n\n<h2 class=\"wp-block-heading\">Aumento na procura por planos de sa\u00fade premium no Rio de Janeiro<\/h2>\n\n\n\n<p class=\"has-medium-font-size\">Nos \u00faltimos anos, tem havido um aumento significativo na procura por <strong>planos de sa\u00fade premium no Rio de Janeiro<\/strong>. Este crescimento reflete a busca por servi\u00e7os m\u00e9dicos de alta qualidade, que oferecem atendimento diferenciado e acesso a hospitais de renome.<\/p>\n\n\n\n<p class=\"has-medium-font-size\">Ou seja, a demanda crescente por esses planos tamb\u00e9m est\u00e1 ligada \u00e0 maior conscientiza\u00e7\u00e3o dos consumidores sobre a import\u00e2ncia de um atendimento m\u00e9dico de excel\u00eancia em hospitais de ponta no Rio de Janeiro. <\/p>\n\n\n\n<p class=\"has-medium-font-size\">Com isso, muitas pessoas est\u00e3o dispostas a investir mais em suas coberturas de sa\u00fade para garantir um tratamento superior e personalizado. Este cen\u00e1rio tem impulsionado o mercado de <strong>planos de sa\u00fade premium RJ<\/strong> a oferecer op\u00e7\u00f5es cada vez mais sofisticadas e completas.<\/p>\n\n\n\n<h3 class=\"wp-block-heading has-dark-blue-color has-text-color\">Planos de sa\u00fade Copa Star no Rio de Janeiro<\/h3>\n\n\n\n<p class=\"has-medium-font-size\">Os planos de sa\u00fade que incluem o Hospital Copa Star no Rio de Janeiro s\u00e3o altamente valorizados por oferecerem um atendimento de luxo. <\/p>\n\n\n\n<p class=\"has-medium-font-size\">Por isso, o Copa Star \u00e9 conhecido por suas instala\u00e7\u00f5es modernas, equipe m\u00e9dica de excel\u00eancia e servi\u00e7os personalizados que garantem uma experi\u00eancia hospitalar de alto padr\u00e3o. <\/p>\n\n\n\n<p class=\"has-medium-font-size\">Assim, ter acesso a este hospital atrav\u00e9s de um plano de sa\u00fade premium significa contar com o que h\u00e1 de melhor em tecnologia e conforto, ideal para quem n\u00e3o abre m\u00e3o de qualidade.<\/p>\n\n\n\n<h3 class=\"wp-block-heading has-dark-blue-color has-text-color\">Planos de sa\u00fade Samaritano no Rio de Janeiro<\/h3>\n\n\n\n<p class=\"has-medium-font-size\">Os planos de sa\u00fade que cobrem o Hospital Samaritano no Rio de Janeiro s\u00e3o outra excelente op\u00e7\u00e3o para quem busca atendimento premium. <\/p>\n\n\n\n<p class=\"has-medium-font-size\">O Hospital Samaritano \u00e9 renomado por seu compromisso com a inova\u00e7\u00e3o m\u00e9dica e atendimento humanizado. <\/p>\n\n\n\n<p class=\"has-medium-font-size\">Por isso, as linhas de planos que incluem o Samaritano garantem aos benefici\u00e1rios acesso a uma ampla gama de especialidades m\u00e9dicas e tratamentos de ponta, assegurando um cuidado abrangente e de qualidade superior.<\/p>\n\n\n\n<h2 class=\"wp-block-heading\">Plano de sa\u00fade RJ (atendimento exclusivo)<\/h2>\n\n\n\n<div class=\"wp-block-columns has-border-color has-background is-layout-flex wp-container-12\" style=\"border-color:#d6e9e9;border-width:11px;background-color:#003d8a\">\n<div class=\"wp-block-column is-layout-flow\" style=\"flex-basis:33.33%\">\n<figure class=\"wp-block-image size-full\"><img decoding=\"async\" loading=\"lazy\" width=\"150\" height=\"150\" src=\"https:\/\/consultvida.com.br\/blog\/wp-content\/uploads\/2023\/06\/atendimento.png\" alt=\"R\u00e1pido atendimento\" class=\"wp-image-2414\"\/><\/figure>\n\n\n\n<p><\/p>\n<\/div>\n\n\n\n<div class=\"wp-block-column is-layout-flow\" style=\"flex-basis:66.66%\">\n<h3 class=\"wp-block-heading has-background-color has-text-color\">R\u00e1pido atendimento<\/h3>\n\n\n\n<p class=\"has-background-color has-text-color has-medium-font-size\">A import\u00e2ncia de prestar uma consultoria r\u00e1pida e qualificada, garante em muitos casos, uma implanta\u00e7\u00e3o r\u00e1pida do seu plano de sa\u00fade, evitando ficar sem cobertura.<\/p>\n<\/div>\n<\/div>\n\n\n\n<div class=\"wp-block-columns has-border-color has-background is-layout-flex wp-container-15\" style=\"border-color:#d6e9e9;border-width:11px;background-color:#003d8a\">\n<div class=\"wp-block-column is-layout-flow\" style=\"flex-basis:33.33%\">\n<figure class=\"wp-block-image size-full\"><img decoding=\"async\" loading=\"lazy\" width=\"150\" height=\"150\" src=\"https:\/\/consultvida.com.br\/blog\/wp-content\/uploads\/2023\/06\/analise.png\" alt=\"An\u00e1lise de perfil\" class=\"wp-image-2415\"\/><\/figure>\n\n\n\n<p><\/p>\n<\/div>\n\n\n\n<div class=\"wp-block-column is-layout-flow\" style=\"flex-basis:66.66%\">\n<h3 class=\"wp-block-heading has-background-color has-text-color\">An\u00e1lise de perfil<\/h3>\n\n\n\n<p class=\"has-background-color has-text-color has-medium-font-size\">As necessidades de cada fam\u00edlia ou empresa s\u00e3o \u00fanicas, por isso atrav\u00e9s de uma consultoria personalizada, conseguimos identificar um plano de sa\u00fade sob medida, avaliando o melhor custo x benef\u00edcio.<\/p>\n<\/div>\n<\/div>\n\n\n\n<div class=\"wp-block-columns has-border-color has-background is-layout-flex wp-container-18\" style=\"border-color:#d6e9e9;border-width:11px;background-color:#003d8a\">\n<div class=\"wp-block-column is-layout-flow\" style=\"flex-basis:33.33%\">\n<figure class=\"wp-block-image size-full\"><img decoding=\"async\" loading=\"lazy\" width=\"150\" height=\"150\" src=\"https:\/\/consultvida.com.br\/blog\/wp-content\/uploads\/2023\/06\/custo.png\" alt=\"Redu\u00e7\u00e3o de custos\" class=\"wp-image-2416\"\/><\/figure>\n\n\n\n<p><\/p>\n<\/div>\n\n\n\n<div class=\"wp-block-column is-layout-flow\" style=\"flex-basis:66.66%\">\n<h3 class=\"wp-block-heading has-background-color has-text-color\">Redu\u00e7\u00e3o de custos<\/h3>\n\n\n\n<p class=\"has-background-color has-text-color has-medium-font-size\">Diante dos altos aumentos nos planos de sa\u00fade no Brasil, a procura por redu\u00e7\u00e3o de custo vem crescendo a cada ano. Analisamos seu perfil para entregar exatamente o que voc\u00ea precisa ao menor custo.<\/p>\n<\/div>\n<\/div>\n\n\n\n<h2 class=\"wp-block-heading\">Avan\u00e7os nos planos de sa\u00fade no Rio de Janeiro: Contrata\u00e7\u00e3o digital, telemedicina e preven\u00e7\u00e3o<\/h2>\n\n\n\n<p class=\"has-medium-font-size\">Nos \u00faltimos anos, os <strong>planos de sa\u00fade no Rio de Janeiro<\/strong> t\u00eam avan\u00e7ado significativamente, trazendo inova\u00e7\u00f5es que facilitam a vida dos usu\u00e1rios e promovem o bem-estar. <\/p>\n\n\n\n<p class=\"has-medium-font-size\">Um dos principais avan\u00e7os \u00e9 a possibilidade de contrata\u00e7\u00e3o por assinatura digital. Esse m\u00e9todo simplifica o processo de ades\u00e3o, eliminando a necessidade de deslocamentos e papelada, tornando a aquisi\u00e7\u00e3o de um plano de sa\u00fade mais r\u00e1pida e pr\u00e1tica.<\/p>\n\n\n\n<p class=\"has-medium-font-size\">Al\u00e9m disso, a telemedicina se consolidou como uma ferramenta essencial, permitindo consultas m\u00e9dicas a dist\u00e2ncia, o que \u00e9 especialmente ben\u00e9fico para quem busca atendimento sem sair de casa. Essa tecnologia n\u00e3o s\u00f3 amplia o acesso aos cuidados m\u00e9dicos, mas tamb\u00e9m reduz o tempo de espera e facilita o acompanhamento cont\u00ednuo do paciente.<\/p>\n\n\n\n<p class=\"has-medium-font-size\">Por fim, os programas de preven\u00e7\u00e3o \u00e0 sa\u00fade t\u00eam ganhado destaque, incentivando h\u00e1bitos saud\u00e1veis e a realiza\u00e7\u00e3o de exames preventivos. Esses programas s\u00e3o fundamentais para a detec\u00e7\u00e3o precoce de doen\u00e7as e para a promo\u00e7\u00e3o de uma vida mais saud\u00e1vel.<\/p>\n\n\n\n<figure class=\"wp-block-image size-full has-custom-border\"><img decoding=\"async\" loading=\"lazy\" width=\"900\" height=\"600\" src=\"https:\/\/consultvida.com.br\/blog\/wp-content\/uploads\/2024\/08\/planosdesaudesp.jpg\" alt=\"D\u00favidas sobre Planos de Sa\u00fade no Rio de Janeiro\" class=\"wp-image-4610\" style=\"border-top-left-radius:20px;border-top-right-radius:20px;border-bottom-left-radius:20px;border-bottom-right-radius:20px\" srcset=\"https:\/\/consultvida.com.br\/blog\/wp-content\/uploads\/2024\/08\/planosdesaudesp.jpg 900w, https:\/\/consultvida.com.br\/blog\/wp-content\/uploads\/2024\/08\/planosdesaudesp-300x200.jpg 300w, https:\/\/consultvida.com.br\/blog\/wp-content\/uploads\/2024\/08\/planosdesaudesp-768x512.jpg 768w\" sizes=\"(max-width: 900px) 100vw, 900px\" \/><\/figure>\n\n\n\n<h2 class=\"wp-block-heading\">D\u00favidas mais comuns na contrata\u00e7\u00e3o para planos de sa\u00fade RJ<\/h2>\n\n\n\n<p class=\"has-medium-font-size\">Que bom que voc\u00ea chegou at\u00e9 aqui! Abaixo, voc\u00ea encontrar\u00e1 respostas para as d\u00favidas mais comuns de nossos clientes que procuram por <strong>planos de sa\u00fade RJ<\/strong>. Entenda as particularidades das operadoras para fazer a escolha mais assertiva.<\/p>\n\n\n\n<h3 class=\"wp-block-heading has-dark-blue-color has-text-color\">Os planos de sa\u00fade MEI no RJ s\u00e3o mais baratos?<\/h3>\n\n\n\n<p class=\"has-medium-font-size\">Sim, microempreendedores individuais (MEI) podem contratar <strong>planos de sa\u00fade no Rio de Janeiro<\/strong> utilizando a tabela de pre\u00e7os empresarial das operadoras, o que pode resultar em uma redu\u00e7\u00e3o de custo de at\u00e9 40% em compara\u00e7\u00e3o aos planos para pessoa f\u00edsica.<\/p>\n\n\n\n<p class=\"has-medium-font-size\">No entanto, \u00e9 importante lembrar que, para contratar um plano de sa\u00fade MEI, a empresa precisa ter pelo menos 6 meses de abertura, conforme determina\u00e7\u00e3o da ANS.<\/p>\n\n\n\n<p class=\"has-medium-font-size\">Se sua fam\u00edlia possui um MEI e est\u00e1 em busca de um bom plano de sa\u00fade RJ, nossos consultores est\u00e3o prontos para ajudar a encontrar um conv\u00eanio que se encaixe no seu or\u00e7amento familiar.<\/p>\n\n\n\n<h3 class=\"wp-block-heading has-dark-blue-color has-text-color\">Planos de sa\u00fade para idosos no RJ: como avaliar uma op\u00e7\u00e3o de baixo custo?<\/h3>\n\n\n\n<p class=\"has-medium-font-size\">Para pessoas acima de 59 anos, os planos de sa\u00fade tendem a ser mais caros devido \u00e0 \u00faltima faixa et\u00e1ria dos conv\u00eanios m\u00e9dicos.<\/p>\n\n\n\n<p class=\"has-medium-font-size\">Portanto, \u00e9 essencial contar com uma corretora experiente no Rio de Janeiro que possa avaliar suas necessidades em sa\u00fade privada e comparar operadoras com pre\u00e7os mais acess\u00edveis.<\/p>\n\n\n\n<p class=\"has-medium-font-size\">A Consult Vida j\u00e1 auxiliou diversas fam\u00edlias na busca por planos de sa\u00fade para seus pais, oferecendo atendimento personalizado e compreendendo as necessidades espec\u00edficas de cada cliente.<\/p>\n\n\n\n<h3 class=\"wp-block-heading has-dark-blue-color has-text-color\">Os planos de sa\u00fade RJ atendem somente na cidade do Rio de Janeiro com rede credenciada?<\/h3>\n\n\n\n<p class=\"has-medium-font-size\">Essa \u00e9 uma d\u00favida comum entre nossos clientes. Cada linha de <strong>planos de sa\u00fade RJ<\/strong> \u00e9 desenhada com uma abrang\u00eancia espec\u00edfica, podendo ser regional ou nacional.<\/p>\n\n\n\n<p class=\"has-medium-font-size\">Bem como, os planos com cobertura nacional s\u00e3o mais caros, pois oferecem uma cobertura mais ampla, ideal para quem costuma viajar pelo Brasil.<\/p>\n\n\n\n<p class=\"has-medium-font-size\">Por isso, \u00e9 importante avaliar cuidadosamente a contrata\u00e7\u00e3o de planos de sa\u00fade no Rio de Janeiro para evitar mensalidades elevadas e considerar os pr\u00f3ximos reajustes.<\/p>\n\n\n\n<h3 class=\"wp-block-heading has-dark-blue-color has-text-color\">Car\u00eancias nos planos de sa\u00fade no Rio de Janeiro<\/h3>\n\n\n\n<p class=\"has-medium-font-size\">Todos os planos de sa\u00fade no Rio de Janeiro possuem prazos de car\u00eancia, conforme o prazo m\u00e1ximo determinado pela ANS.<\/p>\n\n\n\n<p class=\"has-medium-font-size\">No entanto, algumas operadoras oferecem prazos menores. Converse com nossos corretores para encontrar a melhor op\u00e7\u00e3o para voc\u00ea.<\/p>\n\n\n\n<p class=\"has-medium-font-size\">Al\u00e9m disso, para quem est\u00e1 migrando de outra operadora, existe a possibilidade de reduzir as car\u00eancias na troca de plano de sa\u00fade.<\/p>\n\n\n\n<h3 class=\"wp-block-heading has-dark-blue-color has-text-color\">Como n\u00e3o errar na contrata\u00e7\u00e3o de um bom plano de sa\u00fade RJ?<\/h3>\n\n\n\n<p class=\"has-medium-font-size\">Primeiramente, converse com seu corretor. Dedique tempo para explicar suas necessidades, como rede credenciada, valor que pretende pagar, reembolso e abrang\u00eancia. Um corretor experiente poder\u00e1 personalizar as op\u00e7\u00f5es de acordo com suas exig\u00eancias.<\/p>\n\n\n\n<p class=\"has-medium-font-size\">Ap\u00f3s receber todas as op\u00e7\u00f5es personalizadas, agende outro hor\u00e1rio para discutir os pr\u00f3s e contras de cada operadora. Esse segundo encontro \u00e9 crucial para esclarecer d\u00favidas e garantir que voc\u00ea fa\u00e7a a escolha mais assertiva e alinhada com suas expectativas e necessidades de sa\u00fade.<\/p>\n\n\n\n<h3 class=\"wp-block-heading has-dark-blue-color has-text-color\">\u00c9 poss\u00edvel incluir familiares nos planos de sa\u00fade no Rio de Janeiro?<\/h3>\n\n\n\n<p class=\"has-medium-font-size\">Sim, cada titular de um plano de sa\u00fade, seja empresarial ou pessoa f\u00edsica, pode incluir seus familiares.<\/p>\n\n\n\n<p class=\"has-medium-font-size\">No entanto, para agregados que n\u00e3o sejam c\u00f4njuges ou filhos, cada operadora possui regras espec\u00edficas de aceita\u00e7\u00e3o.<\/p>\n\n\n\n<p class=\"has-medium-font-size\">Por isso, \u00e9 importante contar com a ajuda de um corretor especializado no Rio de Janeiro para orientar nesse processo.<\/p>\n\n\n\n<figure class=\"wp-block-image size-full has-custom-border\"><img decoding=\"async\" loading=\"lazy\" width=\"572\" height=\"611\" src=\"https:\/\/consultvida.com.br\/blog\/wp-content\/uploads\/2024\/10\/planos-saude-sp-1.jpg\" alt=\"planos de sa\u00fade RJ\" class=\"wp-image-4906\" style=\"border-top-left-radius:20px;border-top-right-radius:20px;border-bottom-left-radius:20px;border-bottom-right-radius:20px\" srcset=\"https:\/\/consultvida.com.br\/blog\/wp-content\/uploads\/2024\/10\/planos-saude-sp-1.jpg 572w, https:\/\/consultvida.com.br\/blog\/wp-content\/uploads\/2024\/10\/planos-saude-sp-1-281x300.jpg 281w\" sizes=\"(max-width: 572px) 100vw, 572px\" \/><\/figure>\n\n\n\n<h2 class=\"wp-block-heading\">Tudo sobre planos de sa\u00fade RJ: o que \u00e9, evolu\u00e7\u00e3o, principais modelos e escolhas mais assertivas<\/h2>\n\n\n\n<p class=\"has-medium-font-size\">Os <strong>planos de sa\u00fade no Rio de Janeiro<\/strong> oferecem \u00e0s empresas e fam\u00edlias a oportunidade de cuidar da sua sa\u00fade sem depender do SUS, garantindo um atendimento r\u00e1pido e com rede qualificada. <\/p>\n\n\n\n<p class=\"has-medium-font-size\">Bem como, entender as regras comerciais das operadoras e compreender as op\u00e7\u00f5es dispon\u00edveis \u00e9 essencial para escolher um <strong>conv\u00eanio m\u00e9dico RJ<\/strong> que atenda \u00e0s suas necessidades, proporcionando bem-estar a funcion\u00e1rios e familiares. <\/p>\n\n\n\n<p class=\"has-medium-font-size\">Assim, agora vamos te explicar tudo o que voc\u00ea precisa saber sobre planos de sa\u00fade no Rio de Janeiro, fique conosco na leitura abaixo.<\/p>\n\n\n\n<figure class=\"wp-block-image aligncenter size-full\"><img decoding=\"async\" loading=\"lazy\" width=\"323\" height=\"305\" src=\"https:\/\/consultvida.com.br\/blog\/wp-content\/uploads\/2024\/10\/planos-saude-ribeiraopreto-1.png\" alt=\"O que \u00e9 um plano de sa\u00fade no Rio de Janeiro\" class=\"wp-image-4832\" srcset=\"https:\/\/consultvida.com.br\/blog\/wp-content\/uploads\/2024\/10\/planos-saude-ribeiraopreto-1.png 323w, https:\/\/consultvida.com.br\/blog\/wp-content\/uploads\/2024\/10\/planos-saude-ribeiraopreto-1-300x283.png 300w\" sizes=\"(max-width: 323px) 100vw, 323px\" \/><\/figure>\n\n\n\n<h3 class=\"wp-block-heading has-text-align-center has-dark-blue-color has-text-color\">1- O que \u00e9 um plano de sa\u00fade RJ?<\/h3>\n\n\n\n<p class=\"has-medium-font-size\">Um <strong>plano de sa\u00fade RJ<\/strong> \u00e9 a op\u00e7\u00e3o de ades\u00e3o a um contrato com uma operadora de sa\u00fade privada, aliado a uma rede ampla de cobertura. <\/p>\n\n\n\n<p class=\"has-medium-font-size\">Por isso, voc\u00ea n\u00e3o vai mais precisar depender do Sistema \u00danico de Sa\u00fade (SUS), proporcionando acesso r\u00e1pido e de qualidade aos cuidados a sua sa\u00fade. Principais caracter\u00edsticas:<\/p>\n\n\n\n<ul>\n<li class=\"has-medium-font-size\">Prote\u00e7\u00e3o financeira: Resguarda voc\u00ea e sua fam\u00edlia contra despesas m\u00e9dicas inesperadas e potencialmente elevadas.<\/li>\n\n\n\n<li class=\"has-medium-font-size\">Rede credenciada: Oferece acesso a uma ampla gama de hospitais, cl\u00ednicas, laborat\u00f3rios e profissionais de sa\u00fade de sua escolha.<\/li>\n\n\n\n<li class=\"has-medium-font-size\">Agilidade no atendimento: Reduz significativamente o tempo de espera para consultas, exames e procedimentos m\u00e9dicos.<\/li>\n<\/ul>\n\n\n\n<figure class=\"wp-block-image aligncenter size-full\"><img decoding=\"async\" loading=\"lazy\" width=\"323\" height=\"305\" src=\"https:\/\/consultvida.com.br\/blog\/wp-content\/uploads\/2024\/10\/planos-saude-osasco-1.png\" alt=\"Evolu\u00e7\u00e3o dos planos de sa\u00fade RJ\" class=\"wp-image-4831\" srcset=\"https:\/\/consultvida.com.br\/blog\/wp-content\/uploads\/2024\/10\/planos-saude-osasco-1.png 323w, https:\/\/consultvida.com.br\/blog\/wp-content\/uploads\/2024\/10\/planos-saude-osasco-1-300x283.png 300w\" sizes=\"(max-width: 323px) 100vw, 323px\" \/><\/figure>\n\n\n\n<h3 class=\"wp-block-heading has-text-align-center has-dark-blue-color has-text-color\">2- Evolu\u00e7\u00e3o dos planos de sa\u00fade RJ<\/h3>\n\n\n\n<p class=\"has-medium-font-size\">A evolu\u00e7\u00e3o dos <strong>planos de sa\u00fade no Rio de Janeiro<\/strong> tem sido marcada por significativas melhorias nos \u00faltimos anos, vamos entender o que mudou nos \u00faltimos anos.<\/p>\n\n\n\n<h4 class=\"wp-block-heading has-dark-blue-color has-text-color has-medium-font-size\">2.1- Digitaliza\u00e7\u00e3o do Processo de Contrata\u00e7\u00e3o:<\/h4>\n\n\n\n<p class=\"has-medium-font-size\">O processo de contrata\u00e7\u00e3o de planos de sa\u00fade RJ passou por uma transforma\u00e7\u00e3o radical. O que antes era um procedimento burocr\u00e1tico e demorado, agora se tornou totalmente digital e online. Esta mudan\u00e7a trouxe diversos benef\u00edcios:<\/p>\n\n\n\n<ul>\n<li class=\"has-medium-font-size\">Documenta\u00e7\u00e3o digital: Toda a papelada necess\u00e1ria pode ser enviada eletronicamente.<\/li>\n\n\n\n<li class=\"has-medium-font-size\">Declara\u00e7\u00f5es de sa\u00fade online: O preenchimento destes importantes documentos agora \u00e9 feito de forma r\u00e1pida e segura pela internet.<\/li>\n\n\n\n<li class=\"has-medium-font-size\">Assinatura eletr\u00f4nica: A formaliza\u00e7\u00e3o do contrato ocorre digitalmente, eliminando a necessidade de deslocamentos.<\/li>\n<\/ul>\n\n\n\n<p class=\"has-medium-font-size\">Essa moderniza\u00e7\u00e3o resultou em uma implanta\u00e7\u00e3o muito mais r\u00e1pida e eficiente dos conv\u00eanios, proporcionando maior comodidade aos clientes e agilidade \u00e0s operadoras.<\/p>\n\n\n\n<h4 class=\"wp-block-heading has-dark-blue-color has-text-color has-medium-font-size\">2.2- Amplia\u00e7\u00e3o de coberturas pela ANS:<\/h4>\n\n\n\n<p class=\"has-medium-font-size\">A Ag\u00eancia Nacional de Sa\u00fade Suplementar (ANS) tem desempenhado um papel crucial na evolu\u00e7\u00e3o dos <strong>planos de sa\u00fade RJ<\/strong>, implementando novas determina\u00e7\u00f5es que expandem significativamente o escopo de atendimento:<\/p>\n\n\n\n<p class=\"has-medium-font-size\">Novos procedimentos obrigat\u00f3rios: A ANS regularmente atualiza a lista de procedimentos que devem ser cobertos pelos planos de sa\u00fade, garantindo que os usu\u00e1rios tenham acesso a tratamentos mais modernos e eficazes.<\/p>\n\n\n\n<p class=\"has-medium-font-size\">Remo\u00e7\u00e3o de limites para terapias: Uma das mudan\u00e7as mais impactantes foi a elimina\u00e7\u00e3o do limite de sess\u00f5es para diversos tipos de terapias, permitindo que os pacientes recebam o tratamento necess\u00e1rio sem restri\u00e7\u00f5es arbitr\u00e1rias.<\/p>\n\n\n\n<p class=\"has-medium-font-size\">Estas atualiza\u00e7\u00f5es asseguram que os <strong>planos de sa\u00fade no Rio de Janeiro<\/strong> estejam constantemente evoluindo para atender \u00e0s necessidades das fam\u00edlias e empresas que buscam por seguran\u00e7a e bem-estar.<\/p>\n\n\n\n<figure class=\"wp-block-image aligncenter size-full\"><img decoding=\"async\" loading=\"lazy\" width=\"323\" height=\"305\" src=\"https:\/\/consultvida.com.br\/blog\/wp-content\/uploads\/2024\/10\/planos-saude-sorocaba-1.png\" alt=\"modelos de contrata\u00e7\u00e3o dos planos de sa\u00fade RJ\" class=\"wp-image-4827\" srcset=\"https:\/\/consultvida.com.br\/blog\/wp-content\/uploads\/2024\/10\/planos-saude-sorocaba-1.png 323w, https:\/\/consultvida.com.br\/blog\/wp-content\/uploads\/2024\/10\/planos-saude-sorocaba-1-300x283.png 300w\" sizes=\"(max-width: 323px) 100vw, 323px\" \/><\/figure>\n\n\n\n<h3 class=\"wp-block-heading has-text-align-center has-dark-blue-color has-text-color\">3- Modelos de contrata\u00e7\u00e3o para planos de sa\u00fade RJ<\/h3>\n\n\n\n<p class=\"has-medium-font-size\">Para quem busca por <strong>planos de sa\u00fade RJ<\/strong>, \u00e9 importante entender os modelos dispon\u00edveis no mercado, pois isso pode ser sim um fator determinante no pre\u00e7o.<\/p>\n\n\n\n<p class=\"has-medium-font-size\">Empresarial: modelo contratado para quem possui CNPJ, seja ele para s\u00f3cios ou mesmo os funcion\u00e1rios da empresa, sendo hoje o modelo mais barato do mercado.<\/p>\n\n\n\n<p class=\"has-medium-font-size\">Individual: contratados para pessoa f\u00edsica diretamente junto a operadora com seu reajuste limitado ao \u00edndice na ANS.<\/p>\n\n\n\n<p class=\"has-medium-font-size\">Coletivos por ades\u00e3o: s\u00e3o feitos por interm\u00e9dio de administradoras de benef\u00edcios, como por exemplo, a Qualicorp, sendo esses planos o titular precisa se vincular a uma entidade de classe.<\/p>\n\n\n\n<figure class=\"wp-block-image aligncenter size-full\"><img decoding=\"async\" loading=\"lazy\" width=\"323\" height=\"305\" src=\"https:\/\/consultvida.com.br\/blog\/wp-content\/uploads\/2024\/10\/planos-saude-campinas.png\" alt=\"como escolher planos de sa\u00fade RJ\" class=\"wp-image-4813\" srcset=\"https:\/\/consultvida.com.br\/blog\/wp-content\/uploads\/2024\/10\/planos-saude-campinas.png 323w, https:\/\/consultvida.com.br\/blog\/wp-content\/uploads\/2024\/10\/planos-saude-campinas-300x283.png 300w\" sizes=\"(max-width: 323px) 100vw, 323px\" \/><\/figure>\n\n\n\n<h3 class=\"wp-block-heading has-text-align-center has-dark-blue-color has-text-color\">4- Escolhas mais assertivas para planos de sa\u00fade no Rio de Janeiro<\/h3>\n\n\n\n<p class=\"has-medium-font-size\">Esse \u00e9 um ponto muito importante, acredito que seja o processo mais determinante para voc\u00ea contratar um <strong>plano de sa\u00fade no Rio de Janeiro <\/strong>assertivo.<\/p>\n\n\n\n<p class=\"has-medium-font-size\">Ou seja, junto com seu corretor de confian\u00e7a, voc\u00ea deve analisar os detalhes de cada operadora. N\u00e3o deixe de tirar todas suas d\u00favidas com seu corretor antes de assinar um contrato.<\/p>\n\n\n\n<p class=\"has-medium-font-size\">Logicamente, um plano de sa\u00fade ideal deve ter uma rede pr\u00f3xima a sua resid\u00eancia, com car\u00eancias menores e ainda assim um pre\u00e7o que caiba no seu or\u00e7amento. N\u00e3o \u00e9 mesmo?<\/p>\n\n\n\n<p class=\"has-medium-font-size\">Al\u00e9m disso, verificar a qualidade da operadora, suas reclama\u00e7\u00f5es e ainda quais benef\u00edcios agregados o conv\u00eanio vai te oferecer. E voc\u00ea pode contar ainda com nosso apoio pois temos expertise em <strong>conv\u00eanios m\u00e9dicos no Rio de Janeiro<\/strong>.<\/p>\n\n\n\n<h2 class=\"wp-block-heading\">Conv\u00eanios m\u00e9dicos no Rio de Janeiro<\/h2>\n\n\n\n<p class=\"has-medium-font-size\">Agora que voc\u00ea terminou de fazer a leitura sobre os <strong>conv\u00eanios m\u00e9dicos no Rio de Janeiro<\/strong>, chegou a hora de avaliar as melhores operadoras e assim ter a certeza de estar com uma cobertura completa assegurando a prote\u00e7\u00e3o a sua sa\u00fade.<\/p>\n\n\n\n<p class=\"has-medium-font-size\">Em outras palavras, agora voc\u00ea ter\u00e1 a oportunidade de contar com uma ajuda profissional. Por isso, estamos aguardando seu contato para que nossa equipe possa te auxiliar.<\/p>\n\n\n\n<figure class=\"wp-block-image size-full has-custom-border\"><img decoding=\"async\" loading=\"lazy\" width=\"900\" height=\"601\" src=\"https:\/\/consultvida.com.br\/blog\/wp-content\/uploads\/2024\/08\/susto-saude.jpg\" alt=\"Contratei errado meu plano de sa\u00fade no Rio de Janeiro\" class=\"wp-image-5035\" style=\"border-top-left-radius:20px;border-top-right-radius:20px;border-bottom-left-radius:20px;border-bottom-right-radius:20px\" srcset=\"https:\/\/consultvida.com.br\/blog\/wp-content\/uploads\/2024\/08\/susto-saude.jpg 900w, https:\/\/consultvida.com.br\/blog\/wp-content\/uploads\/2024\/08\/susto-saude-300x200.jpg 300w, https:\/\/consultvida.com.br\/blog\/wp-content\/uploads\/2024\/08\/susto-saude-768x513.jpg 768w\" sizes=\"(max-width: 900px) 100vw, 900px\" \/><\/figure>\n\n\n\n<h2 class=\"wp-block-heading\">E agora!!! Contratei errado meu plano de sa\u00fade no Rio de Janeiro<\/h2>\n\n\n\n<p class=\"has-medium-font-size\">\u00c9 comum encontrarmos clientes insatisfeitos no Rio de Janeiro ap\u00f3s escolherem um plano de sa\u00fade inadequado, sendo surpreendidos com detalhes que n\u00e3o foram informados.<\/p>\n\n\n\n<p class=\"has-medium-font-size\">Por isso, tenha sempre em mente que uma corretora s\u00e9ria e experiente \u00e9 a chave para o sucesso na contrata\u00e7\u00e3o de conv\u00eanios m\u00e9dicos no Rio de Janeiro.<\/p>\n\n\n\n<p class=\"has-medium-font-size\">Sem mais delongas, vamos entender alguns pontos muito comuns numa contrata\u00e7\u00e3o.<\/p>\n\n\n\n<h3 class=\"wp-block-heading has-dark-blue-color has-text-color\">Contratei um plano de sa\u00fade para meu filho autista no Rio de Janeiro e n\u00e3o fui informada das car\u00eancias para terapias<\/h3>\n\n\n\n<p class=\"has-medium-font-size\">Essa \u00e9 uma discuss\u00e3o muito importante para quem busca um <strong>plano de sa\u00fade RJ<\/strong> e possui um filho com autismo.<\/p>\n\n\n\n<p class=\"has-medium-font-size\">Isso porque, as operadoras devido ao alto sinistro de custos das terapias, est\u00e3o colocando car\u00eancias de 6 meses para sess\u00f5es de terapias.<\/p>\n\n\n\n<p class=\"has-medium-font-size\">Assim posto, \u00e9 importante que a fam\u00edlia entenda sobre essas car\u00eancias, para conciliar o custo do plano de sa\u00fade no Rio de Janeiro, mais as terapias que ter\u00e3o que arcar no particular durante os 6 primeiros meses.<\/p>\n\n\n\n<h3 class=\"wp-block-heading has-dark-blue-color has-text-color\">Contratei um plano de sa\u00fade familiar RJ e depois descobri que poderia economizar at\u00e9 40% pelo meu MEI<\/h3>\n\n\n\n<p class=\"has-medium-font-size\">Sim, empresas MEI entram no modelo empresarial para <strong>planos de sa\u00fade no Rio de Janeiro<\/strong>, com valores bem mais atrativos.<\/p>\n\n\n\n<p class=\"has-medium-font-size\">Assim, tenha sempre uma corretora que seja experiente no segmento da sa\u00fade, para que possa te oferecer as op\u00e7\u00f5es mais vantajosas.<\/p>\n\n\n\n<p class=\"has-medium-font-size\">Evite contratar um plano de sa\u00fade RJ em qualquer lugar que encontrar na internet, analise bem a estrutura da corretora e tempo de mercado.<\/p>\n\n\n\n<h3 class=\"wp-block-heading has-dark-blue-color has-text-color\">Meu plano de sa\u00fade no Rio de Janeiro com coparticipa\u00e7\u00e3o veio uma fortuna esse m\u00eas na minha fatura<\/h3>\n\n\n\n<p class=\"has-medium-font-size\">Nesse caso voc\u00ea optou pelo modelo de coparticipa\u00e7\u00e3o no <strong>plano de sa\u00fade no Rio de Janeiro<\/strong>, mas n\u00e3o se atentou nos valores das taxas.<\/p>\n\n\n\n<p class=\"has-medium-font-size\">Escolher um plano de sa\u00fade RJ com coparticipa\u00e7\u00e3o pode resultar em surpresas na fatura mensal se os valores das taxas n\u00e3o forem claramente entendidos.<\/p>\n\n\n\n<p class=\"has-medium-font-size\">Ainda assim, \u00e9 importante entender que algumas operadoras possuem teto m\u00e1ximo de coparticipa\u00e7\u00e3o, sendo muito mais vantajosos pela sua seguran\u00e7a.<\/p>\n\n\n\n<p class=\"has-medium-font-size\">Ou seja, de novo vamos entrar no mesmo ponto. Voc\u00ea teve uma explica\u00e7\u00e3o detalhada sobre as taxas do seu corretor antes de assinar o contrato?<\/p>\n\n\n\n<h3 class=\"wp-block-heading has-dark-blue-color has-text-color\">Contratei um plano de sa\u00fade RJ e n\u00e3o gostei, o que posso fazer agora?<\/h3>\n\n\n\n<p class=\"has-medium-font-size\">Bom, vai depender muito da operadora e modelo de contrata\u00e7\u00e3o que voc\u00ea assinou seu conv\u00eanio m\u00e9dico no Rio de Janeiro.<\/p>\n\n\n\n<p class=\"has-medium-font-size\">Isso porque, alguns contratos exigem muita quando cancelados antes de 1 ano, e cancelar no in\u00edcio pode acarretar em multa bem elevada.<\/p>\n\n\n\n<p class=\"has-medium-font-size\">Ou seja, quando for contratar <strong>planos de sa\u00fade no Rio de Janeiro<\/strong>, fale com nossa equipe. \u00c9 crucial discutir todas as condi\u00e7\u00f5es com nossos especialistas antes de tomar uma decis\u00e3o.<\/p>\n\n\n\n<p class=\"has-medium-font-size\">A Consult Vida \u00e9 uma corretora s\u00e9ria e transparente com seus clientes. Analisamos sempre a melhor escolha para sua empresa ou fam\u00edlia.<\/p>\n\n\n\n<figure class=\"wp-block-image aligncenter size-full\"><img decoding=\"async\" loading=\"lazy\" width=\"323\" height=\"305\" src=\"https:\/\/consultvida.com.br\/blog\/wp-content\/uploads\/2024\/10\/plano-saude-familiar.jpg\" alt=\"Plano de sa\u00fade familiar no Rio de Janeiro\" class=\"wp-image-5136\" srcset=\"https:\/\/consultvida.com.br\/blog\/wp-content\/uploads\/2024\/10\/plano-saude-familiar.jpg 323w, https:\/\/consultvida.com.br\/blog\/wp-content\/uploads\/2024\/10\/plano-saude-familiar-300x283.jpg 300w\" sizes=\"(max-width: 323px) 100vw, 323px\" \/><\/figure>\n\n\n\n<h2 class=\"wp-block-heading\">Plano de sa\u00fade familiar no Rio de Janeiro<\/h2>\n\n\n\n<p>Os&nbsp;<strong>planos de sa\u00fade familiar no Rio de Janeiro<\/strong>&nbsp;s\u00e3o solu\u00e7\u00f5es ideais para quem deseja incluir familiares como dependentes em um \u00fanico contrato. <\/p>\n\n\n\n<p>Ou seja, este tipo de plano permite que um titular adicione membros da fam\u00edlia, proporcionando uma forma econ\u00f4mica e pr\u00e1tica de cuidar da sa\u00fade de todos.<\/p>\n\n\n\n<h3 class=\"wp-block-heading has-dark-blue-color has-text-color\">Vantagens do plano familiar RJ<\/h3>\n\n\n\n<p>Imagine a seguinte situa\u00e7\u00e3o: um membro da fam\u00edlia que possui uma empresa, mesmo que seja um Microempreendedor Individual (MEI), pode usar seu CNPJ para contratar um plano de sa\u00fade empresarial, incluindo os familiares como dependentes. <\/p>\n\n\n\n<p>Assim, este m\u00e9todo \u00e9 uma maneira inteligente de reduzir custos com <strong>conv\u00eanios m\u00e9dicos no Rio de Janeiro<\/strong>.<\/p>\n\n\n\n<figure class=\"wp-block-image aligncenter size-full\"><img decoding=\"async\" loading=\"lazy\" width=\"323\" height=\"305\" src=\"https:\/\/consultvida.com.br\/blog\/wp-content\/uploads\/2024\/10\/plano-saude-pj.jpg\" alt=\"Plano de sa\u00fade PJ no Rio de Janeiro\" class=\"wp-image-5137\" srcset=\"https:\/\/consultvida.com.br\/blog\/wp-content\/uploads\/2024\/10\/plano-saude-pj.jpg 323w, https:\/\/consultvida.com.br\/blog\/wp-content\/uploads\/2024\/10\/plano-saude-pj-300x283.jpg 300w\" sizes=\"(max-width: 323px) 100vw, 323px\" \/><\/figure>\n\n\n\n<h2 class=\"wp-block-heading\">Plano de sa\u00fade PJ no Rio de Janeiro<\/h2>\n\n\n\n<p>Nos \u00faltimos anos, muitos profissionais t\u00eam migrado para o regime de Pessoa Jur\u00eddica (PJ) no Rio de Janeiro. Isso se deve ao aumento das oportunidades de trabalho que exigem o registro como PJ, muitas vezes atrav\u00e9s do MEI. <\/p>\n\n\n\n<p>Neste contexto, o&nbsp;<strong>plano de sa\u00fade PJ no Rio de Janeiro<\/strong>&nbsp;se destaca por oferecer condi\u00e7\u00f5es competitivas e vantajosas.<\/p>\n\n\n\n<h3 class=\"wp-block-heading has-dark-blue-color has-text-color\">Benef\u00edcios do plano de sa\u00fade empresarial RJ<\/h3>\n\n\n\n<p>Optar por um <strong>plano de sa\u00fade empresarial no Rio de Janeiro<\/strong> se traduz em economia e abrang\u00eancia de cobertura. <\/p>\n\n\n\n<p>Al\u00e9m disso, nossa corretora tem visto um crescimento na demanda por esses planos, \u00e0 medida que mais pessoas reconhecem suas vantagens.<\/p>\n\n\n\n<figure class=\"wp-block-image aligncenter size-full\"><img decoding=\"async\" loading=\"lazy\" width=\"323\" height=\"305\" src=\"https:\/\/consultvida.com.br\/blog\/wp-content\/uploads\/2024\/10\/plano-saude-idoso.jpg\" alt=\"Plano de Sa\u00fade para idosos no Rio de Janeiro\" class=\"wp-image-5138\" srcset=\"https:\/\/consultvida.com.br\/blog\/wp-content\/uploads\/2024\/10\/plano-saude-idoso.jpg 323w, https:\/\/consultvida.com.br\/blog\/wp-content\/uploads\/2024\/10\/plano-saude-idoso-300x283.jpg 300w\" sizes=\"(max-width: 323px) 100vw, 323px\" \/><\/figure>\n\n\n\n<h2 class=\"wp-block-heading\">Plano de Sa\u00fade para idosos no Rio de Janeiro<\/h2>\n\n\n\n<p>Com o envelhecimento da popula\u00e7\u00e3o brasileira, a busca por&nbsp;<strong>planos de sa\u00fade para idosos no Rio de Janeiro<\/strong>&nbsp;aumentou consideravelmente.<\/p>\n\n\n\n<p>Dados indicam que a parcela da popula\u00e7\u00e3o com 65 anos ou mais est\u00e1 crescendo, e nossa corretora tem acompanhado esse movimento.<\/p>\n\n\n\n<h3 class=\"wp-block-heading has-dark-blue-color has-text-color\">Atendimento especializado para a terceira idade<\/h3>\n\n\n\n<p>Nossa equipe passou por treinamentos especializados para oferecer os melhores planos para idosos, assegurando que as necessidades dessa faixa et\u00e1ria sejam plenamente atendidas.<\/p>\n\n\n\n<figure class=\"wp-block-image aligncenter size-full\"><img decoding=\"async\" loading=\"lazy\" width=\"323\" height=\"305\" src=\"https:\/\/consultvida.com.br\/blog\/wp-content\/uploads\/2024\/10\/plano-saude-diplomado.jpg\" alt=\"Plano de Sa\u00fade para diplomados no Rio de Janeiro\" class=\"wp-image-5139\" srcset=\"https:\/\/consultvida.com.br\/blog\/wp-content\/uploads\/2024\/10\/plano-saude-diplomado.jpg 323w, https:\/\/consultvida.com.br\/blog\/wp-content\/uploads\/2024\/10\/plano-saude-diplomado-300x283.jpg 300w\" sizes=\"(max-width: 323px) 100vw, 323px\" \/><\/figure>\n\n\n\n<h2 class=\"wp-block-heading\">Plano de Sa\u00fade para diplomados no Rio de Janeiro<\/h2>\n\n\n\n<p>Encontrar um plano de sa\u00fade que ofere\u00e7a acesso a hospitais de alta qualidade no Rio de Janeiro pode ser desafiador, especialmente nos planos individuais.<\/p>\n\n\n\n<p>Entretanto, alternativas como as administradoras de planos, como a Qualicorp, oferecem \u00f3timas op\u00e7\u00f5es para&nbsp;<strong>diplomados<\/strong>.<\/p>\n\n\n\n<h3 class=\"wp-block-heading has-dark-blue-color has-text-color\">Benef\u00edcios para diplomados no RJ<\/h3>\n\n\n\n<p>Diplomados podem acessar planos de sa\u00fade premium sem a necessidade de um CNPJ, embora haja limita\u00e7\u00f5es de idade para contrata\u00e7\u00e3o, geralmente at\u00e9 os 64 anos. <\/p>\n\n\n\n<p>Essa \u00e9 uma excelente solu\u00e7\u00e3o para quem busca qualidade e cobertura abrangente.<\/p>\n","protected":false},"excerpt":{"rendered":"<p>Para sua empresa ou fam\u00edlia que busca por bons planos de sa\u00fade Rio de Janeiro, [&hellip;]<\/p>\n","protected":false},"author":1,"featured_media":4136,"comment_status":"closed","ping_status":"closed","sticky":false,"template":"","format":"standard","meta":[],"categories":[3],"tags":[],"yoast_head":"<!-- This site is optimized with the Yoast SEO plugin v21.0 - https:\/\/yoast.com\/wordpress\/plugins\/seo\/ -->\n<title>Planos de sa\u00fade Rio de Janeiro (9 melhores planos de sa\u00fade RJ)<\/title>\n<meta name=\"description\" content=\"Conhe\u00e7a os 9 melhores planos de Sa\u00fade Rio de Janeiro, conhe\u00e7a os conv\u00eanios m\u00e9dicos empresarial RJ com menor custo. Simule aqui!\" \/>\n<meta name=\"robots\" content=\"index, follow, max-snippet:-1, max-image-preview:large, max-video-preview:-1\" \/>\n<link rel=\"canonical\" href=\"https:\/\/consultvida.com.br\/blog\/planos-saude-rio-janeiro\/\" \/>\n<meta property=\"og:locale\" content=\"pt_BR\" \/>\n<meta property=\"og:type\" content=\"article\" \/>\n<meta property=\"og:title\" content=\"Planos de sa\u00fade Rio de Janeiro (9 melhores planos de sa\u00fade RJ)\" \/>\n<meta property=\"og:description\" content=\"Conhe\u00e7a os 9 melhores planos de Sa\u00fade Rio de Janeiro, conhe\u00e7a os conv\u00eanios m\u00e9dicos empresarial RJ com menor custo. Simule aqui!\" \/>\n<meta property=\"og:url\" content=\"https:\/\/consultvida.com.br\/blog\/planos-saude-rio-janeiro\/\" \/>\n<meta property=\"og:site_name\" content=\"Planos de Sa\u00fade em S\u00e3o Paulo, Planos de Sa\u00fade SP\" \/>\n<meta property=\"article:published_time\" content=\"2025-01-19T17:01:41+00:00\" \/>\n<meta property=\"article:modified_time\" content=\"2025-01-19T17:01:44+00:00\" \/>\n<meta property=\"og:image\" content=\"https:\/\/consultvida.com.br\/blog\/wp-content\/uploads\/2024\/07\/planosaude6.jpg\" \/>\n\t<meta property=\"og:image:width\" content=\"900\" \/>\n\t<meta property=\"og:image:height\" content=\"600\" \/>\n\t<meta property=\"og:image:type\" content=\"image\/jpeg\" \/>\n<meta name=\"author\" content=\"saudeconsultvida\" \/>\n<meta name=\"twitter:card\" content=\"summary_large_image\" \/>\n<meta name=\"twitter:label1\" content=\"Escrito por\" \/>\n\t<meta name=\"twitter:data1\" content=\"saudeconsultvida\" \/>\n\t<meta name=\"twitter:label2\" content=\"Est. tempo de leitura\" \/>\n\t<meta name=\"twitter:data2\" content=\"42 minutos\" \/>\n<script type=\"application\/ld+json\" class=\"yoast-schema-graph\">{\"@context\":\"https:\/\/schema.org\",\"@graph\":[{\"@type\":\"Article\",\"@id\":\"https:\/\/consultvida.com.br\/blog\/planos-saude-rio-janeiro\/#article\",\"isPartOf\":{\"@id\":\"https:\/\/consultvida.com.br\/blog\/planos-saude-rio-janeiro\/\"},\"author\":{\"name\":\"saudeconsultvida\",\"@id\":\"https:\/\/consultvida.com.br\/blog\/#\/schema\/person\/82250e6ae90dcc5379de81d08e738f7c\"},\"headline\":\"Planos de sa\u00fade Rio de Janeiro (9 melhores planos de sa\u00fade RJ)\",\"datePublished\":\"2025-01-19T17:01:41+00:00\",\"dateModified\":\"2025-01-19T17:01:44+00:00\",\"mainEntityOfPage\":{\"@id\":\"https:\/\/consultvida.com.br\/blog\/planos-saude-rio-janeiro\/\"},\"wordCount\":7099,\"publisher\":{\"@id\":\"https:\/\/consultvida.com.br\/blog\/#organization\"},\"articleSection\":[\"planos de sa\u00fade\"],\"inLanguage\":\"pt-BR\"},{\"@type\":\"WebPage\",\"@id\":\"https:\/\/consultvida.com.br\/blog\/planos-saude-rio-janeiro\/\",\"url\":\"https:\/\/consultvida.com.br\/blog\/planos-saude-rio-janeiro\/\",\"name\":\"Planos de sa\u00fade Rio de Janeiro (9 melhores planos de sa\u00fade RJ)\",\"isPartOf\":{\"@id\":\"https:\/\/consultvida.com.br\/blog\/#website\"},\"datePublished\":\"2025-01-19T17:01:41+00:00\",\"dateModified\":\"2025-01-19T17:01:44+00:00\",\"description\":\"Conhe\u00e7a os 9 melhores planos de Sa\u00fade Rio de Janeiro, conhe\u00e7a os conv\u00eanios m\u00e9dicos empresarial RJ com menor custo. Simule aqui!\",\"breadcrumb\":{\"@id\":\"https:\/\/consultvida.com.br\/blog\/planos-saude-rio-janeiro\/#breadcrumb\"},\"inLanguage\":\"pt-BR\",\"potentialAction\":[{\"@type\":\"ReadAction\",\"target\":[\"https:\/\/consultvida.com.br\/blog\/planos-saude-rio-janeiro\/\"]}]},{\"@type\":\"BreadcrumbList\",\"@id\":\"https:\/\/consultvida.com.br\/blog\/planos-saude-rio-janeiro\/#breadcrumb\",\"itemListElement\":[{\"@type\":\"ListItem\",\"position\":1,\"name\":\"In\u00edcio\",\"item\":\"https:\/\/consultvida.com.br\/blog\/\"},{\"@type\":\"ListItem\",\"position\":2,\"name\":\"Planos de sa\u00fade Rio de Janeiro (9 melhores planos de sa\u00fade RJ)\"}]},{\"@type\":\"WebSite\",\"@id\":\"https:\/\/consultvida.com.br\/blog\/#website\",\"url\":\"https:\/\/consultvida.com.br\/blog\/\",\"name\":\"Planos de Sa\u00fade em S\u00e3o Paulo, Planos de Sa\u00fade SP\",\"description\":\"Simular Planos de Sa\u00fade em S\u00e3o Paulo\",\"publisher\":{\"@id\":\"https:\/\/consultvida.com.br\/blog\/#organization\"},\"potentialAction\":[{\"@type\":\"SearchAction\",\"target\":{\"@type\":\"EntryPoint\",\"urlTemplate\":\"https:\/\/consultvida.com.br\/blog\/?s={search_term_string}\"},\"query-input\":\"required name=search_term_string\"}],\"inLanguage\":\"pt-BR\"},{\"@type\":\"Organization\",\"@id\":\"https:\/\/consultvida.com.br\/blog\/#organization\",\"name\":\"Planos de Sa\u00fade em S\u00e3o Paulo, Planos de Sa\u00fade SP\",\"url\":\"https:\/\/consultvida.com.br\/blog\/\",\"logo\":{\"@type\":\"ImageObject\",\"inLanguage\":\"pt-BR\",\"@id\":\"https:\/\/consultvida.com.br\/blog\/#\/schema\/logo\/image\/\",\"url\":\"https:\/\/consultvida.com.br\/blog\/wp-content\/uploads\/2024\/10\/logo-15anos.jpg\",\"contentUrl\":\"https:\/\/consultvida.com.br\/blog\/wp-content\/uploads\/2024\/10\/logo-15anos.jpg\",\"width\":317,\"height\":115,\"caption\":\"Planos de Sa\u00fade em S\u00e3o Paulo, Planos de Sa\u00fade SP\"},\"image\":{\"@id\":\"https:\/\/consultvida.com.br\/blog\/#\/schema\/logo\/image\/\"}},{\"@type\":\"Person\",\"@id\":\"https:\/\/consultvida.com.br\/blog\/#\/schema\/person\/82250e6ae90dcc5379de81d08e738f7c\",\"name\":\"saudeconsultvida\",\"image\":{\"@type\":\"ImageObject\",\"inLanguage\":\"pt-BR\",\"@id\":\"https:\/\/consultvida.com.br\/blog\/#\/schema\/person\/image\/\",\"url\":\"https:\/\/secure.gravatar.com\/avatar\/ed1677e671fcc8fb0ce8b05b9a2d754b?s=96&d=mm&r=g\",\"contentUrl\":\"https:\/\/secure.gravatar.com\/avatar\/ed1677e671fcc8fb0ce8b05b9a2d754b?s=96&d=mm&r=g\",\"caption\":\"saudeconsultvida\"},\"description\":\"A Consult Vida \u00e9 uma corretora de benef\u00edcios especializada em Conv\u00eanios M\u00e9dicos Empresarial e PF, Odontol\u00f3gicos e Seguros de Vida. Somos credenciados nas operadoras de planos de sa\u00fade com os melhores custos do mercado.\",\"sameAs\":[\"https:\/\/consultvida.com.br\"],\"url\":\"https:\/\/consultvida.com.br\/blog\/author\/saudeconsultvida\/\"}]}<\/script>\n<!-- \/ Yoast SEO plugin. -->","yoast_head_json":{"title":"Planos de sa\u00fade Rio de Janeiro (9 melhores planos de sa\u00fade RJ)","description":"Conhe\u00e7a os 9 melhores planos de Sa\u00fade Rio de Janeiro, conhe\u00e7a os conv\u00eanios m\u00e9dicos empresarial RJ com menor custo. Simule aqui!","robots":{"index":"index","follow":"follow","max-snippet":"max-snippet:-1","max-image-preview":"max-image-preview:large","max-video-preview":"max-video-preview:-1"},"canonical":"https:\/\/consultvida.com.br\/blog\/planos-saude-rio-janeiro\/","og_locale":"pt_BR","og_type":"article","og_title":"Planos de sa\u00fade Rio de Janeiro (9 melhores planos de sa\u00fade RJ)","og_description":"Conhe\u00e7a os 9 melhores planos de Sa\u00fade Rio de Janeiro, conhe\u00e7a os conv\u00eanios m\u00e9dicos empresarial RJ com menor custo. Simule aqui!","og_url":"https:\/\/consultvida.com.br\/blog\/planos-saude-rio-janeiro\/","og_site_name":"Planos de Sa\u00fade em S\u00e3o Paulo, Planos de Sa\u00fade SP","article_published_time":"2025-01-19T17:01:41+00:00","article_modified_time":"2025-01-19T17:01:44+00:00","og_image":[{"width":900,"height":600,"url":"https:\/\/consultvida.com.br\/blog\/wp-content\/uploads\/2024\/07\/planosaude6.jpg","type":"image\/jpeg"}],"author":"saudeconsultvida","twitter_card":"summary_large_image","twitter_misc":{"Escrito por":"saudeconsultvida","Est. tempo de leitura":"42 minutos"},"schema":{"@context":"https:\/\/schema.org","@graph":[{"@type":"Article","@id":"https:\/\/consultvida.com.br\/blog\/planos-saude-rio-janeiro\/#article","isPartOf":{"@id":"https:\/\/consultvida.com.br\/blog\/planos-saude-rio-janeiro\/"},"author":{"name":"saudeconsultvida","@id":"https:\/\/consultvida.com.br\/blog\/#\/schema\/person\/82250e6ae90dcc5379de81d08e738f7c"},"headline":"Planos de sa\u00fade Rio de Janeiro (9 melhores planos de sa\u00fade RJ)","datePublished":"2025-01-19T17:01:41+00:00","dateModified":"2025-01-19T17:01:44+00:00","mainEntityOfPage":{"@id":"https:\/\/consultvida.com.br\/blog\/planos-saude-rio-janeiro\/"},"wordCount":7099,"publisher":{"@id":"https:\/\/consultvida.com.br\/blog\/#organization"},"articleSection":["planos de sa\u00fade"],"inLanguage":"pt-BR"},{"@type":"WebPage","@id":"https:\/\/consultvida.com.br\/blog\/planos-saude-rio-janeiro\/","url":"https:\/\/consultvida.com.br\/blog\/planos-saude-rio-janeiro\/","name":"Planos de sa\u00fade Rio de Janeiro (9 melhores planos de sa\u00fade RJ)","isPartOf":{"@id":"https:\/\/consultvida.com.br\/blog\/#website"},"datePublished":"2025-01-19T17:01:41+00:00","dateModified":"2025-01-19T17:01:44+00:00","description":"Conhe\u00e7a os 9 melhores planos de Sa\u00fade Rio de Janeiro, conhe\u00e7a os conv\u00eanios m\u00e9dicos empresarial RJ com menor custo. Simule aqui!","breadcrumb":{"@id":"https:\/\/consultvida.com.br\/blog\/planos-saude-rio-janeiro\/#breadcrumb"},"inLanguage":"pt-BR","potentialAction":[{"@type":"ReadAction","target":["https:\/\/consultvida.com.br\/blog\/planos-saude-rio-janeiro\/"]}]},{"@type":"BreadcrumbList","@id":"https:\/\/consultvida.com.br\/blog\/planos-saude-rio-janeiro\/#breadcrumb","itemListElement":[{"@type":"ListItem","position":1,"name":"In\u00edcio","item":"https:\/\/consultvida.com.br\/blog\/"},{"@type":"ListItem","position":2,"name":"Planos de sa\u00fade Rio de Janeiro (9 melhores planos de sa\u00fade RJ)"}]},{"@type":"WebSite","@id":"https:\/\/consultvida.com.br\/blog\/#website","url":"https:\/\/consultvida.com.br\/blog\/","name":"Planos de Sa\u00fade em S\u00e3o Paulo, Planos de Sa\u00fade SP","description":"Simular Planos de Sa\u00fade em S\u00e3o Paulo","publisher":{"@id":"https:\/\/consultvida.com.br\/blog\/#organization"},"potentialAction":[{"@type":"SearchAction","target":{"@type":"EntryPoint","urlTemplate":"https:\/\/consultvida.com.br\/blog\/?s={search_term_string}"},"query-input":"required name=search_term_string"}],"inLanguage":"pt-BR"},{"@type":"Organization","@id":"https:\/\/consultvida.com.br\/blog\/#organization","name":"Planos de Sa\u00fade em S\u00e3o Paulo, Planos de Sa\u00fade SP","url":"https:\/\/consultvida.com.br\/blog\/","logo":{"@type":"ImageObject","inLanguage":"pt-BR","@id":"https:\/\/consultvida.com.br\/blog\/#\/schema\/logo\/image\/","url":"https:\/\/consultvida.com.br\/blog\/wp-content\/uploads\/2024\/10\/logo-15anos.jpg","contentUrl":"https:\/\/consultvida.com.br\/blog\/wp-content\/uploads\/2024\/10\/logo-15anos.jpg","width":317,"height":115,"caption":"Planos de Sa\u00fade em S\u00e3o Paulo, Planos de Sa\u00fade SP"},"image":{"@id":"https:\/\/consultvida.com.br\/blog\/#\/schema\/logo\/image\/"}},{"@type":"Person","@id":"https:\/\/consultvida.com.br\/blog\/#\/schema\/person\/82250e6ae90dcc5379de81d08e738f7c","name":"saudeconsultvida","image":{"@type":"ImageObject","inLanguage":"pt-BR","@id":"https:\/\/consultvida.com.br\/blog\/#\/schema\/person\/image\/","url":"https:\/\/secure.gravatar.com\/avatar\/ed1677e671fcc8fb0ce8b05b9a2d754b?s=96&d=mm&r=g","contentUrl":"https:\/\/secure.gravatar.com\/avatar\/ed1677e671fcc8fb0ce8b05b9a2d754b?s=96&d=mm&r=g","caption":"saudeconsultvida"},"description":"A Consult Vida \u00e9 uma corretora de benef\u00edcios especializada em Conv\u00eanios M\u00e9dicos Empresarial e PF, Odontol\u00f3gicos e Seguros de Vida. Somos credenciados nas operadoras de planos de sa\u00fade com os melhores custos do mercado.","sameAs":["https:\/\/consultvida.com.br"],"url":"https:\/\/consultvida.com.br\/blog\/author\/saudeconsultvida\/"}]}},"_links":{"self":[{"href":"https:\/\/consultvida.com.br\/blog\/wp-json\/wp\/v2\/posts\/4420"}],"collection":[{"href":"https:\/\/consultvida.com.br\/blog\/wp-json\/wp\/v2\/posts"}],"about":[{"href":"https:\/\/consultvida.com.br\/blog\/wp-json\/wp\/v2\/types\/post"}],"author":[{"embeddable":true,"href":"https:\/\/consultvida.com.br\/blog\/wp-json\/wp\/v2\/users\/1"}],"replies":[{"embeddable":true,"href":"https:\/\/consultvida.com.br\/blog\/wp-json\/wp\/v2\/comments?post=4420"}],"version-history":[{"count":19,"href":"https:\/\/consultvida.com.br\/blog\/wp-json\/wp\/v2\/posts\/4420\/revisions"}],"predecessor-version":[{"id":5465,"href":"https:\/\/consultvida.com.br\/blog\/wp-json\/wp\/v2\/posts\/4420\/revisions\/5465"}],"wp:featuredmedia":[{"embeddable":true,"href":"https:\/\/consultvida.com.br\/blog\/wp-json\/wp\/v2\/media\/4136"}],"wp:attachment":[{"href":"https:\/\/consultvida.com.br\/blog\/wp-json\/wp\/v2\/media?parent=4420"}],"wp:term":[{"taxonomy":"category","embeddable":true,"href":"https:\/\/consultvida.com.br\/blog\/wp-json\/wp\/v2\/categories?post=4420"},{"taxonomy":"post_tag","embeddable":true,"href":"https:\/\/consultvida.com.br\/blog\/wp-json\/wp\/v2\/tags?post=4420"}],"curies":[{"name":"wp","href":"https:\/\/api.w.org\/{rel}","templated":true}]}}